{"id":1452,"date":"2016-05-07T11:14:24","date_gmt":"2016-05-07T09:14:24","guid":{"rendered":"http:\/\/tmp.warp-poligon.info\/si\/?p=1452"},"modified":"2016-07-04T09:36:50","modified_gmt":"2016-07-04T07:36:50","slug":"slavnostni-koncert-vecer-slovenske-glasbe-ob-25-obletnici-dneva-drzavnosti","status":"publish","type":"post","link":"http:\/\/tmp.warp-poligon.info\/si\/slavnostni-koncert-vecer-slovenske-glasbe-ob-25-obletnici-dneva-drzavnosti\/","title":{"rendered":"Slavnostni koncert \u2013 ve\u010der slovenske glasbe ob 25. obletnici dneva dr\u017eavnosti"},"content":{"rendered":"<p style=\"text-align: justify\">Zagreb \u00a0&#8211; \u00a0 \u00a0V Hrva\u0161kem glasbenem zavodu je ob praznovanju 25. obletnice dneva dr\u017eavnosti Republike Hrva\u0161ke in Republike Slovenije potekal slavnostni koncert, s katerim je bila obele\u017eena tudi 25. obletnica Hrva\u0161kega komornega orkestra. Program na ve\u010deru slovenske glasbe so sestavljala le dela vidnih sodobnej\u0161ih slovenskih skladateljev: <em>Serenada za komorni orkester <\/em>Benjamina Ipavca, <em>Koncert za violino in orkester<\/em>\u00a0 \u010crta Sojarja Voglarja,<em> Sedem miniatur za godala<\/em> Marjana Lipov\u0161ka, <em>Slovenski ljudski ples za godala<\/em> Alojza Srebotnjaka in <em>Istrska suita za godala<\/em> Alda Kumarja.<\/p>\n<p style=\"text-align: justify\">Solist na violini je bil priznani slovenski violinist <strong>Janez Podlesek<\/strong>, vzorno izvedbo Hrva\u0161kega komornega orkestra z zelo zahtevno partituro skladateljev je suvereno vodil dirigent <strong>Simon Kre\u010di\u010d<\/strong>. Izvrsten in lepo pripravljen koncert z odli\u010dnim in usklajeno izvajanim zvokom je te\u017eko opisati, vredno pa ga je bilo do\u017eiveti.<br \/>\nKoncerta se je udele\u017eila tudi veleposlanica Republike Slovenije na Hrva\u0161kem <strong>Smiljana Knez<\/strong> s sodelavci. (akm), foto: Toni Hnoj\u010dik<\/p>\n<div id=\"attachment_1446\" style=\"width: 310px\" class=\"wp-caption aligncenter\"><a href=\"http:\/\/tmp.warp-poligon.info\/si\/wp-content\/uploads\/sites\/2\/2016\/05\/Vecer_slovenske_glazbe_2_foto_Toni_Hnoj\u010dik.jpg\"><img decoding=\"async\" aria-describedby=\"caption-attachment-1446\" class=\"wp-image-1446 size-medium\" src=\"http:\/\/tmp.warp-poligon.info\/si\/wp-content\/uploads\/sites\/2\/2016\/05\/Vecer_slovenske_glazbe_2_foto_Toni_Hnoj\u010dik-300x156.jpg\" alt=\"Vecer_slovenske_glazbe_2_foto_Toni_Hnoj\u010dik\" width=\"300\" height=\"156\" srcset=\"http:\/\/tmp.warp-poligon.info\/si\/wp-content\/uploads\/sites\/2\/2016\/05\/Vecer_slovenske_glazbe_2_foto_Toni_Hnoj\u010dik-300x156.jpg 300w, http:\/\/tmp.warp-poligon.info\/si\/wp-content\/uploads\/sites\/2\/2016\/05\/Vecer_slovenske_glazbe_2_foto_Toni_Hnoj\u010dik-1024x534.jpg 1024w, http:\/\/tmp.warp-poligon.info\/si\/wp-content\/uploads\/sites\/2\/2016\/05\/Vecer_slovenske_glazbe_2_foto_Toni_Hnoj\u010dik.jpg 1600w\" sizes=\"(max-width: 300px) 100vw, 300px\" \/><\/a><p id=\"caption-attachment-1446\" class=\"wp-caption-text\">Hrva\u0161ki komorni orkester.<\/p><\/div>\n<div id=\"attachment_1449\" style=\"width: 310px\" class=\"wp-caption aligncenter\"><a href=\"http:\/\/tmp.warp-poligon.info\/si\/wp-content\/uploads\/sites\/2\/2016\/05\/Vecer_slovenske_glazbe_5_foto_Toni_Hnoj\u010dik.jpg\"><img decoding=\"async\" aria-describedby=\"caption-attachment-1449\" class=\"wp-image-1449 size-medium\" src=\"http:\/\/tmp.warp-poligon.info\/si\/wp-content\/uploads\/sites\/2\/2016\/05\/Vecer_slovenske_glazbe_5_foto_Toni_Hnoj\u010dik-300x214.jpg\" alt=\"Vecer_slovenske_glazbe_5_foto_Toni_Hnoj\u010dik\" width=\"300\" height=\"214\" srcset=\"http:\/\/tmp.warp-poligon.info\/si\/wp-content\/uploads\/sites\/2\/2016\/05\/Vecer_slovenske_glazbe_5_foto_Toni_Hnoj\u010dik-300x214.jpg 300w, http:\/\/tmp.warp-poligon.info\/si\/wp-content\/uploads\/sites\/2\/2016\/05\/Vecer_slovenske_glazbe_5_foto_Toni_Hnoj\u010dik-1024x731.jpg 1024w, http:\/\/tmp.warp-poligon.info\/si\/wp-content\/uploads\/sites\/2\/2016\/05\/Vecer_slovenske_glazbe_5_foto_Toni_Hnoj\u010dik.jpg 1600w\" sizes=\"(max-width: 300px) 100vw, 300px\" \/><\/a><p id=\"caption-attachment-1449\" class=\"wp-caption-text\">Violinist Janez Podlesek.<\/p><\/div>\n<p><a href=\"http:\/\/tmp.warp-poligon.info\/si\/wp-content\/uploads\/sites\/2\/2016\/05\/Vecer_slovenske_glazbe_1_foto_Toni_Hnoj\u010dik.jpg\"><img decoding=\"async\" class=\"aligncenter wp-image-1445 size-medium\" src=\"http:\/\/tmp.warp-poligon.info\/si\/wp-content\/uploads\/sites\/2\/2016\/05\/Vecer_slovenske_glazbe_1_foto_Toni_Hnoj\u010dik-300x199.jpg\" alt=\"Vecer_slovenske_glazbe_1_foto_Toni_Hnoj\u010dik\" width=\"300\" height=\"199\" srcset=\"http:\/\/tmp.warp-poligon.info\/si\/wp-content\/uploads\/sites\/2\/2016\/05\/Vecer_slovenske_glazbe_1_foto_Toni_Hnoj\u010dik-300x199.jpg 300w, http:\/\/tmp.warp-poligon.info\/si\/wp-content\/uploads\/sites\/2\/2016\/05\/Vecer_slovenske_glazbe_1_foto_Toni_Hnoj\u010dik-1024x680.jpg 1024w, http:\/\/tmp.warp-poligon.info\/si\/wp-content\/uploads\/sites\/2\/2016\/05\/Vecer_slovenske_glazbe_1_foto_Toni_Hnoj\u010dik.jpg 1600w\" sizes=\"(max-width: 300px) 100vw, 300px\" \/><\/a><\/p>\n<div id=\"attachment_1450\" style=\"width: 310px\" class=\"wp-caption aligncenter\"><a href=\"http:\/\/tmp.warp-poligon.info\/si\/wp-content\/uploads\/sites\/2\/2016\/05\/veleposlanica_koncert_dan_drzavnosti_7_5_2016.jpg\"><img decoding=\"async\" aria-describedby=\"caption-attachment-1450\" class=\"wp-image-1450 size-medium\" src=\"http:\/\/tmp.warp-poligon.info\/si\/wp-content\/uploads\/sites\/2\/2016\/05\/veleposlanica_koncert_dan_drzavnosti_7_5_2016-300x225.jpg\" alt=\"veleposlanica_koncert_dan_drzavnosti_7_5_2016\" width=\"300\" height=\"225\" srcset=\"http:\/\/tmp.warp-poligon.info\/si\/wp-content\/uploads\/sites\/2\/2016\/05\/veleposlanica_koncert_dan_drzavnosti_7_5_2016-300x225.jpg 300w, http:\/\/tmp.warp-poligon.info\/si\/wp-content\/uploads\/sites\/2\/2016\/05\/veleposlanica_koncert_dan_drzavnosti_7_5_2016-1024x768.jpg 1024w\" sizes=\"(max-width: 300px) 100vw, 300px\" \/><\/a><p id=\"caption-attachment-1450\" class=\"wp-caption-text\">Veleposlanica Republike Slovenije na Hrva\u0161kem Smiljana Knez (\u010detrta z desne) s soprogom v dru\u017ebi predsednika Slovenskega doma in SSNM MZ Darka \u0160onca s soprogo.<\/p><\/div>\n<p><a href=\"http:\/\/tmp.warp-poligon.info\/si\/wp-content\/uploads\/sites\/2\/2016\/05\/Vecer_slovenske_glazbe_4_foto_Toni_Hnoj\u010dik.jpg\"><img decoding=\"async\" class=\"aligncenter wp-image-1448 size-medium\" src=\"http:\/\/tmp.warp-poligon.info\/si\/wp-content\/uploads\/sites\/2\/2016\/05\/Vecer_slovenske_glazbe_4_foto_Toni_Hnoj\u010dik-300x199.jpg\" alt=\"Vecer_slovenske_glazbe_4_foto_Toni_Hnoj\u010dik\" width=\"300\" height=\"199\" srcset=\"http:\/\/tmp.warp-poligon.info\/si\/wp-content\/uploads\/sites\/2\/2016\/05\/Vecer_slovenske_glazbe_4_foto_Toni_Hnoj\u010dik-300x199.jpg 300w, http:\/\/tmp.warp-poligon.info\/si\/wp-content\/uploads\/sites\/2\/2016\/05\/Vecer_slovenske_glazbe_4_foto_Toni_Hnoj\u010dik-1024x680.jpg 1024w, http:\/\/tmp.warp-poligon.info\/si\/wp-content\/uploads\/sites\/2\/2016\/05\/Vecer_slovenske_glazbe_4_foto_Toni_Hnoj\u010dik.jpg 1600w\" sizes=\"(max-width: 300px) 100vw, 300px\" \/><\/a><\/p>\n","protected":false},"excerpt":{"rendered":"<p>Zagreb \u00a0&#8211; \u00a0 \u00a0V Hrva\u0161kem glasbenem zavodu je ob praznovanju 25. obletnice dneva dr\u017eavnosti Republike Hrva\u0161ke in Republike Slovenije potekal slavnostni koncert, s katerim je bila obele\u017eena tudi 25. obletnica Hrva\u0161kega komornega orkestra. Program na ve\u010deru slovenske glasbe so sestavljala le dela vidnih sodobnej\u0161ih slovenskih skladateljev: Serenada za komorni orkester Benjamina Ipavca, Koncert za violino [&hellip;]<\/p>\n","protected":false},"author":3,"featured_media":1444,"comment_status":"closed","ping_status":"open","sticky":false,"template":"","format":"standard","meta":{"footnotes":""},"categories":[5],"tags":[],"yoast_head":"<!-- This site is optimized with the Yoast SEO plugin v21.9.1 - https:\/\/yoast.com\/wordpress\/plugins\/seo\/ -->\n<title>Slavnostni koncert \u2013 ve\u010der slovenske glasbe ob 25. obletnici dneva dr\u017eavnosti | Slovenski dom in Svet slovenske nacionalne manj\u0161ine Mesta Zagreb<\/title>\n<meta name=\"robots\" content=\"index, follow, max-snippet:-1, max-image-preview:large, max-video-preview:-1\" \/>\n<link rel=\"canonical\" href=\"http:\/\/tmp.warp-poligon.info\/si\/slavnostni-koncert-vecer-slovenske-glasbe-ob-25-obletnici-dneva-drzavnosti\/\" \/>\n<meta property=\"og:locale\" content=\"sl_SI\" \/>\n<meta property=\"og:type\" content=\"article\" \/>\n<meta property=\"og:title\" content=\"Slavnostni koncert \u2013 ve\u010der slovenske glasbe ob 25. obletnici dneva dr\u017eavnosti | Slovenski dom in Svet slovenske nacionalne manj\u0161ine Mesta Zagreb\" \/>\n<meta property=\"og:description\" content=\"Zagreb \u00a0&#8211; \u00a0 \u00a0V Hrva\u0161kem glasbenem zavodu je ob praznovanju 25. obletnice dneva dr\u017eavnosti Republike Hrva\u0161ke in Republike Slovenije potekal slavnostni koncert, s katerim je bila obele\u017eena tudi 25. obletnica Hrva\u0161kega komornega orkestra. Program na ve\u010deru slovenske glasbe so sestavljala le dela vidnih sodobnej\u0161ih slovenskih skladateljev: Serenada za komorni orkester Benjamina Ipavca, Koncert za violino [&hellip;]\" \/>\n<meta property=\"og:url\" content=\"http:\/\/tmp.warp-poligon.info\/si\/slavnostni-koncert-vecer-slovenske-glasbe-ob-25-obletnici-dneva-drzavnosti\/\" \/>\n<meta property=\"og:site_name\" content=\"Slovenski dom in Svet slovenske nacionalne manj\u0161ine Mesta Zagreb\" \/>\n<meta property=\"article:published_time\" content=\"2016-05-07T09:14:24+00:00\" \/>\n<meta property=\"article:modified_time\" content=\"2016-07-04T07:36:50+00:00\" \/>\n<meta property=\"og:image\" content=\"http:\/\/tmp.warp-poligon.info\/si\/wp-content\/uploads\/sites\/2\/2016\/05\/Slovenski-dom-logo-25-let-za-mail.jpg\" \/>\n\t<meta property=\"og:image:width\" content=\"213\" \/>\n\t<meta property=\"og:image:height\" content=\"162\" \/>\n\t<meta property=\"og:image:type\" content=\"image\/jpeg\" \/>\n<meta name=\"author\" content=\"agata\" \/>\n<meta name=\"twitter:label1\" content=\"Written by\" \/>\n\t<meta name=\"twitter:data1\" content=\"agata\" \/>\n\t<meta name=\"twitter:label2\" content=\"Est. reading time\" \/>\n\t<meta name=\"twitter:data2\" content=\"1 minuta\" \/>\n<script type=\"application\/ld+json\" class=\"yoast-schema-graph\">{\"@context\":\"https:\/\/schema.org\",\"@graph\":[{\"@type\":\"WebPage\",\"@id\":\"http:\/\/tmp.warp-poligon.info\/si\/slavnostni-koncert-vecer-slovenske-glasbe-ob-25-obletnici-dneva-drzavnosti\/\",\"url\":\"http:\/\/tmp.warp-poligon.info\/si\/slavnostni-koncert-vecer-slovenske-glasbe-ob-25-obletnici-dneva-drzavnosti\/\",\"name\":\"Slavnostni koncert \u2013 ve\u010der slovenske glasbe ob 25. obletnici dneva dr\u017eavnosti | Slovenski dom in Svet slovenske nacionalne manj\u0161ine Mesta Zagreb\",\"isPartOf\":{\"@id\":\"http:\/\/tmp.warp-poligon.info\/si\/#website\"},\"datePublished\":\"2016-05-07T09:14:24+00:00\",\"dateModified\":\"2016-07-04T07:36:50+00:00\",\"author\":{\"@id\":\"http:\/\/tmp.warp-poligon.info\/si\/#\/schema\/person\/a34ecc40aa73e6dd78780facef777d32\"},\"breadcrumb\":{\"@id\":\"http:\/\/tmp.warp-poligon.info\/si\/slavnostni-koncert-vecer-slovenske-glasbe-ob-25-obletnici-dneva-drzavnosti\/#breadcrumb\"},\"inLanguage\":\"sl-SI\",\"potentialAction\":[{\"@type\":\"ReadAction\",\"target\":[\"http:\/\/tmp.warp-poligon.info\/si\/slavnostni-koncert-vecer-slovenske-glasbe-ob-25-obletnici-dneva-drzavnosti\/\"]}]},{\"@type\":\"BreadcrumbList\",\"@id\":\"http:\/\/tmp.warp-poligon.info\/si\/slavnostni-koncert-vecer-slovenske-glasbe-ob-25-obletnici-dneva-drzavnosti\/#breadcrumb\",\"itemListElement\":[{\"@type\":\"ListItem\",\"position\":1,\"name\":\"Home\",\"item\":\"http:\/\/tmp.warp-poligon.info\/si\/\"},{\"@type\":\"ListItem\",\"position\":2,\"name\":\"Slavnostni koncert \u2013 ve\u010der slovenske glasbe ob 25. obletnici dneva dr\u017eavnosti\"}]},{\"@type\":\"WebSite\",\"@id\":\"http:\/\/tmp.warp-poligon.info\/si\/#website\",\"url\":\"http:\/\/tmp.warp-poligon.info\/si\/\",\"name\":\"Slovenski dom in Svet slovenske nacionalne manj\u0161ine Mesta Zagreb\",\"description\":\"\",\"potentialAction\":[{\"@type\":\"SearchAction\",\"target\":{\"@type\":\"EntryPoint\",\"urlTemplate\":\"http:\/\/tmp.warp-poligon.info\/si\/?s={search_term_string}\"},\"query-input\":\"required name=search_term_string\"}],\"inLanguage\":\"sl-SI\"},{\"@type\":\"Person\",\"@id\":\"http:\/\/tmp.warp-poligon.info\/si\/#\/schema\/person\/a34ecc40aa73e6dd78780facef777d32\",\"name\":\"agata\",\"image\":{\"@type\":\"ImageObject\",\"inLanguage\":\"sl-SI\",\"@id\":\"http:\/\/tmp.warp-poligon.info\/si\/#\/schema\/person\/image\/\",\"url\":\"http:\/\/1.gravatar.com\/avatar\/42c070b2dbf14a48e0639733f946c907?s=96&d=mm&r=g\",\"contentUrl\":\"http:\/\/1.gravatar.com\/avatar\/42c070b2dbf14a48e0639733f946c907?s=96&d=mm&r=g\",\"caption\":\"agata\"},\"url\":\"http:\/\/tmp.warp-poligon.info\/si\/author\/agata\/\"}]}<\/script>\n<!-- \/ Yoast SEO plugin. -->","yoast_head_json":{"title":"Slavnostni koncert \u2013 ve\u010der slovenske glasbe ob 25. obletnici dneva dr\u017eavnosti | Slovenski dom in Svet slovenske nacionalne manj\u0161ine Mesta Zagreb","robots":{"index":"index","follow":"follow","max-snippet":"max-snippet:-1","max-image-preview":"max-image-preview:large","max-video-preview":"max-video-preview:-1"},"canonical":"http:\/\/tmp.warp-poligon.info\/si\/slavnostni-koncert-vecer-slovenske-glasbe-ob-25-obletnici-dneva-drzavnosti\/","og_locale":"sl_SI","og_type":"article","og_title":"Slavnostni koncert \u2013 ve\u010der slovenske glasbe ob 25. obletnici dneva dr\u017eavnosti | Slovenski dom in Svet slovenske nacionalne manj\u0161ine Mesta Zagreb","og_description":"Zagreb \u00a0&#8211; \u00a0 \u00a0V Hrva\u0161kem glasbenem zavodu je ob praznovanju 25. obletnice dneva dr\u017eavnosti Republike Hrva\u0161ke in Republike Slovenije potekal slavnostni koncert, s katerim je bila obele\u017eena tudi 25. obletnica Hrva\u0161kega komornega orkestra. Program na ve\u010deru slovenske glasbe so sestavljala le dela vidnih sodobnej\u0161ih slovenskih skladateljev: Serenada za komorni orkester Benjamina Ipavca, Koncert za violino [&hellip;]","og_url":"http:\/\/tmp.warp-poligon.info\/si\/slavnostni-koncert-vecer-slovenske-glasbe-ob-25-obletnici-dneva-drzavnosti\/","og_site_name":"Slovenski dom in Svet slovenske nacionalne manj\u0161ine Mesta Zagreb","article_published_time":"2016-05-07T09:14:24+00:00","article_modified_time":"2016-07-04T07:36:50+00:00","og_image":[{"width":213,"height":162,"url":"http:\/\/tmp.warp-poligon.info\/si\/wp-content\/uploads\/sites\/2\/2016\/05\/Slovenski-dom-logo-25-let-za-mail.jpg","type":"image\/jpeg"}],"author":"agata","twitter_misc":{"Written by":"agata","Est. reading time":"1 minuta"},"schema":{"@context":"https:\/\/schema.org","@graph":[{"@type":"WebPage","@id":"http:\/\/tmp.warp-poligon.info\/si\/slavnostni-koncert-vecer-slovenske-glasbe-ob-25-obletnici-dneva-drzavnosti\/","url":"http:\/\/tmp.warp-poligon.info\/si\/slavnostni-koncert-vecer-slovenske-glasbe-ob-25-obletnici-dneva-drzavnosti\/","name":"Slavnostni koncert \u2013 ve\u010der slovenske glasbe ob 25. obletnici dneva dr\u017eavnosti | Slovenski dom in Svet slovenske nacionalne manj\u0161ine Mesta Zagreb","isPartOf":{"@id":"http:\/\/tmp.warp-poligon.info\/si\/#website"},"datePublished":"2016-05-07T09:14:24+00:00","dateModified":"2016-07-04T07:36:50+00:00","author":{"@id":"http:\/\/tmp.warp-poligon.info\/si\/#\/schema\/person\/a34ecc40aa73e6dd78780facef777d32"},"breadcrumb":{"@id":"http:\/\/tmp.warp-poligon.info\/si\/slavnostni-koncert-vecer-slovenske-glasbe-ob-25-obletnici-dneva-drzavnosti\/#breadcrumb"},"inLanguage":"sl-SI","potentialAction":[{"@type":"ReadAction","target":["http:\/\/tmp.warp-poligon.info\/si\/slavnostni-koncert-vecer-slovenske-glasbe-ob-25-obletnici-dneva-drzavnosti\/"]}]},{"@type":"BreadcrumbList","@id":"http:\/\/tmp.warp-poligon.info\/si\/slavnostni-koncert-vecer-slovenske-glasbe-ob-25-obletnici-dneva-drzavnosti\/#breadcrumb","itemListElement":[{"@type":"ListItem","position":1,"name":"Home","item":"http:\/\/tmp.warp-poligon.info\/si\/"},{"@type":"ListItem","position":2,"name":"Slavnostni koncert \u2013 ve\u010der slovenske glasbe ob 25. obletnici dneva dr\u017eavnosti"}]},{"@type":"WebSite","@id":"http:\/\/tmp.warp-poligon.info\/si\/#website","url":"http:\/\/tmp.warp-poligon.info\/si\/","name":"Slovenski dom in Svet slovenske nacionalne manj\u0161ine Mesta Zagreb","description":"","potentialAction":[{"@type":"SearchAction","target":{"@type":"EntryPoint","urlTemplate":"http:\/\/tmp.warp-poligon.info\/si\/?s={search_term_string}"},"query-input":"required name=search_term_string"}],"inLanguage":"sl-SI"},{"@type":"Person","@id":"http:\/\/tmp.warp-poligon.info\/si\/#\/schema\/person\/a34ecc40aa73e6dd78780facef777d32","name":"agata","image":{"@type":"ImageObject","inLanguage":"sl-SI","@id":"http:\/\/tmp.warp-poligon.info\/si\/#\/schema\/person\/image\/","url":"http:\/\/1.gravatar.com\/avatar\/42c070b2dbf14a48e0639733f946c907?s=96&d=mm&r=g","contentUrl":"http:\/\/1.gravatar.com\/avatar\/42c070b2dbf14a48e0639733f946c907?s=96&d=mm&r=g","caption":"agata"},"url":"http:\/\/tmp.warp-poligon.info\/si\/author\/agata\/"}]}},"_links":{"self":[{"href":"http:\/\/tmp.warp-poligon.info\/si\/wp-json\/wp\/v2\/posts\/1452"}],"collection":[{"href":"http:\/\/tmp.warp-poligon.info\/si\/wp-json\/wp\/v2\/posts"}],"about":[{"href":"http:\/\/tmp.warp-poligon.info\/si\/wp-json\/wp\/v2\/types\/post"}],"author":[{"embeddable":true,"href":"http:\/\/tmp.warp-poligon.info\/si\/wp-json\/wp\/v2\/users\/3"}],"replies":[{"embeddable":true,"href":"http:\/\/tmp.warp-poligon.info\/si\/wp-json\/wp\/v2\/comments?post=1452"}],"version-history":[{"count":16,"href":"http:\/\/tmp.warp-poligon.info\/si\/wp-json\/wp\/v2\/posts\/1452\/revisions"}],"predecessor-version":[{"id":1578,"href":"http:\/\/tmp.warp-poligon.info\/si\/wp-json\/wp\/v2\/posts\/1452\/revisions\/1578"}],"wp:featuredmedia":[{"embeddable":true,"href":"http:\/\/tmp.warp-poligon.info\/si\/wp-json\/wp\/v2\/media\/1444"}],"wp:attachment":[{"href":"http:\/\/tmp.warp-poligon.info\/si\/wp-json\/wp\/v2\/media?parent=1452"}],"wp:term":[{"taxonomy":"category","embeddable":true,"href":"http:\/\/tmp.warp-poligon.info\/si\/wp-json\/wp\/v2\/categories?post=1452"},{"taxonomy":"post_tag","embeddable":true,"href":"http:\/\/tmp.warp-poligon.info\/si\/wp-json\/wp\/v2\/tags?post=1452"}],"curies":[{"name":"wp","href":"https:\/\/api.w.org\/{rel}","templated":true}]}}