{"id":1543,"date":"2016-06-13T13:09:32","date_gmt":"2016-06-13T11:09:32","guid":{"rendered":"http:\/\/tmp.warp-poligon.info\/si\/?p=1543"},"modified":"2016-06-30T13:43:05","modified_gmt":"2016-06-30T11:43:05","slug":"dan-nacionalnih-manjsin-mesta-zagreb","status":"publish","type":"post","link":"http:\/\/tmp.warp-poligon.info\/si\/dan-nacionalnih-manjsin-mesta-zagreb\/","title":{"rendered":"Dan narodnih manj\u0161in Mesta Zagreb"},"content":{"rendered":"<p style=\"text-align: justify\">Zagreb \u2013 12. junij 2016 \u00a0 \u00a0 \u00a0Organizator prireditve na Zrinjevcu, \u017ee pete zapovrstjo, je bila Koordinacija svetov in predstavnikov narodnih manj\u0161in Mesta Zagreb v sodelovanju z zagreb\u0161ko turisti\u010dno skupnostjo in pod pokroviteljstvom \u017eupana <strong>Milana Bandi\u0107a<\/strong>. Svojim some\u0161\u010danom so se predstavile albanska, avstrijska, bo\u0161nja\u0161ka, bolgarska, \u010de\u0161ka, \u010drnogorska, italijanska, mad\u017earska, makedonska, nem\u0161ka, poljska, romska, rusinska, ruska, slova\u0161ka, slovenska, srbska in ukrajinska nacionalna manj\u0161ina. V pestrem kulturnem programu so dru\u0161tva narodnih manj\u0161in s pesmijo, plesom in narodnimi no\u0161ami predstavile raznolikost svojega kulturnega izro\u010dila, na stojnicah pa so razstavile del\u010dek kulturne dedi\u0161\u010dine, umetnostne obrti in zalo\u017eni\u0161tvo. Obiskovalci so na stojnicah lahko poskusili odli\u010dne kulinari\u010dne specialitete, ki so jih pripravile pridne roke \u010dlanic manj\u0161inskih zdru\u017eenj. Me\u0161ani pevski zbor Slovenski dom je nastopal pod vodstvom dirigenta prof. <strong>Ivice Ivanovi\u0107a<\/strong>\u00a0z ven\u010dkom slovenskih pesmi in s pesmijo Serbus, Zagreb. \u010clana Slovenskega doma <strong>Stanka Herak<\/strong> in <strong>Bojan Kova\u010di\u0107<\/strong> sta v gorenjski no\u0161i sodelovala na mimohodu narodnih no\u0161. \u0160tevilne Zagreb\u010dane in ostale obiskovalce so nagovorili predsednik Sveta za narodne manj\u0161ine RH<strong> Aleksandar Tolnauer<\/strong>, zagreb\u0161ki \u017eupan in predsednik Koordinacije svetov in predstavnikov narodnih manj\u0161in Mesta Zagreb <strong>Du\u0161an Mi\u0161kovi\u0107<\/strong>. Prireditev so obiskali tudi predsednik HAZU akademik <strong>Zvonko Kusi\u0107<\/strong>, minister za zunanje zadeve <strong>Miro Kova\u010d<\/strong> in predsednik zagreb\u0161ke mestne skup\u0161\u010dine <strong>Andrija Mikuli\u0107<\/strong>. (akm)<\/p>\n<div id=\"attachment_1547\" style=\"width: 235px\" class=\"wp-caption aligncenter\"><a href=\"http:\/\/tmp.warp-poligon.info\/si\/wp-content\/uploads\/sites\/2\/2016\/06\/Milan-Bandi\u0107_Aleksandar_Tolnauer_Zrinjevac-2016.jpg\"><img decoding=\"async\" aria-describedby=\"caption-attachment-1547\" class=\"wp-image-1547 size-medium\" src=\"http:\/\/tmp.warp-poligon.info\/si\/wp-content\/uploads\/sites\/2\/2016\/06\/Milan-Bandi\u0107_Aleksandar_Tolnauer_Zrinjevac-2016-225x300.jpg\" alt=\"Milan Bandi\u0107_Aleksandar_Tolnauer_Zrinjevac 2016\" width=\"225\" height=\"300\" srcset=\"http:\/\/tmp.warp-poligon.info\/si\/wp-content\/uploads\/sites\/2\/2016\/06\/Milan-Bandi\u0107_Aleksandar_Tolnauer_Zrinjevac-2016-225x300.jpg 225w, http:\/\/tmp.warp-poligon.info\/si\/wp-content\/uploads\/sites\/2\/2016\/06\/Milan-Bandi\u0107_Aleksandar_Tolnauer_Zrinjevac-2016-768x1024.jpg 768w\" sizes=\"(max-width: 225px) 100vw, 225px\" \/><\/a><p id=\"caption-attachment-1547\" class=\"wp-caption-text\">Zagreb\u0161ki \u017eupan Milan Bandi\u0107, predsednik Koordinacije svetov in predstavnikov narodnih manj\u0161in Mesta Zagreb Du\u0161an Mi\u0161kovi\u0107, predsednik Sveta za nacionalne manj\u0161ine RH Aleksandar Tolnauer in predsednik SSNM MZ Darko \u0160onc (z leve). Foto: akm<\/p><\/div>\n<div id=\"attachment_1549\" style=\"width: 310px\" class=\"wp-caption aligncenter\"><a href=\"http:\/\/tmp.warp-poligon.info\/si\/wp-content\/uploads\/sites\/2\/2016\/06\/\u0161ef_Stanka_Herak_Bojan_Zrinjevac_2016.jpg\"><img decoding=\"async\" aria-describedby=\"caption-attachment-1549\" class=\"wp-image-1549 size-medium\" src=\"http:\/\/tmp.warp-poligon.info\/si\/wp-content\/uploads\/sites\/2\/2016\/06\/\u0161ef_Stanka_Herak_Bojan_Zrinjevac_2016-300x225.jpg\" alt=\"\u0161ef_Stanka_Herak_Bojan_Zrinjevac_2016\" width=\"300\" height=\"225\" srcset=\"http:\/\/tmp.warp-poligon.info\/si\/wp-content\/uploads\/sites\/2\/2016\/06\/\u0161ef_Stanka_Herak_Bojan_Zrinjevac_2016-300x225.jpg 300w, http:\/\/tmp.warp-poligon.info\/si\/wp-content\/uploads\/sites\/2\/2016\/06\/\u0161ef_Stanka_Herak_Bojan_Zrinjevac_2016-1024x768.jpg 1024w\" sizes=\"(max-width: 300px) 100vw, 300px\" \/><\/a><p id=\"caption-attachment-1549\" class=\"wp-caption-text\">Stanka Herak in Bojan Kova\u010di\u0107 v gorenjski narodni no\u0161i, ki je po svetu postala prepoznavna zahvaljujo\u010d ansamblu Avsenik, v dru\u017ebi Darka \u0160onca. Foto: akm<\/p><\/div>\n<div id=\"attachment_1545\" style=\"width: 235px\" class=\"wp-caption aligncenter\"><a href=\"http:\/\/tmp.warp-poligon.info\/si\/wp-content\/uploads\/sites\/2\/2016\/06\/Bojan_Stanka_Zrinjevac_2016.jpg\"><img decoding=\"async\" aria-describedby=\"caption-attachment-1545\" class=\"wp-image-1545 size-medium\" src=\"http:\/\/tmp.warp-poligon.info\/si\/wp-content\/uploads\/sites\/2\/2016\/06\/Bojan_Stanka_Zrinjevac_2016-225x300.jpg\" alt=\"Bojan_Stanka_Zrinjevac_2016\" width=\"225\" height=\"300\" srcset=\"http:\/\/tmp.warp-poligon.info\/si\/wp-content\/uploads\/sites\/2\/2016\/06\/Bojan_Stanka_Zrinjevac_2016-225x300.jpg 225w, http:\/\/tmp.warp-poligon.info\/si\/wp-content\/uploads\/sites\/2\/2016\/06\/Bojan_Stanka_Zrinjevac_2016-768x1024.jpg 768w\" sizes=\"(max-width: 225px) 100vw, 225px\" \/><\/a><p id=\"caption-attachment-1545\" class=\"wp-caption-text\">Bojan Kova\u010di\u0107 in Stanka Herak na mimohodu narodnih no\u0161. Foto: akm<\/p><\/div>\n<div id=\"attachment_1546\" style=\"width: 310px\" class=\"wp-caption aligncenter\"><a href=\"http:\/\/tmp.warp-poligon.info\/si\/wp-content\/uploads\/sites\/2\/2016\/06\/Ivanka_Irena_Zrinjevac.jpg\"><img decoding=\"async\" aria-describedby=\"caption-attachment-1546\" class=\"wp-image-1546 size-medium\" src=\"http:\/\/tmp.warp-poligon.info\/si\/wp-content\/uploads\/sites\/2\/2016\/06\/Ivanka_Irena_Zrinjevac-300x225.jpg\" alt=\"Ivanka_Irena_Zrinjevac\" width=\"300\" height=\"225\" srcset=\"http:\/\/tmp.warp-poligon.info\/si\/wp-content\/uploads\/sites\/2\/2016\/06\/Ivanka_Irena_Zrinjevac-300x225.jpg 300w, http:\/\/tmp.warp-poligon.info\/si\/wp-content\/uploads\/sites\/2\/2016\/06\/Ivanka_Irena_Zrinjevac-1024x768.jpg 1024w\" sizes=\"(max-width: 300px) 100vw, 300px\" \/><\/a><p id=\"caption-attachment-1546\" class=\"wp-caption-text\">Slovenska stojnica, na kateri je bilo med drugim mogo\u010de prelistati revijo slovenske skupnosti na Hrva\u0161kem Novi odmev, ki izhaja od leta 1996. Foto: akm<\/p><\/div>\n<div id=\"attachment_1550\" style=\"width: 310px\" class=\"wp-caption aligncenter\"><a href=\"http:\/\/tmp.warp-poligon.info\/si\/wp-content\/uploads\/sites\/2\/2016\/06\/zbor_Zrinjevac.jpg\"><img decoding=\"async\" aria-describedby=\"caption-attachment-1550\" class=\"wp-image-1550 size-medium\" src=\"http:\/\/tmp.warp-poligon.info\/si\/wp-content\/uploads\/sites\/2\/2016\/06\/zbor_Zrinjevac-300x225.jpg\" alt=\"zbor_Zrinjevac\" width=\"300\" height=\"225\" srcset=\"http:\/\/tmp.warp-poligon.info\/si\/wp-content\/uploads\/sites\/2\/2016\/06\/zbor_Zrinjevac-300x225.jpg 300w, http:\/\/tmp.warp-poligon.info\/si\/wp-content\/uploads\/sites\/2\/2016\/06\/zbor_Zrinjevac-1024x768.jpg 1024w\" sizes=\"(max-width: 300px) 100vw, 300px\" \/><\/a><p id=\"caption-attachment-1550\" class=\"wp-caption-text\">Nastop me\u0161anega pevskega zbora Slovenski dom. Foto: akm<\/p><\/div>\n<div id=\"attachment_1548\" style=\"width: 310px\" class=\"wp-caption aligncenter\"><a href=\"http:\/\/tmp.warp-poligon.info\/si\/wp-content\/uploads\/sites\/2\/2016\/06\/publika_Zrinjevac.jpg\"><img decoding=\"async\" aria-describedby=\"caption-attachment-1548\" class=\"wp-image-1548 size-medium\" src=\"http:\/\/tmp.warp-poligon.info\/si\/wp-content\/uploads\/sites\/2\/2016\/06\/publika_Zrinjevac-300x225.jpg\" alt=\"publika_Zrinjevac\" width=\"300\" height=\"225\" srcset=\"http:\/\/tmp.warp-poligon.info\/si\/wp-content\/uploads\/sites\/2\/2016\/06\/publika_Zrinjevac-300x225.jpg 300w, http:\/\/tmp.warp-poligon.info\/si\/wp-content\/uploads\/sites\/2\/2016\/06\/publika_Zrinjevac-1024x768.jpg 1024w\" sizes=\"(max-width: 300px) 100vw, 300px\" \/><\/a><p id=\"caption-attachment-1548\" class=\"wp-caption-text\">\u0160tevilni Zagreb\u010dani in turisti so kljub slabemu vremenu z veliko pozornosti spremljali dan narodnih manj\u0161in Mesta Zagreb. Foto: akm<\/p><\/div>\n","protected":false},"excerpt":{"rendered":"<p>Zagreb \u2013 12. junij 2016 \u00a0 \u00a0 \u00a0Organizator prireditve na Zrinjevcu, \u017ee pete zapovrstjo, je bila Koordinacija svetov in predstavnikov narodnih manj\u0161in Mesta Zagreb v sodelovanju z zagreb\u0161ko turisti\u010dno skupnostjo in pod pokroviteljstvom \u017eupana Milana Bandi\u0107a. Svojim some\u0161\u010danom so se predstavile albanska, avstrijska, bo\u0161nja\u0161ka, bolgarska, \u010de\u0161ka, \u010drnogorska, italijanska, mad\u017earska, makedonska, nem\u0161ka, poljska, romska, rusinska, ruska, [&hellip;]<\/p>\n","protected":false},"author":3,"featured_media":1545,"comment_status":"closed","ping_status":"open","sticky":false,"template":"","format":"standard","meta":{"footnotes":""},"categories":[5],"tags":[],"yoast_head":"<!-- This site is optimized with the Yoast SEO plugin v21.9.1 - https:\/\/yoast.com\/wordpress\/plugins\/seo\/ -->\n<title>Dan narodnih manj\u0161in Mesta Zagreb | Slovenski dom in Svet slovenske nacionalne manj\u0161ine Mesta Zagreb<\/title>\n<meta name=\"robots\" content=\"index, follow, max-snippet:-1, max-image-preview:large, max-video-preview:-1\" \/>\n<link rel=\"canonical\" href=\"http:\/\/tmp.warp-poligon.info\/si\/dan-nacionalnih-manjsin-mesta-zagreb\/\" \/>\n<meta property=\"og:locale\" content=\"sl_SI\" \/>\n<meta property=\"og:type\" content=\"article\" \/>\n<meta property=\"og:title\" content=\"Dan narodnih manj\u0161in Mesta Zagreb | Slovenski dom in Svet slovenske nacionalne manj\u0161ine Mesta Zagreb\" \/>\n<meta property=\"og:description\" content=\"Zagreb \u2013 12. junij 2016 \u00a0 \u00a0 \u00a0Organizator prireditve na Zrinjevcu, \u017ee pete zapovrstjo, je bila Koordinacija svetov in predstavnikov narodnih manj\u0161in Mesta Zagreb v sodelovanju z zagreb\u0161ko turisti\u010dno skupnostjo in pod pokroviteljstvom \u017eupana Milana Bandi\u0107a. Svojim some\u0161\u010danom so se predstavile albanska, avstrijska, bo\u0161nja\u0161ka, bolgarska, \u010de\u0161ka, \u010drnogorska, italijanska, mad\u017earska, makedonska, nem\u0161ka, poljska, romska, rusinska, ruska, [&hellip;]\" \/>\n<meta property=\"og:url\" content=\"http:\/\/tmp.warp-poligon.info\/si\/dan-nacionalnih-manjsin-mesta-zagreb\/\" \/>\n<meta property=\"og:site_name\" content=\"Slovenski dom in Svet slovenske nacionalne manj\u0161ine Mesta Zagreb\" \/>\n<meta property=\"article:published_time\" content=\"2016-06-13T11:09:32+00:00\" \/>\n<meta property=\"article:modified_time\" content=\"2016-06-30T11:43:05+00:00\" \/>\n<meta property=\"og:image\" content=\"http:\/\/tmp.warp-poligon.info\/si\/wp-content\/uploads\/sites\/2\/2016\/06\/Bojan_Stanka_Zrinjevac_2016.jpg\" \/>\n\t<meta property=\"og:image:width\" content=\"3456\" \/>\n\t<meta property=\"og:image:height\" content=\"4608\" \/>\n\t<meta property=\"og:image:type\" content=\"image\/jpeg\" \/>\n<meta name=\"author\" content=\"agata\" \/>\n<meta name=\"twitter:label1\" content=\"Written by\" \/>\n\t<meta name=\"twitter:data1\" content=\"agata\" \/>\n\t<meta name=\"twitter:label2\" content=\"Est. reading time\" \/>\n\t<meta name=\"twitter:data2\" content=\"2 minuti\" \/>\n<script type=\"application\/ld+json\" class=\"yoast-schema-graph\">{\"@context\":\"https:\/\/schema.org\",\"@graph\":[{\"@type\":\"WebPage\",\"@id\":\"http:\/\/tmp.warp-poligon.info\/si\/dan-nacionalnih-manjsin-mesta-zagreb\/\",\"url\":\"http:\/\/tmp.warp-poligon.info\/si\/dan-nacionalnih-manjsin-mesta-zagreb\/\",\"name\":\"Dan narodnih manj\u0161in Mesta Zagreb | Slovenski dom in Svet slovenske nacionalne manj\u0161ine Mesta Zagreb\",\"isPartOf\":{\"@id\":\"http:\/\/tmp.warp-poligon.info\/si\/#website\"},\"datePublished\":\"2016-06-13T11:09:32+00:00\",\"dateModified\":\"2016-06-30T11:43:05+00:00\",\"author\":{\"@id\":\"http:\/\/tmp.warp-poligon.info\/si\/#\/schema\/person\/a34ecc40aa73e6dd78780facef777d32\"},\"breadcrumb\":{\"@id\":\"http:\/\/tmp.warp-poligon.info\/si\/dan-nacionalnih-manjsin-mesta-zagreb\/#breadcrumb\"},\"inLanguage\":\"sl-SI\",\"potentialAction\":[{\"@type\":\"ReadAction\",\"target\":[\"http:\/\/tmp.warp-poligon.info\/si\/dan-nacionalnih-manjsin-mesta-zagreb\/\"]}]},{\"@type\":\"BreadcrumbList\",\"@id\":\"http:\/\/tmp.warp-poligon.info\/si\/dan-nacionalnih-manjsin-mesta-zagreb\/#breadcrumb\",\"itemListElement\":[{\"@type\":\"ListItem\",\"position\":1,\"name\":\"Home\",\"item\":\"http:\/\/tmp.warp-poligon.info\/si\/\"},{\"@type\":\"ListItem\",\"position\":2,\"name\":\"Dan narodnih manj\u0161in Mesta Zagreb\"}]},{\"@type\":\"WebSite\",\"@id\":\"http:\/\/tmp.warp-poligon.info\/si\/#website\",\"url\":\"http:\/\/tmp.warp-poligon.info\/si\/\",\"name\":\"Slovenski dom in Svet slovenske nacionalne manj\u0161ine Mesta Zagreb\",\"description\":\"\",\"potentialAction\":[{\"@type\":\"SearchAction\",\"target\":{\"@type\":\"EntryPoint\",\"urlTemplate\":\"http:\/\/tmp.warp-poligon.info\/si\/?s={search_term_string}\"},\"query-input\":\"required name=search_term_string\"}],\"inLanguage\":\"sl-SI\"},{\"@type\":\"Person\",\"@id\":\"http:\/\/tmp.warp-poligon.info\/si\/#\/schema\/person\/a34ecc40aa73e6dd78780facef777d32\",\"name\":\"agata\",\"image\":{\"@type\":\"ImageObject\",\"inLanguage\":\"sl-SI\",\"@id\":\"http:\/\/tmp.warp-poligon.info\/si\/#\/schema\/person\/image\/\",\"url\":\"http:\/\/1.gravatar.com\/avatar\/42c070b2dbf14a48e0639733f946c907?s=96&d=mm&r=g\",\"contentUrl\":\"http:\/\/1.gravatar.com\/avatar\/42c070b2dbf14a48e0639733f946c907?s=96&d=mm&r=g\",\"caption\":\"agata\"},\"url\":\"http:\/\/tmp.warp-poligon.info\/si\/author\/agata\/\"}]}<\/script>\n<!-- \/ Yoast SEO plugin. -->","yoast_head_json":{"title":"Dan narodnih manj\u0161in Mesta Zagreb | Slovenski dom in Svet slovenske nacionalne manj\u0161ine Mesta Zagreb","robots":{"index":"index","follow":"follow","max-snippet":"max-snippet:-1","max-image-preview":"max-image-preview:large","max-video-preview":"max-video-preview:-1"},"canonical":"http:\/\/tmp.warp-poligon.info\/si\/dan-nacionalnih-manjsin-mesta-zagreb\/","og_locale":"sl_SI","og_type":"article","og_title":"Dan narodnih manj\u0161in Mesta Zagreb | Slovenski dom in Svet slovenske nacionalne manj\u0161ine Mesta Zagreb","og_description":"Zagreb \u2013 12. junij 2016 \u00a0 \u00a0 \u00a0Organizator prireditve na Zrinjevcu, \u017ee pete zapovrstjo, je bila Koordinacija svetov in predstavnikov narodnih manj\u0161in Mesta Zagreb v sodelovanju z zagreb\u0161ko turisti\u010dno skupnostjo in pod pokroviteljstvom \u017eupana Milana Bandi\u0107a. Svojim some\u0161\u010danom so se predstavile albanska, avstrijska, bo\u0161nja\u0161ka, bolgarska, \u010de\u0161ka, \u010drnogorska, italijanska, mad\u017earska, makedonska, nem\u0161ka, poljska, romska, rusinska, ruska, [&hellip;]","og_url":"http:\/\/tmp.warp-poligon.info\/si\/dan-nacionalnih-manjsin-mesta-zagreb\/","og_site_name":"Slovenski dom in Svet slovenske nacionalne manj\u0161ine Mesta Zagreb","article_published_time":"2016-06-13T11:09:32+00:00","article_modified_time":"2016-06-30T11:43:05+00:00","og_image":[{"width":3456,"height":4608,"url":"http:\/\/tmp.warp-poligon.info\/si\/wp-content\/uploads\/sites\/2\/2016\/06\/Bojan_Stanka_Zrinjevac_2016.jpg","type":"image\/jpeg"}],"author":"agata","twitter_misc":{"Written by":"agata","Est. reading time":"2 minuti"},"schema":{"@context":"https:\/\/schema.org","@graph":[{"@type":"WebPage","@id":"http:\/\/tmp.warp-poligon.info\/si\/dan-nacionalnih-manjsin-mesta-zagreb\/","url":"http:\/\/tmp.warp-poligon.info\/si\/dan-nacionalnih-manjsin-mesta-zagreb\/","name":"Dan narodnih manj\u0161in Mesta Zagreb | Slovenski dom in Svet slovenske nacionalne manj\u0161ine Mesta Zagreb","isPartOf":{"@id":"http:\/\/tmp.warp-poligon.info\/si\/#website"},"datePublished":"2016-06-13T11:09:32+00:00","dateModified":"2016-06-30T11:43:05+00:00","author":{"@id":"http:\/\/tmp.warp-poligon.info\/si\/#\/schema\/person\/a34ecc40aa73e6dd78780facef777d32"},"breadcrumb":{"@id":"http:\/\/tmp.warp-poligon.info\/si\/dan-nacionalnih-manjsin-mesta-zagreb\/#breadcrumb"},"inLanguage":"sl-SI","potentialAction":[{"@type":"ReadAction","target":["http:\/\/tmp.warp-poligon.info\/si\/dan-nacionalnih-manjsin-mesta-zagreb\/"]}]},{"@type":"BreadcrumbList","@id":"http:\/\/tmp.warp-poligon.info\/si\/dan-nacionalnih-manjsin-mesta-zagreb\/#breadcrumb","itemListElement":[{"@type":"ListItem","position":1,"name":"Home","item":"http:\/\/tmp.warp-poligon.info\/si\/"},{"@type":"ListItem","position":2,"name":"Dan narodnih manj\u0161in Mesta Zagreb"}]},{"@type":"WebSite","@id":"http:\/\/tmp.warp-poligon.info\/si\/#website","url":"http:\/\/tmp.warp-poligon.info\/si\/","name":"Slovenski dom in Svet slovenske nacionalne manj\u0161ine Mesta Zagreb","description":"","potentialAction":[{"@type":"SearchAction","target":{"@type":"EntryPoint","urlTemplate":"http:\/\/tmp.warp-poligon.info\/si\/?s={search_term_string}"},"query-input":"required name=search_term_string"}],"inLanguage":"sl-SI"},{"@type":"Person","@id":"http:\/\/tmp.warp-poligon.info\/si\/#\/schema\/person\/a34ecc40aa73e6dd78780facef777d32","name":"agata","image":{"@type":"ImageObject","inLanguage":"sl-SI","@id":"http:\/\/tmp.warp-poligon.info\/si\/#\/schema\/person\/image\/","url":"http:\/\/1.gravatar.com\/avatar\/42c070b2dbf14a48e0639733f946c907?s=96&d=mm&r=g","contentUrl":"http:\/\/1.gravatar.com\/avatar\/42c070b2dbf14a48e0639733f946c907?s=96&d=mm&r=g","caption":"agata"},"url":"http:\/\/tmp.warp-poligon.info\/si\/author\/agata\/"}]}},"_links":{"self":[{"href":"http:\/\/tmp.warp-poligon.info\/si\/wp-json\/wp\/v2\/posts\/1543"}],"collection":[{"href":"http:\/\/tmp.warp-poligon.info\/si\/wp-json\/wp\/v2\/posts"}],"about":[{"href":"http:\/\/tmp.warp-poligon.info\/si\/wp-json\/wp\/v2\/types\/post"}],"author":[{"embeddable":true,"href":"http:\/\/tmp.warp-poligon.info\/si\/wp-json\/wp\/v2\/users\/3"}],"replies":[{"embeddable":true,"href":"http:\/\/tmp.warp-poligon.info\/si\/wp-json\/wp\/v2\/comments?post=1543"}],"version-history":[{"count":7,"href":"http:\/\/tmp.warp-poligon.info\/si\/wp-json\/wp\/v2\/posts\/1543\/revisions"}],"predecessor-version":[{"id":1577,"href":"http:\/\/tmp.warp-poligon.info\/si\/wp-json\/wp\/v2\/posts\/1543\/revisions\/1577"}],"wp:featuredmedia":[{"embeddable":true,"href":"http:\/\/tmp.warp-poligon.info\/si\/wp-json\/wp\/v2\/media\/1545"}],"wp:attachment":[{"href":"http:\/\/tmp.warp-poligon.info\/si\/wp-json\/wp\/v2\/media?parent=1543"}],"wp:term":[{"taxonomy":"category","embeddable":true,"href":"http:\/\/tmp.warp-poligon.info\/si\/wp-json\/wp\/v2\/categories?post=1543"},{"taxonomy":"post_tag","embeddable":true,"href":"http:\/\/tmp.warp-poligon.info\/si\/wp-json\/wp\/v2\/tags?post=1543"}],"curies":[{"name":"wp","href":"https:\/\/api.w.org\/{rel}","templated":true}]}}