{"id":1659,"date":"2016-11-11T12:07:17","date_gmt":"2016-11-11T11:07:17","guid":{"rendered":"http:\/\/tmp.warp-poligon.info\/si\/?p=1659"},"modified":"2016-11-21T10:59:23","modified_gmt":"2016-11-21T09:59:23","slug":"alpinisticni-cetrtek-s-tomazem-jakofcicem","status":"publish","type":"post","link":"http:\/\/tmp.warp-poligon.info\/si\/alpinisticni-cetrtek-s-tomazem-jakofcicem\/","title":{"rendered":"Alpinisti\u010dni \u010detrtek s Toma\u017eem Jakof\u010di\u010dem"},"content":{"rendered":"<p>Zagreb \u2013 10. november 2016<br \/>\nV Slovenskem domu je v sodelovanju z HPD \u017deljezni\u010dar in pobudo <em>Plezati je treba<\/em>\u00a0predaval Toma\u017e Jakof\u010di\u010d iz Ljubljane. Vrhunski alpinist, gorski vodnik in alpinisti\u010dni vodnik je ob projekciji \u010dudovitih slik s svojih vzponov, govoril o svoji 38-letni bogati in uspe\u0161ni karieri. (akm)<\/p>\n<p>Ve\u010d v Novem odmevu 60.<\/p>\n<p>&nbsp;<\/p>\n<div id=\"attachment_1656\" style=\"width: 235px\" class=\"wp-caption aligncenter\"><a href=\"http:\/\/tmp.warp-poligon.info\/si\/wp-content\/uploads\/sites\/2\/2016\/11\/Tomaz-Jakofcic.jpg\"><img decoding=\"async\" aria-describedby=\"caption-attachment-1656\" class=\"wp-image-1656 size-medium\" src=\"http:\/\/tmp.warp-poligon.info\/si\/wp-content\/uploads\/sites\/2\/2016\/11\/Tomaz-Jakofcic-225x300.jpg\" alt=\"tomaz-jakofcic\" width=\"225\" height=\"300\" srcset=\"http:\/\/tmp.warp-poligon.info\/si\/wp-content\/uploads\/sites\/2\/2016\/11\/Tomaz-Jakofcic-225x300.jpg 225w, http:\/\/tmp.warp-poligon.info\/si\/wp-content\/uploads\/sites\/2\/2016\/11\/Tomaz-Jakofcic-768x1024.jpg 768w\" sizes=\"(max-width: 225px) 100vw, 225px\" \/><\/a><p id=\"caption-attachment-1656\" class=\"wp-caption-text\">Toma\u017e Jakof\u010di\u010d v Slovenskem domu. Foto: akm<\/p><\/div>\n<p>&nbsp;<\/p>\n<p><a href=\"http:\/\/tmp.warp-poligon.info\/si\/wp-content\/uploads\/sites\/2\/2016\/11\/Tomaz-Jakofcic1.jpg\"><img decoding=\"async\" class=\"aligncenter wp-image-1658 size-medium\" src=\"http:\/\/tmp.warp-poligon.info\/si\/wp-content\/uploads\/sites\/2\/2016\/11\/Tomaz-Jakofcic1-225x300.jpg\" alt=\"tomaz-jakofcic1\" width=\"225\" height=\"300\" srcset=\"http:\/\/tmp.warp-poligon.info\/si\/wp-content\/uploads\/sites\/2\/2016\/11\/Tomaz-Jakofcic1-225x300.jpg 225w, http:\/\/tmp.warp-poligon.info\/si\/wp-content\/uploads\/sites\/2\/2016\/11\/Tomaz-Jakofcic1-768x1024.jpg 768w\" sizes=\"(max-width: 225px) 100vw, 225px\" \/><\/a><\/p>\n<p>&nbsp;<\/p>\n<div id=\"attachment_1657\" style=\"width: 235px\" class=\"wp-caption aligncenter\"><a href=\"http:\/\/tmp.warp-poligon.info\/si\/wp-content\/uploads\/sites\/2\/2016\/11\/Tomaz-Jakofcic_FB.jpg\"><img decoding=\"async\" aria-describedby=\"caption-attachment-1657\" class=\"wp-image-1657 size-medium\" src=\"http:\/\/tmp.warp-poligon.info\/si\/wp-content\/uploads\/sites\/2\/2016\/11\/Tomaz-Jakofcic_FB-225x300.jpg\" alt=\"tomaz-jakofcic_fb\" width=\"225\" height=\"300\" srcset=\"http:\/\/tmp.warp-poligon.info\/si\/wp-content\/uploads\/sites\/2\/2016\/11\/Tomaz-Jakofcic_FB-225x300.jpg 225w, http:\/\/tmp.warp-poligon.info\/si\/wp-content\/uploads\/sites\/2\/2016\/11\/Tomaz-Jakofcic_FB.jpg 600w\" sizes=\"(max-width: 225px) 100vw, 225px\" \/><\/a><p id=\"caption-attachment-1657\" class=\"wp-caption-text\">Toma\u017e Jakof\u010di\u010d. Ftoto: FB Toma\u017e Jakof\u010di\u010d<\/p><\/div>\n<p><a href=\"http:\/\/tmp.warp-poligon.info\/si\/wp-content\/uploads\/sites\/2\/2016\/11\/obcinstvo_Tomaz-Jakofcic.jpg\"><img decoding=\"async\" class=\"aligncenter wp-image-1654 size-medium\" src=\"http:\/\/tmp.warp-poligon.info\/si\/wp-content\/uploads\/sites\/2\/2016\/11\/obcinstvo_Tomaz-Jakofcic-300x225.jpg\" alt=\"obcinstvo_tomaz-jakofcic\" width=\"300\" height=\"225\" srcset=\"http:\/\/tmp.warp-poligon.info\/si\/wp-content\/uploads\/sites\/2\/2016\/11\/obcinstvo_Tomaz-Jakofcic-300x225.jpg 300w, http:\/\/tmp.warp-poligon.info\/si\/wp-content\/uploads\/sites\/2\/2016\/11\/obcinstvo_Tomaz-Jakofcic-1024x768.jpg 1024w\" sizes=\"(max-width: 300px) 100vw, 300px\" \/><\/a><\/p>\n<p>&nbsp;<\/p>\n<p>&nbsp;<\/p>\n<p>&nbsp;<\/p>\n","protected":false},"excerpt":{"rendered":"<p>Zagreb \u2013 10. november 2016 V Slovenskem domu je v sodelovanju z HPD \u017deljezni\u010dar in pobudo Plezati je treba\u00a0predaval Toma\u017e Jakof\u010di\u010d iz Ljubljane. Vrhunski alpinist, gorski vodnik in alpinisti\u010dni vodnik je ob projekciji \u010dudovitih slik s svojih vzponov, govoril o svoji 38-letni bogati in uspe\u0161ni karieri. (akm) Ve\u010d v Novem odmevu 60. &nbsp; &nbsp; &nbsp; [&hellip;]<\/p>\n","protected":false},"author":3,"featured_media":1655,"comment_status":"closed","ping_status":"open","sticky":false,"template":"","format":"standard","meta":{"footnotes":""},"categories":[5],"tags":[],"yoast_head":"<!-- This site is optimized with the Yoast SEO plugin v21.9.1 - https:\/\/yoast.com\/wordpress\/plugins\/seo\/ -->\n<title>Alpinisti\u010dni \u010detrtek s Toma\u017eem Jakof\u010di\u010dem | Slovenski dom in Svet slovenske nacionalne manj\u0161ine Mesta Zagreb<\/title>\n<meta name=\"robots\" content=\"index, follow, max-snippet:-1, max-image-preview:large, max-video-preview:-1\" \/>\n<link rel=\"canonical\" href=\"http:\/\/tmp.warp-poligon.info\/si\/alpinisticni-cetrtek-s-tomazem-jakofcicem\/\" \/>\n<meta property=\"og:locale\" content=\"sl_SI\" \/>\n<meta property=\"og:type\" content=\"article\" \/>\n<meta property=\"og:title\" content=\"Alpinisti\u010dni \u010detrtek s Toma\u017eem Jakof\u010di\u010dem | Slovenski dom in Svet slovenske nacionalne manj\u0161ine Mesta Zagreb\" \/>\n<meta property=\"og:description\" content=\"Zagreb \u2013 10. november 2016 V Slovenskem domu je v sodelovanju z HPD \u017deljezni\u010dar in pobudo Plezati je treba\u00a0predaval Toma\u017e Jakof\u010di\u010d iz Ljubljane. Vrhunski alpinist, gorski vodnik in alpinisti\u010dni vodnik je ob projekciji \u010dudovitih slik s svojih vzponov, govoril o svoji 38-letni bogati in uspe\u0161ni karieri. (akm) Ve\u010d v Novem odmevu 60. &nbsp; &nbsp; &nbsp; [&hellip;]\" \/>\n<meta property=\"og:url\" content=\"http:\/\/tmp.warp-poligon.info\/si\/alpinisticni-cetrtek-s-tomazem-jakofcicem\/\" \/>\n<meta property=\"og:site_name\" content=\"Slovenski dom in Svet slovenske nacionalne manj\u0161ine Mesta Zagreb\" \/>\n<meta property=\"article:published_time\" content=\"2016-11-11T11:07:17+00:00\" \/>\n<meta property=\"article:modified_time\" content=\"2016-11-21T09:59:23+00:00\" \/>\n<meta property=\"og:image\" content=\"http:\/\/tmp.warp-poligon.info\/si\/wp-content\/uploads\/sites\/2\/2016\/11\/plakat-Tomaz-Jakofcic.jpg\" \/>\n\t<meta property=\"og:image:width\" content=\"1456\" \/>\n\t<meta property=\"og:image:height\" content=\"2592\" \/>\n\t<meta property=\"og:image:type\" content=\"image\/jpeg\" \/>\n<meta name=\"author\" content=\"agata\" \/>\n<meta name=\"twitter:label1\" content=\"Written by\" \/>\n\t<meta name=\"twitter:data1\" content=\"agata\" \/>\n<script type=\"application\/ld+json\" class=\"yoast-schema-graph\">{\"@context\":\"https:\/\/schema.org\",\"@graph\":[{\"@type\":\"WebPage\",\"@id\":\"http:\/\/tmp.warp-poligon.info\/si\/alpinisticni-cetrtek-s-tomazem-jakofcicem\/\",\"url\":\"http:\/\/tmp.warp-poligon.info\/si\/alpinisticni-cetrtek-s-tomazem-jakofcicem\/\",\"name\":\"Alpinisti\u010dni \u010detrtek s Toma\u017eem Jakof\u010di\u010dem | Slovenski dom in Svet slovenske nacionalne manj\u0161ine Mesta Zagreb\",\"isPartOf\":{\"@id\":\"http:\/\/tmp.warp-poligon.info\/si\/#website\"},\"datePublished\":\"2016-11-11T11:07:17+00:00\",\"dateModified\":\"2016-11-21T09:59:23+00:00\",\"author\":{\"@id\":\"http:\/\/tmp.warp-poligon.info\/si\/#\/schema\/person\/a34ecc40aa73e6dd78780facef777d32\"},\"breadcrumb\":{\"@id\":\"http:\/\/tmp.warp-poligon.info\/si\/alpinisticni-cetrtek-s-tomazem-jakofcicem\/#breadcrumb\"},\"inLanguage\":\"sl-SI\",\"potentialAction\":[{\"@type\":\"ReadAction\",\"target\":[\"http:\/\/tmp.warp-poligon.info\/si\/alpinisticni-cetrtek-s-tomazem-jakofcicem\/\"]}]},{\"@type\":\"BreadcrumbList\",\"@id\":\"http:\/\/tmp.warp-poligon.info\/si\/alpinisticni-cetrtek-s-tomazem-jakofcicem\/#breadcrumb\",\"itemListElement\":[{\"@type\":\"ListItem\",\"position\":1,\"name\":\"Home\",\"item\":\"http:\/\/tmp.warp-poligon.info\/si\/\"},{\"@type\":\"ListItem\",\"position\":2,\"name\":\"Alpinisti\u010dni \u010detrtek s Toma\u017eem Jakof\u010di\u010dem\"}]},{\"@type\":\"WebSite\",\"@id\":\"http:\/\/tmp.warp-poligon.info\/si\/#website\",\"url\":\"http:\/\/tmp.warp-poligon.info\/si\/\",\"name\":\"Slovenski dom in Svet slovenske nacionalne manj\u0161ine Mesta Zagreb\",\"description\":\"\",\"potentialAction\":[{\"@type\":\"SearchAction\",\"target\":{\"@type\":\"EntryPoint\",\"urlTemplate\":\"http:\/\/tmp.warp-poligon.info\/si\/?s={search_term_string}\"},\"query-input\":\"required name=search_term_string\"}],\"inLanguage\":\"sl-SI\"},{\"@type\":\"Person\",\"@id\":\"http:\/\/tmp.warp-poligon.info\/si\/#\/schema\/person\/a34ecc40aa73e6dd78780facef777d32\",\"name\":\"agata\",\"image\":{\"@type\":\"ImageObject\",\"inLanguage\":\"sl-SI\",\"@id\":\"http:\/\/tmp.warp-poligon.info\/si\/#\/schema\/person\/image\/\",\"url\":\"http:\/\/1.gravatar.com\/avatar\/42c070b2dbf14a48e0639733f946c907?s=96&d=mm&r=g\",\"contentUrl\":\"http:\/\/1.gravatar.com\/avatar\/42c070b2dbf14a48e0639733f946c907?s=96&d=mm&r=g\",\"caption\":\"agata\"},\"url\":\"http:\/\/tmp.warp-poligon.info\/si\/author\/agata\/\"}]}<\/script>\n<!-- \/ Yoast SEO plugin. -->","yoast_head_json":{"title":"Alpinisti\u010dni \u010detrtek s Toma\u017eem Jakof\u010di\u010dem | Slovenski dom in Svet slovenske nacionalne manj\u0161ine Mesta Zagreb","robots":{"index":"index","follow":"follow","max-snippet":"max-snippet:-1","max-image-preview":"max-image-preview:large","max-video-preview":"max-video-preview:-1"},"canonical":"http:\/\/tmp.warp-poligon.info\/si\/alpinisticni-cetrtek-s-tomazem-jakofcicem\/","og_locale":"sl_SI","og_type":"article","og_title":"Alpinisti\u010dni \u010detrtek s Toma\u017eem Jakof\u010di\u010dem | Slovenski dom in Svet slovenske nacionalne manj\u0161ine Mesta Zagreb","og_description":"Zagreb \u2013 10. november 2016 V Slovenskem domu je v sodelovanju z HPD \u017deljezni\u010dar in pobudo Plezati je treba\u00a0predaval Toma\u017e Jakof\u010di\u010d iz Ljubljane. Vrhunski alpinist, gorski vodnik in alpinisti\u010dni vodnik je ob projekciji \u010dudovitih slik s svojih vzponov, govoril o svoji 38-letni bogati in uspe\u0161ni karieri. (akm) Ve\u010d v Novem odmevu 60. &nbsp; &nbsp; &nbsp; [&hellip;]","og_url":"http:\/\/tmp.warp-poligon.info\/si\/alpinisticni-cetrtek-s-tomazem-jakofcicem\/","og_site_name":"Slovenski dom in Svet slovenske nacionalne manj\u0161ine Mesta Zagreb","article_published_time":"2016-11-11T11:07:17+00:00","article_modified_time":"2016-11-21T09:59:23+00:00","og_image":[{"width":1456,"height":2592,"url":"http:\/\/tmp.warp-poligon.info\/si\/wp-content\/uploads\/sites\/2\/2016\/11\/plakat-Tomaz-Jakofcic.jpg","type":"image\/jpeg"}],"author":"agata","twitter_misc":{"Written by":"agata"},"schema":{"@context":"https:\/\/schema.org","@graph":[{"@type":"WebPage","@id":"http:\/\/tmp.warp-poligon.info\/si\/alpinisticni-cetrtek-s-tomazem-jakofcicem\/","url":"http:\/\/tmp.warp-poligon.info\/si\/alpinisticni-cetrtek-s-tomazem-jakofcicem\/","name":"Alpinisti\u010dni \u010detrtek s Toma\u017eem Jakof\u010di\u010dem | Slovenski dom in Svet slovenske nacionalne manj\u0161ine Mesta Zagreb","isPartOf":{"@id":"http:\/\/tmp.warp-poligon.info\/si\/#website"},"datePublished":"2016-11-11T11:07:17+00:00","dateModified":"2016-11-21T09:59:23+00:00","author":{"@id":"http:\/\/tmp.warp-poligon.info\/si\/#\/schema\/person\/a34ecc40aa73e6dd78780facef777d32"},"breadcrumb":{"@id":"http:\/\/tmp.warp-poligon.info\/si\/alpinisticni-cetrtek-s-tomazem-jakofcicem\/#breadcrumb"},"inLanguage":"sl-SI","potentialAction":[{"@type":"ReadAction","target":["http:\/\/tmp.warp-poligon.info\/si\/alpinisticni-cetrtek-s-tomazem-jakofcicem\/"]}]},{"@type":"BreadcrumbList","@id":"http:\/\/tmp.warp-poligon.info\/si\/alpinisticni-cetrtek-s-tomazem-jakofcicem\/#breadcrumb","itemListElement":[{"@type":"ListItem","position":1,"name":"Home","item":"http:\/\/tmp.warp-poligon.info\/si\/"},{"@type":"ListItem","position":2,"name":"Alpinisti\u010dni \u010detrtek s Toma\u017eem Jakof\u010di\u010dem"}]},{"@type":"WebSite","@id":"http:\/\/tmp.warp-poligon.info\/si\/#website","url":"http:\/\/tmp.warp-poligon.info\/si\/","name":"Slovenski dom in Svet slovenske nacionalne manj\u0161ine Mesta Zagreb","description":"","potentialAction":[{"@type":"SearchAction","target":{"@type":"EntryPoint","urlTemplate":"http:\/\/tmp.warp-poligon.info\/si\/?s={search_term_string}"},"query-input":"required name=search_term_string"}],"inLanguage":"sl-SI"},{"@type":"Person","@id":"http:\/\/tmp.warp-poligon.info\/si\/#\/schema\/person\/a34ecc40aa73e6dd78780facef777d32","name":"agata","image":{"@type":"ImageObject","inLanguage":"sl-SI","@id":"http:\/\/tmp.warp-poligon.info\/si\/#\/schema\/person\/image\/","url":"http:\/\/1.gravatar.com\/avatar\/42c070b2dbf14a48e0639733f946c907?s=96&d=mm&r=g","contentUrl":"http:\/\/1.gravatar.com\/avatar\/42c070b2dbf14a48e0639733f946c907?s=96&d=mm&r=g","caption":"agata"},"url":"http:\/\/tmp.warp-poligon.info\/si\/author\/agata\/"}]}},"_links":{"self":[{"href":"http:\/\/tmp.warp-poligon.info\/si\/wp-json\/wp\/v2\/posts\/1659"}],"collection":[{"href":"http:\/\/tmp.warp-poligon.info\/si\/wp-json\/wp\/v2\/posts"}],"about":[{"href":"http:\/\/tmp.warp-poligon.info\/si\/wp-json\/wp\/v2\/types\/post"}],"author":[{"embeddable":true,"href":"http:\/\/tmp.warp-poligon.info\/si\/wp-json\/wp\/v2\/users\/3"}],"replies":[{"embeddable":true,"href":"http:\/\/tmp.warp-poligon.info\/si\/wp-json\/wp\/v2\/comments?post=1659"}],"version-history":[{"count":13,"href":"http:\/\/tmp.warp-poligon.info\/si\/wp-json\/wp\/v2\/posts\/1659\/revisions"}],"predecessor-version":[{"id":1677,"href":"http:\/\/tmp.warp-poligon.info\/si\/wp-json\/wp\/v2\/posts\/1659\/revisions\/1677"}],"wp:featuredmedia":[{"embeddable":true,"href":"http:\/\/tmp.warp-poligon.info\/si\/wp-json\/wp\/v2\/media\/1655"}],"wp:attachment":[{"href":"http:\/\/tmp.warp-poligon.info\/si\/wp-json\/wp\/v2\/media?parent=1659"}],"wp:term":[{"taxonomy":"category","embeddable":true,"href":"http:\/\/tmp.warp-poligon.info\/si\/wp-json\/wp\/v2\/categories?post=1659"},{"taxonomy":"post_tag","embeddable":true,"href":"http:\/\/tmp.warp-poligon.info\/si\/wp-json\/wp\/v2\/tags?post=1659"}],"curies":[{"name":"wp","href":"https:\/\/api.w.org\/{rel}","templated":true}]}}