{"id":1881,"date":"2012-04-03T13:25:45","date_gmt":"2012-04-03T11:25:45","guid":{"rendered":"http:\/\/tmp.warp-poligon.info\/si\/?p=1881"},"modified":"2017-04-06T23:26:33","modified_gmt":"2017-04-06T21:26:33","slug":"bilten-april-2012","status":"publish","type":"post","link":"http:\/\/tmp.warp-poligon.info\/si\/bilten-april-2012\/","title":{"rendered":"Bilten april 2012"},"content":{"rendered":"<p><strong>SPO\u0160TOVANI \u010cLANI IN PRIJATELJI SLOVENSKEGA DOMA!<\/strong><\/p>\n<p style=\"text-align: right;\">Zagreb, 3. april 2012<\/p>\n<p style=\"text-align: center;\">\u010ce na veliki petek de\u017euje, dobro leto se napoveduje.<\/p>\n<p><span style=\"text-decoration: underline;\"><strong>11. april 2012 ob 19. uri (sreda)<\/strong><\/span><br \/>\n<strong> LJUDJE, KI NAS POVEZUJEJO &#8211; mag. BORIS ANDRIJANI\u010c<\/strong><br \/>\nV sklopu programa Ljudje, ki nas povezujejo bomo predstavili <strong>magistra farmacije Borisa Andrijani\u010da<\/strong>. Rodil se je leta 1910 v Novem mestu. Bil je ustanovitelj ter dolgoletni direktor znane slovenske tovarne zdravil Krka. Zaznamoval je dobr\u0161en del zgodovine Novega mesta in Dolenjske. Za svoj ljubljeni rodni kraj je bil pripravljen prispevati in narediti ogromno. Z njegovo pomo\u010djo so se hitreje in bolj kakovostno razvijali gospodarstvo, izobra\u017eevanje, kultura, turizem in \u0161port. Podpiral je humanitarne dejavnosti in imel izjemen posluh za ohranjanje in za\u0161\u010dito naravne in kulturne dedi\u0161\u010dine. Svojo bogato \u017eivljenjsko pot je sklenil v Novem mesto leta 1993.<\/p>\n<p><strong>Razstavo o mag. Borisu Andrijani\u010du<\/strong> je pripravil <strong>Dolenjski muzej Novo mesto<\/strong>, avtorica je <strong>Marjeta Bregar<\/strong>. Odprl jo bo veleposlanik Republike Slovenije <strong>Vojko Volk<\/strong>.<\/p>\n<p>&nbsp;<\/p>\n<p><span style=\"text-decoration: underline;\"><strong>19. april 2012 ob 19. uri (\u010detrtek)<\/strong><\/span><br \/>\n<strong> PREDAVANJE ALPINISTKE MONIKE KAMBI\u010c<\/strong><br \/>\nPo izvrstnem in zanimivem predavanju svetovno znanega alpinista <strong>Marka Prezlja<\/strong>, ki je bilo minuli mesec v nabito polni dvorani Slovenskega doma, nadaljujemo s predavanji znamenitih slovenskih alpinistov pod imenom <strong>Alpinisti\u010dni \u010detrtek v Slovenskem domu<\/strong>.<br \/>\nV goste nam prihaja ena najbolj znanih slovenskih alpinistk <strong>Monika Kambi\u010d<\/strong>. Sodelovala je v ve\u010d kot desetih ekspedicijah in izvedla ve\u010d kot 700 najzahtevnej\u0161ih alpinisti\u010dnih vzponov. Trikrat je razgla\u0161ena za alpinistko leta.<\/p>\n<p style=\"text-align: center;\"><strong>PEVSKI ZBOR<\/strong><br \/>\nPevski zbor vabi k sodelovanju vse z lepim glasom, dobro voljo<br \/>\nin \u017eeljo po dru\u017eenju in petju.<br \/>\nVSE INFORMACIJE SO NA VOLJO V TAJNI\u0160TVU<br \/>\nVSAK DELAVNIK OD 10. DO 13. URE, RAZEN PONEDELJKA!<\/p>\n<p>&nbsp;<\/p>\n<p><em><strong>Po\u0161iljamo Vam polo\u017enico za pla\u010dilo \u010dlanarine za leto 2012. Naj vam bo pla\u010dilo \u010dlanarine v \u010dast in zadovoljstvo. \u010ce ste \u010dlanarino \u017ee pla\u010dali v tajni\u0161tvu, pozabite na polo\u017enico.<\/strong><\/em><\/p>\n<p style=\"text-align: center;\"><strong>VO\u0160\u010cIMO VAM VESELE VELIKONO\u010cNE PRAZNIKE!<\/strong><\/p>\n","protected":false},"excerpt":{"rendered":"<p>SPO\u0160TOVANI \u010cLANI IN PRIJATELJI SLOVENSKEGA DOMA! Zagreb, 3. april 2012 \u010ce na veliki petek de\u017euje, dobro leto se napoveduje. 11. april 2012 ob 19. uri (sreda) LJUDJE, KI NAS POVEZUJEJO &#8211; mag. BORIS ANDRIJANI\u010c V sklopu programa Ljudje, ki nas povezujejo bomo predstavili magistra farmacije Borisa Andrijani\u010da. Rodil se je leta 1910 v Novem mestu. [&hellip;]<\/p>\n","protected":false},"author":1,"featured_media":0,"comment_status":"closed","ping_status":"open","sticky":false,"template":"","format":"standard","meta":{"footnotes":""},"categories":[3],"tags":[],"yoast_head":"<!-- This site is optimized with the Yoast SEO plugin v21.9.1 - https:\/\/yoast.com\/wordpress\/plugins\/seo\/ -->\n<title>Bilten april 2012 | Slovenski dom in Svet slovenske nacionalne manj\u0161ine Mesta Zagreb<\/title>\n<meta name=\"robots\" content=\"index, follow, max-snippet:-1, max-image-preview:large, max-video-preview:-1\" \/>\n<link rel=\"canonical\" href=\"http:\/\/tmp.warp-poligon.info\/si\/bilten-april-2012\/\" \/>\n<meta property=\"og:locale\" content=\"sl_SI\" \/>\n<meta property=\"og:type\" content=\"article\" \/>\n<meta property=\"og:title\" content=\"Bilten april 2012 | Slovenski dom in Svet slovenske nacionalne manj\u0161ine Mesta Zagreb\" \/>\n<meta property=\"og:description\" content=\"SPO\u0160TOVANI \u010cLANI IN PRIJATELJI SLOVENSKEGA DOMA! Zagreb, 3. april 2012 \u010ce na veliki petek de\u017euje, dobro leto se napoveduje. 11. april 2012 ob 19. uri (sreda) LJUDJE, KI NAS POVEZUJEJO &#8211; mag. BORIS ANDRIJANI\u010c V sklopu programa Ljudje, ki nas povezujejo bomo predstavili magistra farmacije Borisa Andrijani\u010da. Rodil se je leta 1910 v Novem mestu. [&hellip;]\" \/>\n<meta property=\"og:url\" content=\"http:\/\/tmp.warp-poligon.info\/si\/bilten-april-2012\/\" \/>\n<meta property=\"og:site_name\" content=\"Slovenski dom in Svet slovenske nacionalne manj\u0161ine Mesta Zagreb\" \/>\n<meta property=\"article:published_time\" content=\"2012-04-03T11:25:45+00:00\" \/>\n<meta property=\"article:modified_time\" content=\"2017-04-06T21:26:33+00:00\" \/>\n<meta name=\"author\" content=\"edin.dji\" \/>\n<meta name=\"twitter:label1\" content=\"Written by\" \/>\n\t<meta name=\"twitter:data1\" content=\"edin.dji\" \/>\n\t<meta name=\"twitter:label2\" content=\"Est. reading time\" \/>\n\t<meta name=\"twitter:data2\" content=\"2 minuti\" \/>\n<script type=\"application\/ld+json\" class=\"yoast-schema-graph\">{\"@context\":\"https:\/\/schema.org\",\"@graph\":[{\"@type\":\"WebPage\",\"@id\":\"http:\/\/tmp.warp-poligon.info\/si\/bilten-april-2012\/\",\"url\":\"http:\/\/tmp.warp-poligon.info\/si\/bilten-april-2012\/\",\"name\":\"Bilten april 2012 | Slovenski dom in Svet slovenske nacionalne manj\u0161ine Mesta Zagreb\",\"isPartOf\":{\"@id\":\"http:\/\/tmp.warp-poligon.info\/si\/#website\"},\"datePublished\":\"2012-04-03T11:25:45+00:00\",\"dateModified\":\"2017-04-06T21:26:33+00:00\",\"author\":{\"@id\":\"http:\/\/tmp.warp-poligon.info\/si\/#\/schema\/person\/6676f710a91979474558fea82bc41a0a\"},\"breadcrumb\":{\"@id\":\"http:\/\/tmp.warp-poligon.info\/si\/bilten-april-2012\/#breadcrumb\"},\"inLanguage\":\"sl-SI\",\"potentialAction\":[{\"@type\":\"ReadAction\",\"target\":[\"http:\/\/tmp.warp-poligon.info\/si\/bilten-april-2012\/\"]}]},{\"@type\":\"BreadcrumbList\",\"@id\":\"http:\/\/tmp.warp-poligon.info\/si\/bilten-april-2012\/#breadcrumb\",\"itemListElement\":[{\"@type\":\"ListItem\",\"position\":1,\"name\":\"Home\",\"item\":\"http:\/\/tmp.warp-poligon.info\/si\/\"},{\"@type\":\"ListItem\",\"position\":2,\"name\":\"Bilten april 2012\"}]},{\"@type\":\"WebSite\",\"@id\":\"http:\/\/tmp.warp-poligon.info\/si\/#website\",\"url\":\"http:\/\/tmp.warp-poligon.info\/si\/\",\"name\":\"Slovenski dom in Svet slovenske nacionalne manj\u0161ine Mesta Zagreb\",\"description\":\"\",\"potentialAction\":[{\"@type\":\"SearchAction\",\"target\":{\"@type\":\"EntryPoint\",\"urlTemplate\":\"http:\/\/tmp.warp-poligon.info\/si\/?s={search_term_string}\"},\"query-input\":\"required name=search_term_string\"}],\"inLanguage\":\"sl-SI\"},{\"@type\":\"Person\",\"@id\":\"http:\/\/tmp.warp-poligon.info\/si\/#\/schema\/person\/6676f710a91979474558fea82bc41a0a\",\"name\":\"edin.dji\",\"image\":{\"@type\":\"ImageObject\",\"inLanguage\":\"sl-SI\",\"@id\":\"http:\/\/tmp.warp-poligon.info\/si\/#\/schema\/person\/image\/\",\"url\":\"http:\/\/0.gravatar.com\/avatar\/6136fa88afb87b83090822617871c230?s=96&d=mm&r=g\",\"contentUrl\":\"http:\/\/0.gravatar.com\/avatar\/6136fa88afb87b83090822617871c230?s=96&d=mm&r=g\",\"caption\":\"edin.dji\"},\"url\":\"http:\/\/tmp.warp-poligon.info\/si\/author\/edin-dji\/\"}]}<\/script>\n<!-- \/ Yoast SEO plugin. -->","yoast_head_json":{"title":"Bilten april 2012 | Slovenski dom in Svet slovenske nacionalne manj\u0161ine Mesta Zagreb","robots":{"index":"index","follow":"follow","max-snippet":"max-snippet:-1","max-image-preview":"max-image-preview:large","max-video-preview":"max-video-preview:-1"},"canonical":"http:\/\/tmp.warp-poligon.info\/si\/bilten-april-2012\/","og_locale":"sl_SI","og_type":"article","og_title":"Bilten april 2012 | Slovenski dom in Svet slovenske nacionalne manj\u0161ine Mesta Zagreb","og_description":"SPO\u0160TOVANI \u010cLANI IN PRIJATELJI SLOVENSKEGA DOMA! Zagreb, 3. april 2012 \u010ce na veliki petek de\u017euje, dobro leto se napoveduje. 11. april 2012 ob 19. uri (sreda) LJUDJE, KI NAS POVEZUJEJO &#8211; mag. BORIS ANDRIJANI\u010c V sklopu programa Ljudje, ki nas povezujejo bomo predstavili magistra farmacije Borisa Andrijani\u010da. Rodil se je leta 1910 v Novem mestu. [&hellip;]","og_url":"http:\/\/tmp.warp-poligon.info\/si\/bilten-april-2012\/","og_site_name":"Slovenski dom in Svet slovenske nacionalne manj\u0161ine Mesta Zagreb","article_published_time":"2012-04-03T11:25:45+00:00","article_modified_time":"2017-04-06T21:26:33+00:00","author":"edin.dji","twitter_misc":{"Written by":"edin.dji","Est. reading time":"2 minuti"},"schema":{"@context":"https:\/\/schema.org","@graph":[{"@type":"WebPage","@id":"http:\/\/tmp.warp-poligon.info\/si\/bilten-april-2012\/","url":"http:\/\/tmp.warp-poligon.info\/si\/bilten-april-2012\/","name":"Bilten april 2012 | Slovenski dom in Svet slovenske nacionalne manj\u0161ine Mesta Zagreb","isPartOf":{"@id":"http:\/\/tmp.warp-poligon.info\/si\/#website"},"datePublished":"2012-04-03T11:25:45+00:00","dateModified":"2017-04-06T21:26:33+00:00","author":{"@id":"http:\/\/tmp.warp-poligon.info\/si\/#\/schema\/person\/6676f710a91979474558fea82bc41a0a"},"breadcrumb":{"@id":"http:\/\/tmp.warp-poligon.info\/si\/bilten-april-2012\/#breadcrumb"},"inLanguage":"sl-SI","potentialAction":[{"@type":"ReadAction","target":["http:\/\/tmp.warp-poligon.info\/si\/bilten-april-2012\/"]}]},{"@type":"BreadcrumbList","@id":"http:\/\/tmp.warp-poligon.info\/si\/bilten-april-2012\/#breadcrumb","itemListElement":[{"@type":"ListItem","position":1,"name":"Home","item":"http:\/\/tmp.warp-poligon.info\/si\/"},{"@type":"ListItem","position":2,"name":"Bilten april 2012"}]},{"@type":"WebSite","@id":"http:\/\/tmp.warp-poligon.info\/si\/#website","url":"http:\/\/tmp.warp-poligon.info\/si\/","name":"Slovenski dom in Svet slovenske nacionalne manj\u0161ine Mesta Zagreb","description":"","potentialAction":[{"@type":"SearchAction","target":{"@type":"EntryPoint","urlTemplate":"http:\/\/tmp.warp-poligon.info\/si\/?s={search_term_string}"},"query-input":"required name=search_term_string"}],"inLanguage":"sl-SI"},{"@type":"Person","@id":"http:\/\/tmp.warp-poligon.info\/si\/#\/schema\/person\/6676f710a91979474558fea82bc41a0a","name":"edin.dji","image":{"@type":"ImageObject","inLanguage":"sl-SI","@id":"http:\/\/tmp.warp-poligon.info\/si\/#\/schema\/person\/image\/","url":"http:\/\/0.gravatar.com\/avatar\/6136fa88afb87b83090822617871c230?s=96&d=mm&r=g","contentUrl":"http:\/\/0.gravatar.com\/avatar\/6136fa88afb87b83090822617871c230?s=96&d=mm&r=g","caption":"edin.dji"},"url":"http:\/\/tmp.warp-poligon.info\/si\/author\/edin-dji\/"}]}},"_links":{"self":[{"href":"http:\/\/tmp.warp-poligon.info\/si\/wp-json\/wp\/v2\/posts\/1881"}],"collection":[{"href":"http:\/\/tmp.warp-poligon.info\/si\/wp-json\/wp\/v2\/posts"}],"about":[{"href":"http:\/\/tmp.warp-poligon.info\/si\/wp-json\/wp\/v2\/types\/post"}],"author":[{"embeddable":true,"href":"http:\/\/tmp.warp-poligon.info\/si\/wp-json\/wp\/v2\/users\/1"}],"replies":[{"embeddable":true,"href":"http:\/\/tmp.warp-poligon.info\/si\/wp-json\/wp\/v2\/comments?post=1881"}],"version-history":[{"count":1,"href":"http:\/\/tmp.warp-poligon.info\/si\/wp-json\/wp\/v2\/posts\/1881\/revisions"}],"predecessor-version":[{"id":1882,"href":"http:\/\/tmp.warp-poligon.info\/si\/wp-json\/wp\/v2\/posts\/1881\/revisions\/1882"}],"wp:attachment":[{"href":"http:\/\/tmp.warp-poligon.info\/si\/wp-json\/wp\/v2\/media?parent=1881"}],"wp:term":[{"taxonomy":"category","embeddable":true,"href":"http:\/\/tmp.warp-poligon.info\/si\/wp-json\/wp\/v2\/categories?post=1881"},{"taxonomy":"post_tag","embeddable":true,"href":"http:\/\/tmp.warp-poligon.info\/si\/wp-json\/wp\/v2\/tags?post=1881"}],"curies":[{"name":"wp","href":"https:\/\/api.w.org\/{rel}","templated":true}]}}