{"id":1893,"date":"2013-01-23T13:35:52","date_gmt":"2013-01-23T12:35:52","guid":{"rendered":"http:\/\/tmp.warp-poligon.info\/si\/?p=1893"},"modified":"2017-04-06T23:35:30","modified_gmt":"2017-04-06T21:35:30","slug":"bilten-januar-2013-vabilo-kulturni-praznik-2013","status":"publish","type":"post","link":"http:\/\/tmp.warp-poligon.info\/si\/bilten-januar-2013-vabilo-kulturni-praznik-2013\/","title":{"rendered":"Bilten januar 2013 &#8211; vabilo kulturni praznik 2013"},"content":{"rendered":"<p><strong>SPO\u0160TOVANI \u010cLANI IN PRIJATELJI!<\/strong><\/p>\n<p style=\"text-align: right;\">Zagreb, 21. januar 2013<\/p>\n<p style=\"text-align: center;\"><strong>Tiho in temno bi bilo brez kulture.<\/strong><\/p>\n<p><em>Vsako proslavljanje slovenskega kulturnega praznika je prispevek k ohranjanju slovenske kulture in slovenstva. Potrjujemo, da \u017eivimo in ustvarjamo na Hrva\u0161kem kjer pu\u0161\u010damo sledi. Zato toliko bolj i\u0161\u010demo svojo posebnost, druga\u010dnost, obujamo in negujemo kulturo iz katere izviramo.<\/em><br \/>\n<em> Tudi letos smo pripravili zanimiv, bogat in raznovrsten program. Poudarek bo na slovenskem dokumentarnem filmu. V goste smo povabili nekatere od protagonistov filmov, med njimi tudi znana ko\u0161arkarja <strong>Iva Daneua<\/strong> in <strong>Petra Skansija. 4. februarja ob 19. uri<\/strong> bo otvoritev <strong>Dnevov slovenske kulture<\/strong>, kot tudi otvoritev <strong>razstave slovenskega filmskega plakata Pridite v kino<\/strong>.<\/em><br \/>\n<em> Va\u0161o pozornost bi \u017eeleli usmeriti na poseben dogodek, ki bo <strong>7. februarja ob 18. uri<\/strong> v Slovenskem domu. Gostili bomo velikega slovenskega umetnika <strong>Henrika Neubauerja<\/strong>. Del\u010dek svoje zanimive \u017eivljenjske zgodbo in ustvarjalne poti bo razkril v pogovoru, ki ga bo vodil re\u017eiser, skladatelj, lutkar in filmar <strong>\u010crt \u0160kodlar<\/strong>.<\/em><\/p>\n<p><em>\u010ce \u017eelite, si lahko ogledate <strong>gledali\u0161ko predstavo Nevihta<\/strong>, ki jo bo <strong>10. februarja ob 20. uri<\/strong> v Zagreb\u0161kem mladinskem gledali\u0161\u010du (ZKM, ulica Nikole Tesle 7) igralo <strong>Mestno gledali\u0161\u010de ljubljansko<\/strong>. To tragi\u010dno dru\u017ebeno in ljubezensko dramo je po najbolj znanem delu klasika ruske knji\u017eevnosti Aleksandra Nikolajevi\u010da Ostrovskega, re\u017eiral <strong>Jernej Lorenci<\/strong>.<\/em><\/p>\n<p><strong><em>Za \u010dlane Slovenskega doma smo poskrbeli za brezpla\u010dne vstopnice. Pravo\u010dasno pokli\u010dite in rezervirajte vstopnice na \u0161tevilko telefona 01-6525 973.<\/em><\/strong><\/p>\n<p><strong>Vabimo Vas na ogled kulturnih dogodkov ob Dnevih slovenske kulture in slovenskega kulturnega praznika. Pozorno preberite vabilo v prilogi, posebno bodite pozorni na kraj in \u010das za\u010detka prireditev.<\/strong><\/p>\n<p><strong><a href=\"\/wp-content\/uploads\/2013\/01\/kultura2013W.pdf\" target=\"_blank\">Vabilo kulturni praznik 2013<\/a> (888 KB) pdf.<\/strong><\/p>\n<p>&nbsp;<\/p>\n<p style=\"text-align: center;\"><strong>SLOVENSKI DOM \u2013 NA\u0160 DRUGI DOM<\/strong><\/p>\n","protected":false},"excerpt":{"rendered":"<p>SPO\u0160TOVANI \u010cLANI IN PRIJATELJI! Zagreb, 21. januar 2013 Tiho in temno bi bilo brez kulture. Vsako proslavljanje slovenskega kulturnega praznika je prispevek k ohranjanju slovenske kulture in slovenstva. Potrjujemo, da \u017eivimo in ustvarjamo na Hrva\u0161kem kjer pu\u0161\u010damo sledi. Zato toliko bolj i\u0161\u010demo svojo posebnost, druga\u010dnost, obujamo in negujemo kulturo iz katere izviramo. Tudi letos smo [&hellip;]<\/p>\n","protected":false},"author":1,"featured_media":0,"comment_status":"closed","ping_status":"open","sticky":false,"template":"","format":"standard","meta":{"footnotes":""},"categories":[3],"tags":[],"yoast_head":"<!-- This site is optimized with the Yoast SEO plugin v21.9.1 - https:\/\/yoast.com\/wordpress\/plugins\/seo\/ -->\n<title>Bilten januar 2013 - vabilo kulturni praznik 2013 | Slovenski dom in Svet slovenske nacionalne manj\u0161ine Mesta Zagreb<\/title>\n<meta name=\"robots\" content=\"index, follow, max-snippet:-1, max-image-preview:large, max-video-preview:-1\" \/>\n<link rel=\"canonical\" href=\"http:\/\/tmp.warp-poligon.info\/si\/bilten-januar-2013-vabilo-kulturni-praznik-2013\/\" \/>\n<meta property=\"og:locale\" content=\"sl_SI\" \/>\n<meta property=\"og:type\" content=\"article\" \/>\n<meta property=\"og:title\" content=\"Bilten januar 2013 - vabilo kulturni praznik 2013 | Slovenski dom in Svet slovenske nacionalne manj\u0161ine Mesta Zagreb\" \/>\n<meta property=\"og:description\" content=\"SPO\u0160TOVANI \u010cLANI IN PRIJATELJI! Zagreb, 21. januar 2013 Tiho in temno bi bilo brez kulture. Vsako proslavljanje slovenskega kulturnega praznika je prispevek k ohranjanju slovenske kulture in slovenstva. Potrjujemo, da \u017eivimo in ustvarjamo na Hrva\u0161kem kjer pu\u0161\u010damo sledi. Zato toliko bolj i\u0161\u010demo svojo posebnost, druga\u010dnost, obujamo in negujemo kulturo iz katere izviramo. Tudi letos smo [&hellip;]\" \/>\n<meta property=\"og:url\" content=\"http:\/\/tmp.warp-poligon.info\/si\/bilten-januar-2013-vabilo-kulturni-praznik-2013\/\" \/>\n<meta property=\"og:site_name\" content=\"Slovenski dom in Svet slovenske nacionalne manj\u0161ine Mesta Zagreb\" \/>\n<meta property=\"article:published_time\" content=\"2013-01-23T12:35:52+00:00\" \/>\n<meta property=\"article:modified_time\" content=\"2017-04-06T21:35:30+00:00\" \/>\n<meta name=\"author\" content=\"edin.dji\" \/>\n<meta name=\"twitter:label1\" content=\"Written by\" \/>\n\t<meta name=\"twitter:data1\" content=\"edin.dji\" \/>\n\t<meta name=\"twitter:label2\" content=\"Est. reading time\" \/>\n\t<meta name=\"twitter:data2\" content=\"1 minuta\" \/>\n<script type=\"application\/ld+json\" class=\"yoast-schema-graph\">{\"@context\":\"https:\/\/schema.org\",\"@graph\":[{\"@type\":\"WebPage\",\"@id\":\"http:\/\/tmp.warp-poligon.info\/si\/bilten-januar-2013-vabilo-kulturni-praznik-2013\/\",\"url\":\"http:\/\/tmp.warp-poligon.info\/si\/bilten-januar-2013-vabilo-kulturni-praznik-2013\/\",\"name\":\"Bilten januar 2013 - vabilo kulturni praznik 2013 | Slovenski dom in Svet slovenske nacionalne manj\u0161ine Mesta Zagreb\",\"isPartOf\":{\"@id\":\"http:\/\/tmp.warp-poligon.info\/si\/#website\"},\"datePublished\":\"2013-01-23T12:35:52+00:00\",\"dateModified\":\"2017-04-06T21:35:30+00:00\",\"author\":{\"@id\":\"http:\/\/tmp.warp-poligon.info\/si\/#\/schema\/person\/6676f710a91979474558fea82bc41a0a\"},\"breadcrumb\":{\"@id\":\"http:\/\/tmp.warp-poligon.info\/si\/bilten-januar-2013-vabilo-kulturni-praznik-2013\/#breadcrumb\"},\"inLanguage\":\"sl-SI\",\"potentialAction\":[{\"@type\":\"ReadAction\",\"target\":[\"http:\/\/tmp.warp-poligon.info\/si\/bilten-januar-2013-vabilo-kulturni-praznik-2013\/\"]}]},{\"@type\":\"BreadcrumbList\",\"@id\":\"http:\/\/tmp.warp-poligon.info\/si\/bilten-januar-2013-vabilo-kulturni-praznik-2013\/#breadcrumb\",\"itemListElement\":[{\"@type\":\"ListItem\",\"position\":1,\"name\":\"Home\",\"item\":\"http:\/\/tmp.warp-poligon.info\/si\/\"},{\"@type\":\"ListItem\",\"position\":2,\"name\":\"Bilten januar 2013 &#8211; vabilo kulturni praznik 2013\"}]},{\"@type\":\"WebSite\",\"@id\":\"http:\/\/tmp.warp-poligon.info\/si\/#website\",\"url\":\"http:\/\/tmp.warp-poligon.info\/si\/\",\"name\":\"Slovenski dom in Svet slovenske nacionalne manj\u0161ine Mesta Zagreb\",\"description\":\"\",\"potentialAction\":[{\"@type\":\"SearchAction\",\"target\":{\"@type\":\"EntryPoint\",\"urlTemplate\":\"http:\/\/tmp.warp-poligon.info\/si\/?s={search_term_string}\"},\"query-input\":\"required name=search_term_string\"}],\"inLanguage\":\"sl-SI\"},{\"@type\":\"Person\",\"@id\":\"http:\/\/tmp.warp-poligon.info\/si\/#\/schema\/person\/6676f710a91979474558fea82bc41a0a\",\"name\":\"edin.dji\",\"image\":{\"@type\":\"ImageObject\",\"inLanguage\":\"sl-SI\",\"@id\":\"http:\/\/tmp.warp-poligon.info\/si\/#\/schema\/person\/image\/\",\"url\":\"http:\/\/0.gravatar.com\/avatar\/6136fa88afb87b83090822617871c230?s=96&d=mm&r=g\",\"contentUrl\":\"http:\/\/0.gravatar.com\/avatar\/6136fa88afb87b83090822617871c230?s=96&d=mm&r=g\",\"caption\":\"edin.dji\"},\"url\":\"http:\/\/tmp.warp-poligon.info\/si\/author\/edin-dji\/\"}]}<\/script>\n<!-- \/ Yoast SEO plugin. -->","yoast_head_json":{"title":"Bilten januar 2013 - vabilo kulturni praznik 2013 | Slovenski dom in Svet slovenske nacionalne manj\u0161ine Mesta Zagreb","robots":{"index":"index","follow":"follow","max-snippet":"max-snippet:-1","max-image-preview":"max-image-preview:large","max-video-preview":"max-video-preview:-1"},"canonical":"http:\/\/tmp.warp-poligon.info\/si\/bilten-januar-2013-vabilo-kulturni-praznik-2013\/","og_locale":"sl_SI","og_type":"article","og_title":"Bilten januar 2013 - vabilo kulturni praznik 2013 | Slovenski dom in Svet slovenske nacionalne manj\u0161ine Mesta Zagreb","og_description":"SPO\u0160TOVANI \u010cLANI IN PRIJATELJI! Zagreb, 21. januar 2013 Tiho in temno bi bilo brez kulture. Vsako proslavljanje slovenskega kulturnega praznika je prispevek k ohranjanju slovenske kulture in slovenstva. Potrjujemo, da \u017eivimo in ustvarjamo na Hrva\u0161kem kjer pu\u0161\u010damo sledi. Zato toliko bolj i\u0161\u010demo svojo posebnost, druga\u010dnost, obujamo in negujemo kulturo iz katere izviramo. Tudi letos smo [&hellip;]","og_url":"http:\/\/tmp.warp-poligon.info\/si\/bilten-januar-2013-vabilo-kulturni-praznik-2013\/","og_site_name":"Slovenski dom in Svet slovenske nacionalne manj\u0161ine Mesta Zagreb","article_published_time":"2013-01-23T12:35:52+00:00","article_modified_time":"2017-04-06T21:35:30+00:00","author":"edin.dji","twitter_misc":{"Written by":"edin.dji","Est. reading time":"1 minuta"},"schema":{"@context":"https:\/\/schema.org","@graph":[{"@type":"WebPage","@id":"http:\/\/tmp.warp-poligon.info\/si\/bilten-januar-2013-vabilo-kulturni-praznik-2013\/","url":"http:\/\/tmp.warp-poligon.info\/si\/bilten-januar-2013-vabilo-kulturni-praznik-2013\/","name":"Bilten januar 2013 - vabilo kulturni praznik 2013 | Slovenski dom in Svet slovenske nacionalne manj\u0161ine Mesta Zagreb","isPartOf":{"@id":"http:\/\/tmp.warp-poligon.info\/si\/#website"},"datePublished":"2013-01-23T12:35:52+00:00","dateModified":"2017-04-06T21:35:30+00:00","author":{"@id":"http:\/\/tmp.warp-poligon.info\/si\/#\/schema\/person\/6676f710a91979474558fea82bc41a0a"},"breadcrumb":{"@id":"http:\/\/tmp.warp-poligon.info\/si\/bilten-januar-2013-vabilo-kulturni-praznik-2013\/#breadcrumb"},"inLanguage":"sl-SI","potentialAction":[{"@type":"ReadAction","target":["http:\/\/tmp.warp-poligon.info\/si\/bilten-januar-2013-vabilo-kulturni-praznik-2013\/"]}]},{"@type":"BreadcrumbList","@id":"http:\/\/tmp.warp-poligon.info\/si\/bilten-januar-2013-vabilo-kulturni-praznik-2013\/#breadcrumb","itemListElement":[{"@type":"ListItem","position":1,"name":"Home","item":"http:\/\/tmp.warp-poligon.info\/si\/"},{"@type":"ListItem","position":2,"name":"Bilten januar 2013 &#8211; vabilo kulturni praznik 2013"}]},{"@type":"WebSite","@id":"http:\/\/tmp.warp-poligon.info\/si\/#website","url":"http:\/\/tmp.warp-poligon.info\/si\/","name":"Slovenski dom in Svet slovenske nacionalne manj\u0161ine Mesta Zagreb","description":"","potentialAction":[{"@type":"SearchAction","target":{"@type":"EntryPoint","urlTemplate":"http:\/\/tmp.warp-poligon.info\/si\/?s={search_term_string}"},"query-input":"required name=search_term_string"}],"inLanguage":"sl-SI"},{"@type":"Person","@id":"http:\/\/tmp.warp-poligon.info\/si\/#\/schema\/person\/6676f710a91979474558fea82bc41a0a","name":"edin.dji","image":{"@type":"ImageObject","inLanguage":"sl-SI","@id":"http:\/\/tmp.warp-poligon.info\/si\/#\/schema\/person\/image\/","url":"http:\/\/0.gravatar.com\/avatar\/6136fa88afb87b83090822617871c230?s=96&d=mm&r=g","contentUrl":"http:\/\/0.gravatar.com\/avatar\/6136fa88afb87b83090822617871c230?s=96&d=mm&r=g","caption":"edin.dji"},"url":"http:\/\/tmp.warp-poligon.info\/si\/author\/edin-dji\/"}]}},"_links":{"self":[{"href":"http:\/\/tmp.warp-poligon.info\/si\/wp-json\/wp\/v2\/posts\/1893"}],"collection":[{"href":"http:\/\/tmp.warp-poligon.info\/si\/wp-json\/wp\/v2\/posts"}],"about":[{"href":"http:\/\/tmp.warp-poligon.info\/si\/wp-json\/wp\/v2\/types\/post"}],"author":[{"embeddable":true,"href":"http:\/\/tmp.warp-poligon.info\/si\/wp-json\/wp\/v2\/users\/1"}],"replies":[{"embeddable":true,"href":"http:\/\/tmp.warp-poligon.info\/si\/wp-json\/wp\/v2\/comments?post=1893"}],"version-history":[{"count":2,"href":"http:\/\/tmp.warp-poligon.info\/si\/wp-json\/wp\/v2\/posts\/1893\/revisions"}],"predecessor-version":[{"id":1895,"href":"http:\/\/tmp.warp-poligon.info\/si\/wp-json\/wp\/v2\/posts\/1893\/revisions\/1895"}],"wp:attachment":[{"href":"http:\/\/tmp.warp-poligon.info\/si\/wp-json\/wp\/v2\/media?parent=1893"}],"wp:term":[{"taxonomy":"category","embeddable":true,"href":"http:\/\/tmp.warp-poligon.info\/si\/wp-json\/wp\/v2\/categories?post=1893"},{"taxonomy":"post_tag","embeddable":true,"href":"http:\/\/tmp.warp-poligon.info\/si\/wp-json\/wp\/v2\/tags?post=1893"}],"curies":[{"name":"wp","href":"https:\/\/api.w.org\/{rel}","templated":true}]}}