{"id":1912,"date":"2014-02-14T13:55:52","date_gmt":"2014-02-14T12:55:52","guid":{"rendered":"http:\/\/tmp.warp-poligon.info\/si\/?p=1912"},"modified":"2017-04-06T23:49:30","modified_gmt":"2017-04-06T21:49:30","slug":"bilten-februar-marec-2014","status":"publish","type":"post","link":"http:\/\/tmp.warp-poligon.info\/si\/bilten-februar-marec-2014\/","title":{"rendered":"Bilten februar, marec 2014"},"content":{"rendered":"<p><strong>SPO\u0160TOVANI \u010cLANI IN PRIJATELJI!<\/strong><\/p>\n<p style=\"text-align: right;\">Zagreb, 14. februar 2014<\/p>\n<p style=\"text-align: center;\"><em><strong>\u010ce je februarja pretoplo, bomo v aprilu za pe\u010djo.<\/strong><\/em><\/p>\n<p><strong>20. februar 2014 ob 19. uri (\u010detrtek)<\/strong><br \/>\n<strong> ALPINISTI\u010cNI \u010cETRTEK &#8211; PREDSTAVITEV KNJIGE<\/strong><br \/>\nAlpinizem je ena redkih \u0161portnih aktivnosti po kateri so Slovenci \u017ee skoraj 40 let v svetovnem vrhu. To pa ne bi bilo mo\u017eno brez starej\u0161ih generacij slovenskih alpinistov, ki so bili \u0161e pred 80 in ve\u010d let na evropskem vrhu. \u010ceprav ima slovenski alpinizem dolgo in bogato tradicijo, do danes ni bilo knjige, ki jedrnato opisuje njegovo zgodovino, vse do te monografije. Knjigo <strong>Zgodovina slovenskega alpinizma<\/strong>, bosta s predavanjem o zgodovini slovenskega alpinizma predstavila avtorja <strong>Urban Golob<\/strong> in <strong>Peter Mik\u0161a<\/strong>.<\/p>\n<p><strong>24. februar 2014 ob 18. uri (ponedeljek)<\/strong><br \/>\n<strong> PREDAVANJE \u2013 ZDRAVILNI U\u010cINKI POSTA<\/strong><br \/>\nVoditelj Zavoda Preporod iz Frankolovega <strong>Marjan Viden\u0161ek<\/strong> bo predstavil \u0161tevilne koristne u\u010dinke posta in zdravega \u017eivljenjskega sloga nasploh. Predavanje bo podkrepljeno z mnogimi primeri iz dvajsetletne prakse in izku\u0161enj. Marjan Viden\u0161ek s svojim navdu\u0161enjem promovira naraven na\u010din ohranjanja in vra\u010danja zdravja s postom, gibanjem, naravno prehrano in z organiziranjem zelo uspe\u0161nih skupnih postov kot spodbuda ljudem, da si sami pomagajo na naraven na\u010din. Odgovoril bo na va\u0161a vpra\u0161anja o izvajanju posta in o pomenu pravilne prehrane.<\/p>\n<p><strong>4. marec 2014 ob 19. uri (torek)<\/strong><br \/>\n<strong> PUSTOVANJE<\/strong><br \/>\nV Slovenskem domu bomo <strong>pustovali<\/strong> seveda pod maskah. Vsi, ki boste pri\u0161li v maskah kot tudi tisti, ki ne marate mask, ste vabljeni in dobrodo\u0161li. Babice lahko pridejo s svojimi vnuki, saj bi nam to popestrilo pustovanje. <strong>Tekmovali bomo<\/strong> kdo je najlep\u0161a ali najbolj zanimiva \u0161ema. V prijateljskem in veselem vzdu\u0161ju bomo zapeli pa tudi zaplesali. Za krofe in \u0161e za kaj je poskrbljeno. Tiste na\u0161e najbolj\u0161e gospodinje, lahko s svojimi krofi ali flancati ujamejo diplomo za slastni izdelek. Razmislite torej, kak\u0161na pustna \u0161ema boste, na\u0161emite se in pridite! Ne pozabite \u2013 pustu sledi obdobje 40 dnevnega posta.<\/p>\n<p><strong><a href=\"\/wp-content\/uploads\/2014\/02\/Pust_vabilo_2014.pdf\" target=\"_blank\">Vabilo pust<\/a> (411 KB).<\/strong><\/p>\n<p><strong>12. marec 2014 ob 19. uri (sreda)<\/strong><br \/>\n<strong> REDNI OB\u010cNI ZBOR KULTURNO PROSVETNEGA DRU\u0160TVA SLOVENSKI DOM<\/strong><br \/>\nVabimo \u010dlane, da se udele\u017eijo <strong>rednega ob\u010dnega zbora<\/strong>, ki je letos tudi volilni. Pogovorili se bomo o delu v minulem letu ter o na\u010drtih in vizijah za prihodnost. Predlog dnevnega reda: poro\u010dilo o delu, finan\u010dno poro\u010dilo, poro\u010dilo nadzornega odbora, poro\u010dilo inventurne komisije, razre\u0161itev dosedanjih organov upravljanja in volitve novih \u010dlanov teles dru\u0161tva, na\u010drt dela za naslednje leto in prihodnost, razno.<\/p>\n<p style=\"text-align: center;\"><strong>SLOVENSKI DOM \u2013 NA\u0160 DRUGI DOM<\/strong><\/p>\n","protected":false},"excerpt":{"rendered":"<p>SPO\u0160TOVANI \u010cLANI IN PRIJATELJI! Zagreb, 14. februar 2014 \u010ce je februarja pretoplo, bomo v aprilu za pe\u010djo. 20. februar 2014 ob 19. uri (\u010detrtek) ALPINISTI\u010cNI \u010cETRTEK &#8211; PREDSTAVITEV KNJIGE Alpinizem je ena redkih \u0161portnih aktivnosti po kateri so Slovenci \u017ee skoraj 40 let v svetovnem vrhu. To pa ne bi bilo mo\u017eno brez starej\u0161ih generacij [&hellip;]<\/p>\n","protected":false},"author":1,"featured_media":0,"comment_status":"closed","ping_status":"open","sticky":false,"template":"","format":"standard","meta":{"footnotes":""},"categories":[3],"tags":[],"yoast_head":"<!-- This site is optimized with the Yoast SEO plugin v21.9.1 - https:\/\/yoast.com\/wordpress\/plugins\/seo\/ -->\n<title>Bilten februar, marec 2014 | Slovenski dom in Svet slovenske nacionalne manj\u0161ine Mesta Zagreb<\/title>\n<meta name=\"robots\" content=\"index, follow, max-snippet:-1, max-image-preview:large, max-video-preview:-1\" \/>\n<link rel=\"canonical\" href=\"http:\/\/tmp.warp-poligon.info\/si\/bilten-februar-marec-2014\/\" \/>\n<meta property=\"og:locale\" content=\"sl_SI\" \/>\n<meta property=\"og:type\" content=\"article\" \/>\n<meta property=\"og:title\" content=\"Bilten februar, marec 2014 | Slovenski dom in Svet slovenske nacionalne manj\u0161ine Mesta Zagreb\" \/>\n<meta property=\"og:description\" content=\"SPO\u0160TOVANI \u010cLANI IN PRIJATELJI! Zagreb, 14. februar 2014 \u010ce je februarja pretoplo, bomo v aprilu za pe\u010djo. 20. februar 2014 ob 19. uri (\u010detrtek) ALPINISTI\u010cNI \u010cETRTEK &#8211; PREDSTAVITEV KNJIGE Alpinizem je ena redkih \u0161portnih aktivnosti po kateri so Slovenci \u017ee skoraj 40 let v svetovnem vrhu. To pa ne bi bilo mo\u017eno brez starej\u0161ih generacij [&hellip;]\" \/>\n<meta property=\"og:url\" content=\"http:\/\/tmp.warp-poligon.info\/si\/bilten-februar-marec-2014\/\" \/>\n<meta property=\"og:site_name\" content=\"Slovenski dom in Svet slovenske nacionalne manj\u0161ine Mesta Zagreb\" \/>\n<meta property=\"article:published_time\" content=\"2014-02-14T12:55:52+00:00\" \/>\n<meta property=\"article:modified_time\" content=\"2017-04-06T21:49:30+00:00\" \/>\n<meta name=\"author\" content=\"edin.dji\" \/>\n<meta name=\"twitter:label1\" content=\"Written by\" \/>\n\t<meta name=\"twitter:data1\" content=\"edin.dji\" \/>\n\t<meta name=\"twitter:label2\" content=\"Est. reading time\" \/>\n\t<meta name=\"twitter:data2\" content=\"2 minuti\" \/>\n<script type=\"application\/ld+json\" class=\"yoast-schema-graph\">{\"@context\":\"https:\/\/schema.org\",\"@graph\":[{\"@type\":\"WebPage\",\"@id\":\"http:\/\/tmp.warp-poligon.info\/si\/bilten-februar-marec-2014\/\",\"url\":\"http:\/\/tmp.warp-poligon.info\/si\/bilten-februar-marec-2014\/\",\"name\":\"Bilten februar, marec 2014 | Slovenski dom in Svet slovenske nacionalne manj\u0161ine Mesta Zagreb\",\"isPartOf\":{\"@id\":\"http:\/\/tmp.warp-poligon.info\/si\/#website\"},\"datePublished\":\"2014-02-14T12:55:52+00:00\",\"dateModified\":\"2017-04-06T21:49:30+00:00\",\"author\":{\"@id\":\"http:\/\/tmp.warp-poligon.info\/si\/#\/schema\/person\/6676f710a91979474558fea82bc41a0a\"},\"breadcrumb\":{\"@id\":\"http:\/\/tmp.warp-poligon.info\/si\/bilten-februar-marec-2014\/#breadcrumb\"},\"inLanguage\":\"sl-SI\",\"potentialAction\":[{\"@type\":\"ReadAction\",\"target\":[\"http:\/\/tmp.warp-poligon.info\/si\/bilten-februar-marec-2014\/\"]}]},{\"@type\":\"BreadcrumbList\",\"@id\":\"http:\/\/tmp.warp-poligon.info\/si\/bilten-februar-marec-2014\/#breadcrumb\",\"itemListElement\":[{\"@type\":\"ListItem\",\"position\":1,\"name\":\"Home\",\"item\":\"http:\/\/tmp.warp-poligon.info\/si\/\"},{\"@type\":\"ListItem\",\"position\":2,\"name\":\"Bilten februar, marec 2014\"}]},{\"@type\":\"WebSite\",\"@id\":\"http:\/\/tmp.warp-poligon.info\/si\/#website\",\"url\":\"http:\/\/tmp.warp-poligon.info\/si\/\",\"name\":\"Slovenski dom in Svet slovenske nacionalne manj\u0161ine Mesta Zagreb\",\"description\":\"\",\"potentialAction\":[{\"@type\":\"SearchAction\",\"target\":{\"@type\":\"EntryPoint\",\"urlTemplate\":\"http:\/\/tmp.warp-poligon.info\/si\/?s={search_term_string}\"},\"query-input\":\"required name=search_term_string\"}],\"inLanguage\":\"sl-SI\"},{\"@type\":\"Person\",\"@id\":\"http:\/\/tmp.warp-poligon.info\/si\/#\/schema\/person\/6676f710a91979474558fea82bc41a0a\",\"name\":\"edin.dji\",\"image\":{\"@type\":\"ImageObject\",\"inLanguage\":\"sl-SI\",\"@id\":\"http:\/\/tmp.warp-poligon.info\/si\/#\/schema\/person\/image\/\",\"url\":\"http:\/\/0.gravatar.com\/avatar\/6136fa88afb87b83090822617871c230?s=96&d=mm&r=g\",\"contentUrl\":\"http:\/\/0.gravatar.com\/avatar\/6136fa88afb87b83090822617871c230?s=96&d=mm&r=g\",\"caption\":\"edin.dji\"},\"url\":\"http:\/\/tmp.warp-poligon.info\/si\/author\/edin-dji\/\"}]}<\/script>\n<!-- \/ Yoast SEO plugin. -->","yoast_head_json":{"title":"Bilten februar, marec 2014 | Slovenski dom in Svet slovenske nacionalne manj\u0161ine Mesta Zagreb","robots":{"index":"index","follow":"follow","max-snippet":"max-snippet:-1","max-image-preview":"max-image-preview:large","max-video-preview":"max-video-preview:-1"},"canonical":"http:\/\/tmp.warp-poligon.info\/si\/bilten-februar-marec-2014\/","og_locale":"sl_SI","og_type":"article","og_title":"Bilten februar, marec 2014 | Slovenski dom in Svet slovenske nacionalne manj\u0161ine Mesta Zagreb","og_description":"SPO\u0160TOVANI \u010cLANI IN PRIJATELJI! Zagreb, 14. februar 2014 \u010ce je februarja pretoplo, bomo v aprilu za pe\u010djo. 20. februar 2014 ob 19. uri (\u010detrtek) ALPINISTI\u010cNI \u010cETRTEK &#8211; PREDSTAVITEV KNJIGE Alpinizem je ena redkih \u0161portnih aktivnosti po kateri so Slovenci \u017ee skoraj 40 let v svetovnem vrhu. To pa ne bi bilo mo\u017eno brez starej\u0161ih generacij [&hellip;]","og_url":"http:\/\/tmp.warp-poligon.info\/si\/bilten-februar-marec-2014\/","og_site_name":"Slovenski dom in Svet slovenske nacionalne manj\u0161ine Mesta Zagreb","article_published_time":"2014-02-14T12:55:52+00:00","article_modified_time":"2017-04-06T21:49:30+00:00","author":"edin.dji","twitter_misc":{"Written by":"edin.dji","Est. reading time":"2 minuti"},"schema":{"@context":"https:\/\/schema.org","@graph":[{"@type":"WebPage","@id":"http:\/\/tmp.warp-poligon.info\/si\/bilten-februar-marec-2014\/","url":"http:\/\/tmp.warp-poligon.info\/si\/bilten-februar-marec-2014\/","name":"Bilten februar, marec 2014 | Slovenski dom in Svet slovenske nacionalne manj\u0161ine Mesta Zagreb","isPartOf":{"@id":"http:\/\/tmp.warp-poligon.info\/si\/#website"},"datePublished":"2014-02-14T12:55:52+00:00","dateModified":"2017-04-06T21:49:30+00:00","author":{"@id":"http:\/\/tmp.warp-poligon.info\/si\/#\/schema\/person\/6676f710a91979474558fea82bc41a0a"},"breadcrumb":{"@id":"http:\/\/tmp.warp-poligon.info\/si\/bilten-februar-marec-2014\/#breadcrumb"},"inLanguage":"sl-SI","potentialAction":[{"@type":"ReadAction","target":["http:\/\/tmp.warp-poligon.info\/si\/bilten-februar-marec-2014\/"]}]},{"@type":"BreadcrumbList","@id":"http:\/\/tmp.warp-poligon.info\/si\/bilten-februar-marec-2014\/#breadcrumb","itemListElement":[{"@type":"ListItem","position":1,"name":"Home","item":"http:\/\/tmp.warp-poligon.info\/si\/"},{"@type":"ListItem","position":2,"name":"Bilten februar, marec 2014"}]},{"@type":"WebSite","@id":"http:\/\/tmp.warp-poligon.info\/si\/#website","url":"http:\/\/tmp.warp-poligon.info\/si\/","name":"Slovenski dom in Svet slovenske nacionalne manj\u0161ine Mesta Zagreb","description":"","potentialAction":[{"@type":"SearchAction","target":{"@type":"EntryPoint","urlTemplate":"http:\/\/tmp.warp-poligon.info\/si\/?s={search_term_string}"},"query-input":"required name=search_term_string"}],"inLanguage":"sl-SI"},{"@type":"Person","@id":"http:\/\/tmp.warp-poligon.info\/si\/#\/schema\/person\/6676f710a91979474558fea82bc41a0a","name":"edin.dji","image":{"@type":"ImageObject","inLanguage":"sl-SI","@id":"http:\/\/tmp.warp-poligon.info\/si\/#\/schema\/person\/image\/","url":"http:\/\/0.gravatar.com\/avatar\/6136fa88afb87b83090822617871c230?s=96&d=mm&r=g","contentUrl":"http:\/\/0.gravatar.com\/avatar\/6136fa88afb87b83090822617871c230?s=96&d=mm&r=g","caption":"edin.dji"},"url":"http:\/\/tmp.warp-poligon.info\/si\/author\/edin-dji\/"}]}},"_links":{"self":[{"href":"http:\/\/tmp.warp-poligon.info\/si\/wp-json\/wp\/v2\/posts\/1912"}],"collection":[{"href":"http:\/\/tmp.warp-poligon.info\/si\/wp-json\/wp\/v2\/posts"}],"about":[{"href":"http:\/\/tmp.warp-poligon.info\/si\/wp-json\/wp\/v2\/types\/post"}],"author":[{"embeddable":true,"href":"http:\/\/tmp.warp-poligon.info\/si\/wp-json\/wp\/v2\/users\/1"}],"replies":[{"embeddable":true,"href":"http:\/\/tmp.warp-poligon.info\/si\/wp-json\/wp\/v2\/comments?post=1912"}],"version-history":[{"count":2,"href":"http:\/\/tmp.warp-poligon.info\/si\/wp-json\/wp\/v2\/posts\/1912\/revisions"}],"predecessor-version":[{"id":1914,"href":"http:\/\/tmp.warp-poligon.info\/si\/wp-json\/wp\/v2\/posts\/1912\/revisions\/1914"}],"wp:attachment":[{"href":"http:\/\/tmp.warp-poligon.info\/si\/wp-json\/wp\/v2\/media?parent=1912"}],"wp:term":[{"taxonomy":"category","embeddable":true,"href":"http:\/\/tmp.warp-poligon.info\/si\/wp-json\/wp\/v2\/categories?post=1912"},{"taxonomy":"post_tag","embeddable":true,"href":"http:\/\/tmp.warp-poligon.info\/si\/wp-json\/wp\/v2\/tags?post=1912"}],"curies":[{"name":"wp","href":"https:\/\/api.w.org\/{rel}","templated":true}]}}