{"id":2040,"date":"2017-03-25T09:30:38","date_gmt":"2017-03-25T08:30:38","guid":{"rendered":"http:\/\/tmp.warp-poligon.info\/si\/?p=2040"},"modified":"2017-04-12T23:17:10","modified_gmt":"2017-04-12T21:17:10","slug":"strokovna-ekskurzija-2","status":"publish","type":"post","link":"http:\/\/tmp.warp-poligon.info\/si\/strokovna-ekskurzija-2\/","title":{"rendered":"Strokovna ekskurzija"},"content":{"rendered":"<p>Ljubljana &#8211; V okviru izobra\u017eevalne delavnice Moja domovina-moja de\u017eela so \u010dlani Sveta obiskali prenovljeno hi\u0161o-muzej velikega slovenskega arhitekta Jo\u017eeta Ple\u010dnika kjer so si ogledali razstavo Ple\u010dnik. Obiskali so tudi Levstikove arkade z alejo spominskih plo\u0161\u010d na katerih so imena knji\u017eevnikov, ki so dobili nagrado za \u017eivljenjsko delo na podro\u010dju slovenske otro\u0161ke knji\u017eevnosti in knji\u017eevnosti za mlade. (akm)<\/p>\n<p>Ve\u010d v Novem odmevu 62.<\/p>\n\n\t\t<style type=\"text\/css\">\n\t\t\t#gallery-1 {\n\t\t\t\tmargin: auto;\n\t\t\t}\n\t\t\t#gallery-1 .gallery-item {\n\t\t\t\tfloat: left;\n\t\t\t\tmargin-top: 10px;\n\t\t\t\ttext-align: center;\n\t\t\t\twidth: 50%;\n\t\t\t}\n\t\t\t#gallery-1 img {\n\t\t\t\tborder: 2px solid #cfcfcf;\n\t\t\t}\n\t\t\t#gallery-1 .gallery-caption {\n\t\t\t\tmargin-left: 0;\n\t\t\t}\n\t\t\t\/* see gallery_shortcode() in wp-includes\/media.php *\/\n\t\t<\/style>\n\t\t<div id='gallery-1' class='gallery galleryid-2040 gallery-columns-2 gallery-size-medium'><dl class='gallery-item'>\n\t\t\t<dt class='gallery-icon landscape'>\n\t\t\t\t<a href='http:\/\/tmp.warp-poligon.info\/si\/strokovna-ekskurzija-2\/clani-sveta-pred-plecnikovo-hiso\/'><img decoding=\"async\" width=\"300\" height=\"225\" src=\"http:\/\/tmp.warp-poligon.info\/si\/wp-content\/uploads\/sites\/2\/2017\/04\/clani-Sveta-pred-Plecnikovo-hiso-300x225.jpg\" class=\"attachment-medium size-medium\" alt=\"\" aria-describedby=\"gallery-1-2042\" srcset=\"http:\/\/tmp.warp-poligon.info\/si\/wp-content\/uploads\/sites\/2\/2017\/04\/clani-Sveta-pred-Plecnikovo-hiso-200x150.jpg 200w, http:\/\/tmp.warp-poligon.info\/si\/wp-content\/uploads\/sites\/2\/2017\/04\/clani-Sveta-pred-Plecnikovo-hiso-300x225.jpg 300w, http:\/\/tmp.warp-poligon.info\/si\/wp-content\/uploads\/sites\/2\/2017\/04\/clani-Sveta-pred-Plecnikovo-hiso-400x300.jpg 400w, http:\/\/tmp.warp-poligon.info\/si\/wp-content\/uploads\/sites\/2\/2017\/04\/clani-Sveta-pred-Plecnikovo-hiso-600x450.jpg 600w, http:\/\/tmp.warp-poligon.info\/si\/wp-content\/uploads\/sites\/2\/2017\/04\/clani-Sveta-pred-Plecnikovo-hiso-768x576.jpg 768w, http:\/\/tmp.warp-poligon.info\/si\/wp-content\/uploads\/sites\/2\/2017\/04\/clani-Sveta-pred-Plecnikovo-hiso-800x600.jpg 800w, http:\/\/tmp.warp-poligon.info\/si\/wp-content\/uploads\/sites\/2\/2017\/04\/clani-Sveta-pred-Plecnikovo-hiso.jpg 1000w\" sizes=\"(max-width: 300px) 100vw, 300px\" \/><\/a>\n\t\t\t<\/dt>\n\t\t\t\t<dd class='wp-caption-text gallery-caption' id='gallery-1-2042'>\n\t\t\t\t\u010clani Sveta pred Ple\u010dnikovo hi\u0161o-muzejem.\n\t\t\t\t<\/dd><\/dl><dl class='gallery-item'>\n\t\t\t<dt class='gallery-icon landscape'>\n\t\t\t\t<a href='http:\/\/tmp.warp-poligon.info\/si\/strokovna-ekskurzija-2\/razgledavanje-izlozbe-o-plecniku\/'><img decoding=\"async\" width=\"300\" height=\"225\" src=\"http:\/\/tmp.warp-poligon.info\/si\/wp-content\/uploads\/sites\/2\/2017\/04\/razgledavanje-izlozbe-o-Plecniku-300x225.jpg\" class=\"attachment-medium size-medium\" alt=\"\" aria-describedby=\"gallery-1-2041\" srcset=\"http:\/\/tmp.warp-poligon.info\/si\/wp-content\/uploads\/sites\/2\/2017\/04\/razgledavanje-izlozbe-o-Plecniku-200x150.jpg 200w, http:\/\/tmp.warp-poligon.info\/si\/wp-content\/uploads\/sites\/2\/2017\/04\/razgledavanje-izlozbe-o-Plecniku-300x225.jpg 300w, http:\/\/tmp.warp-poligon.info\/si\/wp-content\/uploads\/sites\/2\/2017\/04\/razgledavanje-izlozbe-o-Plecniku-400x300.jpg 400w, http:\/\/tmp.warp-poligon.info\/si\/wp-content\/uploads\/sites\/2\/2017\/04\/razgledavanje-izlozbe-o-Plecniku-600x450.jpg 600w, http:\/\/tmp.warp-poligon.info\/si\/wp-content\/uploads\/sites\/2\/2017\/04\/razgledavanje-izlozbe-o-Plecniku-768x576.jpg 768w, http:\/\/tmp.warp-poligon.info\/si\/wp-content\/uploads\/sites\/2\/2017\/04\/razgledavanje-izlozbe-o-Plecniku-800x600.jpg 800w, http:\/\/tmp.warp-poligon.info\/si\/wp-content\/uploads\/sites\/2\/2017\/04\/razgledavanje-izlozbe-o-Plecniku.jpg 1000w\" sizes=\"(max-width: 300px) 100vw, 300px\" \/><\/a>\n\t\t\t<\/dt>\n\t\t\t\t<dd class='wp-caption-text gallery-caption' id='gallery-1-2041'>\n\t\t\t\tOgled razstave o Ple\u010dniku.\n\t\t\t\t<\/dd><\/dl><br style=\"clear: both\" \/><dl class='gallery-item'>\n\t\t\t<dt class='gallery-icon landscape'>\n\t\t\t\t<a href='http:\/\/tmp.warp-poligon.info\/si\/strokovna-ekskurzija-2\/clanovi-vijeca-pred-levstikovimi-arkadami\/'><img decoding=\"async\" width=\"300\" height=\"225\" src=\"http:\/\/tmp.warp-poligon.info\/si\/wp-content\/uploads\/sites\/2\/2017\/04\/clanovi-Vijeca-pred-Levstikovimi-arkadami-300x225.jpg\" class=\"attachment-medium size-medium\" alt=\"\" aria-describedby=\"gallery-1-2043\" srcset=\"http:\/\/tmp.warp-poligon.info\/si\/wp-content\/uploads\/sites\/2\/2017\/04\/clanovi-Vijeca-pred-Levstikovimi-arkadami-200x150.jpg 200w, http:\/\/tmp.warp-poligon.info\/si\/wp-content\/uploads\/sites\/2\/2017\/04\/clanovi-Vijeca-pred-Levstikovimi-arkadami-300x225.jpg 300w, http:\/\/tmp.warp-poligon.info\/si\/wp-content\/uploads\/sites\/2\/2017\/04\/clanovi-Vijeca-pred-Levstikovimi-arkadami-400x300.jpg 400w, http:\/\/tmp.warp-poligon.info\/si\/wp-content\/uploads\/sites\/2\/2017\/04\/clanovi-Vijeca-pred-Levstikovimi-arkadami-600x450.jpg 600w, http:\/\/tmp.warp-poligon.info\/si\/wp-content\/uploads\/sites\/2\/2017\/04\/clanovi-Vijeca-pred-Levstikovimi-arkadami-768x576.jpg 768w, http:\/\/tmp.warp-poligon.info\/si\/wp-content\/uploads\/sites\/2\/2017\/04\/clanovi-Vijeca-pred-Levstikovimi-arkadami-800x600.jpg 800w, http:\/\/tmp.warp-poligon.info\/si\/wp-content\/uploads\/sites\/2\/2017\/04\/clanovi-Vijeca-pred-Levstikovimi-arkadami.jpg 1000w\" sizes=\"(max-width: 300px) 100vw, 300px\" \/><\/a>\n\t\t\t<\/dt>\n\t\t\t\t<dd class='wp-caption-text gallery-caption' id='gallery-1-2043'>\n\t\t\t\t\u010clani Sveta pred Levstikovimi arkadami.\n\t\t\t\t<\/dd><\/dl><dl class='gallery-item'>\n\t\t\t<dt class='gallery-icon landscape'>\n\t\t\t\t<a href='http:\/\/tmp.warp-poligon.info\/si\/strokovna-ekskurzija-2\/neza-mauer\/'><img decoding=\"async\" width=\"300\" height=\"225\" src=\"http:\/\/tmp.warp-poligon.info\/si\/wp-content\/uploads\/sites\/2\/2017\/04\/Neza-Mauer-300x225.jpg\" class=\"attachment-medium size-medium\" alt=\"\" aria-describedby=\"gallery-1-2044\" srcset=\"http:\/\/tmp.warp-poligon.info\/si\/wp-content\/uploads\/sites\/2\/2017\/04\/Neza-Mauer-200x150.jpg 200w, http:\/\/tmp.warp-poligon.info\/si\/wp-content\/uploads\/sites\/2\/2017\/04\/Neza-Mauer-300x225.jpg 300w, http:\/\/tmp.warp-poligon.info\/si\/wp-content\/uploads\/sites\/2\/2017\/04\/Neza-Mauer-400x300.jpg 400w, http:\/\/tmp.warp-poligon.info\/si\/wp-content\/uploads\/sites\/2\/2017\/04\/Neza-Mauer-600x450.jpg 600w, http:\/\/tmp.warp-poligon.info\/si\/wp-content\/uploads\/sites\/2\/2017\/04\/Neza-Mauer-768x576.jpg 768w, http:\/\/tmp.warp-poligon.info\/si\/wp-content\/uploads\/sites\/2\/2017\/04\/Neza-Mauer-800x600.jpg 800w, http:\/\/tmp.warp-poligon.info\/si\/wp-content\/uploads\/sites\/2\/2017\/04\/Neza-Mauer.jpg 1000w\" sizes=\"(max-width: 300px) 100vw, 300px\" \/><\/a>\n\t\t\t<\/dt>\n\t\t\t\t<dd class='wp-caption-text gallery-caption' id='gallery-1-2044'>\n\t\t\t\tEna izmed petnajstih spominskih plo\u0161\u010d na katerih so imena knji\u017eevnikov, ki so dobili nagrado za \u017eivljenjsko delo na podro\u010dju slovenske otro\u0161ke knji\u017eevnosti in knji\u017eevnosti za mlade. Vse foto: akm\n\t\t\t\t<\/dd><\/dl><br style=\"clear: both\" \/>\n\t\t<\/div>\n\n","protected":false},"excerpt":{"rendered":"<p>Ljubljana &#8211; V okviru izobra\u017eevalne delavnice Moja domovina-moja de\u017eela so \u010dlani Sveta obiskali prenovljeno hi\u0161o-muzej velikega slovenskega arhitekta Jo\u017eeta Ple\u010dnika kjer so si ogledali razstavo Ple\u010dnik. Obiskali so tudi Levstikove arkade z alejo spominskih plo\u0161\u010d na katerih so imena knji\u017eevnikov, ki so dobili nagrado za \u017eivljenjsko delo na podro\u010dju slovenske otro\u0161ke knji\u017eevnosti in knji\u017eevnosti za [&hellip;]<\/p>\n","protected":false},"author":1,"featured_media":2046,"comment_status":"closed","ping_status":"open","sticky":false,"template":"","format":"standard","meta":{"footnotes":""},"categories":[5],"tags":[],"yoast_head":"<!-- This site is optimized with the Yoast SEO plugin v21.9.1 - https:\/\/yoast.com\/wordpress\/plugins\/seo\/ -->\n<title>Strokovna ekskurzija | Slovenski dom in Svet slovenske nacionalne manj\u0161ine Mesta Zagreb<\/title>\n<meta name=\"robots\" content=\"index, follow, max-snippet:-1, max-image-preview:large, max-video-preview:-1\" \/>\n<link rel=\"canonical\" href=\"http:\/\/tmp.warp-poligon.info\/si\/strokovna-ekskurzija-2\/\" \/>\n<meta property=\"og:locale\" content=\"sl_SI\" \/>\n<meta property=\"og:type\" content=\"article\" \/>\n<meta property=\"og:title\" content=\"Strokovna ekskurzija | Slovenski dom in Svet slovenske nacionalne manj\u0161ine Mesta Zagreb\" \/>\n<meta property=\"og:description\" content=\"Ljubljana &#8211; V okviru izobra\u017eevalne delavnice Moja domovina-moja de\u017eela so \u010dlani Sveta obiskali prenovljeno hi\u0161o-muzej velikega slovenskega arhitekta Jo\u017eeta Ple\u010dnika kjer so si ogledali razstavo Ple\u010dnik. Obiskali so tudi Levstikove arkade z alejo spominskih plo\u0161\u010d na katerih so imena knji\u017eevnikov, ki so dobili nagrado za \u017eivljenjsko delo na podro\u010dju slovenske otro\u0161ke knji\u017eevnosti in knji\u017eevnosti za [&hellip;]\" \/>\n<meta property=\"og:url\" content=\"http:\/\/tmp.warp-poligon.info\/si\/strokovna-ekskurzija-2\/\" \/>\n<meta property=\"og:site_name\" content=\"Slovenski dom in Svet slovenske nacionalne manj\u0161ine Mesta Zagreb\" \/>\n<meta property=\"article:published_time\" content=\"2017-03-25T08:30:38+00:00\" \/>\n<meta property=\"article:modified_time\" content=\"2017-04-12T21:17:10+00:00\" \/>\n<meta property=\"og:image\" content=\"http:\/\/tmp.warp-poligon.info\/si\/wp-content\/uploads\/sites\/2\/2017\/03\/plecnik.png\" \/>\n\t<meta property=\"og:image:width\" content=\"767\" \/>\n\t<meta property=\"og:image:height\" content=\"512\" \/>\n\t<meta property=\"og:image:type\" content=\"image\/png\" \/>\n<meta name=\"author\" content=\"edin.dji\" \/>\n<meta name=\"twitter:label1\" content=\"Written by\" \/>\n\t<meta name=\"twitter:data1\" content=\"edin.dji\" \/>\n<script type=\"application\/ld+json\" class=\"yoast-schema-graph\">{\"@context\":\"https:\/\/schema.org\",\"@graph\":[{\"@type\":\"WebPage\",\"@id\":\"http:\/\/tmp.warp-poligon.info\/si\/strokovna-ekskurzija-2\/\",\"url\":\"http:\/\/tmp.warp-poligon.info\/si\/strokovna-ekskurzija-2\/\",\"name\":\"Strokovna ekskurzija | Slovenski dom in Svet slovenske nacionalne manj\u0161ine Mesta Zagreb\",\"isPartOf\":{\"@id\":\"http:\/\/tmp.warp-poligon.info\/si\/#website\"},\"datePublished\":\"2017-03-25T08:30:38+00:00\",\"dateModified\":\"2017-04-12T21:17:10+00:00\",\"author\":{\"@id\":\"http:\/\/tmp.warp-poligon.info\/si\/#\/schema\/person\/6676f710a91979474558fea82bc41a0a\"},\"breadcrumb\":{\"@id\":\"http:\/\/tmp.warp-poligon.info\/si\/strokovna-ekskurzija-2\/#breadcrumb\"},\"inLanguage\":\"sl-SI\",\"potentialAction\":[{\"@type\":\"ReadAction\",\"target\":[\"http:\/\/tmp.warp-poligon.info\/si\/strokovna-ekskurzija-2\/\"]}]},{\"@type\":\"BreadcrumbList\",\"@id\":\"http:\/\/tmp.warp-poligon.info\/si\/strokovna-ekskurzija-2\/#breadcrumb\",\"itemListElement\":[{\"@type\":\"ListItem\",\"position\":1,\"name\":\"Home\",\"item\":\"http:\/\/tmp.warp-poligon.info\/si\/\"},{\"@type\":\"ListItem\",\"position\":2,\"name\":\"Strokovna ekskurzija\"}]},{\"@type\":\"WebSite\",\"@id\":\"http:\/\/tmp.warp-poligon.info\/si\/#website\",\"url\":\"http:\/\/tmp.warp-poligon.info\/si\/\",\"name\":\"Slovenski dom in Svet slovenske nacionalne manj\u0161ine Mesta Zagreb\",\"description\":\"\",\"potentialAction\":[{\"@type\":\"SearchAction\",\"target\":{\"@type\":\"EntryPoint\",\"urlTemplate\":\"http:\/\/tmp.warp-poligon.info\/si\/?s={search_term_string}\"},\"query-input\":\"required name=search_term_string\"}],\"inLanguage\":\"sl-SI\"},{\"@type\":\"Person\",\"@id\":\"http:\/\/tmp.warp-poligon.info\/si\/#\/schema\/person\/6676f710a91979474558fea82bc41a0a\",\"name\":\"edin.dji\",\"image\":{\"@type\":\"ImageObject\",\"inLanguage\":\"sl-SI\",\"@id\":\"http:\/\/tmp.warp-poligon.info\/si\/#\/schema\/person\/image\/\",\"url\":\"http:\/\/0.gravatar.com\/avatar\/6136fa88afb87b83090822617871c230?s=96&d=mm&r=g\",\"contentUrl\":\"http:\/\/0.gravatar.com\/avatar\/6136fa88afb87b83090822617871c230?s=96&d=mm&r=g\",\"caption\":\"edin.dji\"},\"url\":\"http:\/\/tmp.warp-poligon.info\/si\/author\/edin-dji\/\"}]}<\/script>\n<!-- \/ Yoast SEO plugin. -->","yoast_head_json":{"title":"Strokovna ekskurzija | Slovenski dom in Svet slovenske nacionalne manj\u0161ine Mesta Zagreb","robots":{"index":"index","follow":"follow","max-snippet":"max-snippet:-1","max-image-preview":"max-image-preview:large","max-video-preview":"max-video-preview:-1"},"canonical":"http:\/\/tmp.warp-poligon.info\/si\/strokovna-ekskurzija-2\/","og_locale":"sl_SI","og_type":"article","og_title":"Strokovna ekskurzija | Slovenski dom in Svet slovenske nacionalne manj\u0161ine Mesta Zagreb","og_description":"Ljubljana &#8211; V okviru izobra\u017eevalne delavnice Moja domovina-moja de\u017eela so \u010dlani Sveta obiskali prenovljeno hi\u0161o-muzej velikega slovenskega arhitekta Jo\u017eeta Ple\u010dnika kjer so si ogledali razstavo Ple\u010dnik. Obiskali so tudi Levstikove arkade z alejo spominskih plo\u0161\u010d na katerih so imena knji\u017eevnikov, ki so dobili nagrado za \u017eivljenjsko delo na podro\u010dju slovenske otro\u0161ke knji\u017eevnosti in knji\u017eevnosti za [&hellip;]","og_url":"http:\/\/tmp.warp-poligon.info\/si\/strokovna-ekskurzija-2\/","og_site_name":"Slovenski dom in Svet slovenske nacionalne manj\u0161ine Mesta Zagreb","article_published_time":"2017-03-25T08:30:38+00:00","article_modified_time":"2017-04-12T21:17:10+00:00","og_image":[{"width":767,"height":512,"url":"http:\/\/tmp.warp-poligon.info\/si\/wp-content\/uploads\/sites\/2\/2017\/03\/plecnik.png","type":"image\/png"}],"author":"edin.dji","twitter_misc":{"Written by":"edin.dji"},"schema":{"@context":"https:\/\/schema.org","@graph":[{"@type":"WebPage","@id":"http:\/\/tmp.warp-poligon.info\/si\/strokovna-ekskurzija-2\/","url":"http:\/\/tmp.warp-poligon.info\/si\/strokovna-ekskurzija-2\/","name":"Strokovna ekskurzija | Slovenski dom in Svet slovenske nacionalne manj\u0161ine Mesta Zagreb","isPartOf":{"@id":"http:\/\/tmp.warp-poligon.info\/si\/#website"},"datePublished":"2017-03-25T08:30:38+00:00","dateModified":"2017-04-12T21:17:10+00:00","author":{"@id":"http:\/\/tmp.warp-poligon.info\/si\/#\/schema\/person\/6676f710a91979474558fea82bc41a0a"},"breadcrumb":{"@id":"http:\/\/tmp.warp-poligon.info\/si\/strokovna-ekskurzija-2\/#breadcrumb"},"inLanguage":"sl-SI","potentialAction":[{"@type":"ReadAction","target":["http:\/\/tmp.warp-poligon.info\/si\/strokovna-ekskurzija-2\/"]}]},{"@type":"BreadcrumbList","@id":"http:\/\/tmp.warp-poligon.info\/si\/strokovna-ekskurzija-2\/#breadcrumb","itemListElement":[{"@type":"ListItem","position":1,"name":"Home","item":"http:\/\/tmp.warp-poligon.info\/si\/"},{"@type":"ListItem","position":2,"name":"Strokovna ekskurzija"}]},{"@type":"WebSite","@id":"http:\/\/tmp.warp-poligon.info\/si\/#website","url":"http:\/\/tmp.warp-poligon.info\/si\/","name":"Slovenski dom in Svet slovenske nacionalne manj\u0161ine Mesta Zagreb","description":"","potentialAction":[{"@type":"SearchAction","target":{"@type":"EntryPoint","urlTemplate":"http:\/\/tmp.warp-poligon.info\/si\/?s={search_term_string}"},"query-input":"required name=search_term_string"}],"inLanguage":"sl-SI"},{"@type":"Person","@id":"http:\/\/tmp.warp-poligon.info\/si\/#\/schema\/person\/6676f710a91979474558fea82bc41a0a","name":"edin.dji","image":{"@type":"ImageObject","inLanguage":"sl-SI","@id":"http:\/\/tmp.warp-poligon.info\/si\/#\/schema\/person\/image\/","url":"http:\/\/0.gravatar.com\/avatar\/6136fa88afb87b83090822617871c230?s=96&d=mm&r=g","contentUrl":"http:\/\/0.gravatar.com\/avatar\/6136fa88afb87b83090822617871c230?s=96&d=mm&r=g","caption":"edin.dji"},"url":"http:\/\/tmp.warp-poligon.info\/si\/author\/edin-dji\/"}]}},"_links":{"self":[{"href":"http:\/\/tmp.warp-poligon.info\/si\/wp-json\/wp\/v2\/posts\/2040"}],"collection":[{"href":"http:\/\/tmp.warp-poligon.info\/si\/wp-json\/wp\/v2\/posts"}],"about":[{"href":"http:\/\/tmp.warp-poligon.info\/si\/wp-json\/wp\/v2\/types\/post"}],"author":[{"embeddable":true,"href":"http:\/\/tmp.warp-poligon.info\/si\/wp-json\/wp\/v2\/users\/1"}],"replies":[{"embeddable":true,"href":"http:\/\/tmp.warp-poligon.info\/si\/wp-json\/wp\/v2\/comments?post=2040"}],"version-history":[{"count":2,"href":"http:\/\/tmp.warp-poligon.info\/si\/wp-json\/wp\/v2\/posts\/2040\/revisions"}],"predecessor-version":[{"id":2058,"href":"http:\/\/tmp.warp-poligon.info\/si\/wp-json\/wp\/v2\/posts\/2040\/revisions\/2058"}],"wp:featuredmedia":[{"embeddable":true,"href":"http:\/\/tmp.warp-poligon.info\/si\/wp-json\/wp\/v2\/media\/2046"}],"wp:attachment":[{"href":"http:\/\/tmp.warp-poligon.info\/si\/wp-json\/wp\/v2\/media?parent=2040"}],"wp:term":[{"taxonomy":"category","embeddable":true,"href":"http:\/\/tmp.warp-poligon.info\/si\/wp-json\/wp\/v2\/categories?post=2040"},{"taxonomy":"post_tag","embeddable":true,"href":"http:\/\/tmp.warp-poligon.info\/si\/wp-json\/wp\/v2\/tags?post=2040"}],"curies":[{"name":"wp","href":"https:\/\/api.w.org\/{rel}","templated":true}]}}