{"id":2273,"date":"2017-06-14T10:26:08","date_gmt":"2017-06-14T08:26:08","guid":{"rendered":"http:\/\/tmp.warp-poligon.info\/si\/?p=2273"},"modified":"2017-06-20T15:39:53","modified_gmt":"2017-06-20T13:39:53","slug":"plecnikovo-leto-poklon-velikanu-slovenske-arhitekture","status":"publish","type":"post","link":"http:\/\/tmp.warp-poligon.info\/si\/plecnikovo-leto-poklon-velikanu-slovenske-arhitekture\/","title":{"rendered":"Ple\u010dnikovo leto &#8211; poklon velikanu slovenske arhitekture"},"content":{"rendered":"<p style=\"text-align: left\">V Zagrebu se je osrednji dogodek v Ple\u010dnikovem letu odvil junija v cerkvi Matere Bo\u017eje Lur\u0161ke, z ma\u0161o, predstavitvijo knjige in razstavo. Slovesnosti v organizaciji Slovenskega doma, Sveta slovenske narodne manj\u0161ine Mesta Zagreb in slovenskega veleposlani\u0161tva se bodo nadaljevale jeseni.<\/p>\n<p style=\"text-align: left\">Prizori\u0161\u010de junijske slovesnosti, na kateri se je zbralo veliko \u010dlanov slovenske skupnosti na Hrva\u0161kem in uglednih gostov, je bila cerkev, ki hrani edino v celoti izvedeno Ple\u010dnikovo delo v Zagrebu. Spominska ma\u0161a, posve\u010dena Jo\u017eetu Ple\u010dniku, je potekala z originalnimi Ple\u010dnikovimi sve\u010dniki in kelihom. Ma\u0161o je daroval gvardijan sveti\u0161\u010da fra <strong>Mate Mati\u0107 <\/strong>ob koncelebraciji fra <strong>Marka Prpe<\/strong> iz Ljubljane in fra <strong>Josipa \u0160imi\u0107a<\/strong>. Psalm Antonina Dvo\u0159\u00e1ka Gospod je pastir moj je zapel operni pevec <strong>Marko Mandir <\/strong>ob orgelski spremljavi <strong>Eve Kirchmayer Bili\u0107<\/strong>; tako je bila poudarjena Ple\u010dnikova ustvarjalna povezanost s Prago.<\/p>\n<p style=\"text-align: left\">Po ma\u0161i je bila predstavljena knji\u017eica <strong>Polone Jurini\u0107 <\/strong>Jo\u017ee Ple\u010dnik, projekti in realizacije na Hrva\u0161kem. Recenzent dr. <strong>Igor To\u0161<\/strong> je ob tej prilo\u017enosti spregovoril o Ple\u010dnikovem opusu in njegovi \u017eivljenjski poti. Knji\u017eica je lepo opremljena, opisane so Ple\u010dnikove realizacije in projekti na Hrva\u0161kem. Vsak projekt je ilustriran z originalnimi na\u010drti. Fotografije kripte cerkve Matere Bo\u017eje Lur\u0161ke je prispeval <strong>Nino Lah<\/strong>.<\/p>\n<p style=\"text-align: left\">Ple\u010dnikov ve\u010der je obogatila tudi razstava <strong>Irene Gayatri Horvat<\/strong> Kreposti in mane, ki jo je predstavila umetnostna zgodovinarka <strong>Sanda Bajzek<\/strong>. Ob tej prilo\u017enosti je bila izvedena posebno za to prilo\u017enost napisana skladba <strong>Simona Skalarja<\/strong> Ubi caritas et amor v izvedbi Marka Mandirja.<\/p>\n<p style=\"text-align: left\">Kulturni program so tako sooblikovali Slovenci \u017eive\u010di na Hrva\u0161kem kot Hrvati \u017eive\u010di v Sloveniji. Preplet slovensko-hrva\u0161ke ustvarjalnosti je vnovi\u010d potrdil, da kultura in umetnost ne poznata meja in ovir. Potrdilo se je, kar je o Ple\u010dnikovi dedi\u0161\u010dini napisal <strong>Andrej Hrausky<\/strong>: \u00bbNa\u0161e prepoznavanje in vrednotenje njegovega ustvarjanja ni omejeno le na trenutek v \u010dasu in prostoru, saj se njegovo delo dotika univerzalnosti in brez\u010dasnosti, ki sta prepoznavni vsem pozornim opazovalcem.\u00ab (poj)<\/p>\n\n\t\t<style type=\"text\/css\">\n\t\t\t#gallery-1 {\n\t\t\t\tmargin: auto;\n\t\t\t}\n\t\t\t#gallery-1 .gallery-item {\n\t\t\t\tfloat: left;\n\t\t\t\tmargin-top: 10px;\n\t\t\t\ttext-align: center;\n\t\t\t\twidth: 33%;\n\t\t\t}\n\t\t\t#gallery-1 img {\n\t\t\t\tborder: 2px solid #cfcfcf;\n\t\t\t}\n\t\t\t#gallery-1 .gallery-caption {\n\t\t\t\tmargin-left: 0;\n\t\t\t}\n\t\t\t\/* see gallery_shortcode() in wp-includes\/media.php *\/\n\t\t<\/style>\n\t\t<div id='gallery-1' class='gallery galleryid-2273 gallery-columns-3 gallery-size-medium'><dl class='gallery-item'>\n\t\t\t<dt class='gallery-icon landscape'>\n\t\t\t\t<a href='http:\/\/tmp.warp-poligon.info\/si\/wp-content\/uploads\/sites\/2\/2017\/06\/P1_w.jpg'><img decoding=\"async\" width=\"300\" height=\"225\" src=\"http:\/\/tmp.warp-poligon.info\/si\/wp-content\/uploads\/sites\/2\/2017\/06\/P1_w-300x225.jpg\" class=\"attachment-medium size-medium\" alt=\"\" aria-describedby=\"gallery-1-2275\" srcset=\"http:\/\/tmp.warp-poligon.info\/si\/wp-content\/uploads\/sites\/2\/2017\/06\/P1_w-200x150.jpg 200w, http:\/\/tmp.warp-poligon.info\/si\/wp-content\/uploads\/sites\/2\/2017\/06\/P1_w-300x225.jpg 300w, http:\/\/tmp.warp-poligon.info\/si\/wp-content\/uploads\/sites\/2\/2017\/06\/P1_w-400x300.jpg 400w, http:\/\/tmp.warp-poligon.info\/si\/wp-content\/uploads\/sites\/2\/2017\/06\/P1_w-600x450.jpg 600w, http:\/\/tmp.warp-poligon.info\/si\/wp-content\/uploads\/sites\/2\/2017\/06\/P1_w-768x576.jpg 768w, http:\/\/tmp.warp-poligon.info\/si\/wp-content\/uploads\/sites\/2\/2017\/06\/P1_w-800x600.jpg 800w, http:\/\/tmp.warp-poligon.info\/si\/wp-content\/uploads\/sites\/2\/2017\/06\/P1_w.jpg 1000w\" sizes=\"(max-width: 300px) 100vw, 300px\" \/><\/a>\n\t\t\t<\/dt>\n\t\t\t\t<dd class='wp-caption-text gallery-caption' id='gallery-1-2275'>\n\t\t\t\tSpominska sv. ma\u0161a posve\u010dena Jo\u017eetu Ple\u010dniku v nedrju njegovega ustvarjanja: fra Marko Prpa, fra Mate Mati\u0107, fra Josip \u0160imi\u0107 (z leve).\n\t\t\t\t<\/dd><\/dl><dl class='gallery-item'>\n\t\t\t<dt class='gallery-icon landscape'>\n\t\t\t\t<a href='http:\/\/tmp.warp-poligon.info\/si\/wp-content\/uploads\/sites\/2\/2017\/06\/P8_sef_w.jpg'><img decoding=\"async\" width=\"300\" height=\"225\" src=\"http:\/\/tmp.warp-poligon.info\/si\/wp-content\/uploads\/sites\/2\/2017\/06\/P8_sef_w-300x225.jpg\" class=\"attachment-medium size-medium\" alt=\"\" aria-describedby=\"gallery-1-2279\" srcset=\"http:\/\/tmp.warp-poligon.info\/si\/wp-content\/uploads\/sites\/2\/2017\/06\/P8_sef_w-200x150.jpg 200w, http:\/\/tmp.warp-poligon.info\/si\/wp-content\/uploads\/sites\/2\/2017\/06\/P8_sef_w-300x225.jpg 300w, http:\/\/tmp.warp-poligon.info\/si\/wp-content\/uploads\/sites\/2\/2017\/06\/P8_sef_w-400x300.jpg 400w, http:\/\/tmp.warp-poligon.info\/si\/wp-content\/uploads\/sites\/2\/2017\/06\/P8_sef_w-600x450.jpg 600w, http:\/\/tmp.warp-poligon.info\/si\/wp-content\/uploads\/sites\/2\/2017\/06\/P8_sef_w-768x576.jpg 768w, http:\/\/tmp.warp-poligon.info\/si\/wp-content\/uploads\/sites\/2\/2017\/06\/P8_sef_w-800x600.jpg 800w, http:\/\/tmp.warp-poligon.info\/si\/wp-content\/uploads\/sites\/2\/2017\/06\/P8_sef_w.jpg 1000w\" sizes=\"(max-width: 300px) 100vw, 300px\" \/><\/a>\n\t\t\t<\/dt>\n\t\t\t\t<dd class='wp-caption-text gallery-caption' id='gallery-1-2279'>\n\t\t\t\tPredsednik Slovenskega doma in SSNM MZ Darko \u0160onc:&#8221;Dragi Zagreb\u010dani, dragi Slovenci, ki \u017eivite v Zagrebu in na Hrva\u0161kem; dragi Hrvati, ki \u017eivite v Sloveniji! Rde\u010da nit povezave pri obele\u017eevanju Ple\u010dnikovega leta je ravno prijateljstvo-bogastvo na\u0161ih dveh narodov.&#8221;\n\t\t\t\t<\/dd><\/dl><dl class='gallery-item'>\n\t\t\t<dt class='gallery-icon portrait'>\n\t\t\t\t<a href='http:\/\/tmp.warp-poligon.info\/si\/wp-content\/uploads\/sites\/2\/2017\/06\/P9_IGOR-TOS_w.jpg'><img decoding=\"async\" width=\"225\" height=\"300\" src=\"http:\/\/tmp.warp-poligon.info\/si\/wp-content\/uploads\/sites\/2\/2017\/06\/P9_IGOR-TOS_w-225x300.jpg\" class=\"attachment-medium size-medium\" alt=\"\" aria-describedby=\"gallery-1-2280\" srcset=\"http:\/\/tmp.warp-poligon.info\/si\/wp-content\/uploads\/sites\/2\/2017\/06\/P9_IGOR-TOS_w-200x267.jpg 200w, http:\/\/tmp.warp-poligon.info\/si\/wp-content\/uploads\/sites\/2\/2017\/06\/P9_IGOR-TOS_w-225x300.jpg 225w, http:\/\/tmp.warp-poligon.info\/si\/wp-content\/uploads\/sites\/2\/2017\/06\/P9_IGOR-TOS_w-400x533.jpg 400w, http:\/\/tmp.warp-poligon.info\/si\/wp-content\/uploads\/sites\/2\/2017\/06\/P9_IGOR-TOS_w-600x800.jpg 600w, http:\/\/tmp.warp-poligon.info\/si\/wp-content\/uploads\/sites\/2\/2017\/06\/P9_IGOR-TOS_w-768x1024.jpg 768w, http:\/\/tmp.warp-poligon.info\/si\/wp-content\/uploads\/sites\/2\/2017\/06\/P9_IGOR-TOS_w-800x1066.jpg 800w, http:\/\/tmp.warp-poligon.info\/si\/wp-content\/uploads\/sites\/2\/2017\/06\/P9_IGOR-TOS_w.jpg 1000w\" sizes=\"(max-width: 225px) 100vw, 225px\" \/><\/a>\n\t\t\t<\/dt>\n\t\t\t\t<dd class='wp-caption-text gallery-caption' id='gallery-1-2280'>\n\t\t\t\tRecenzent knji\u017eice o Ple\u010dniku na Hrva\u0161kem dr. Igor To\u0161.\n\t\t\t\t<\/dd><\/dl><br style=\"clear: both\" \/><dl class='gallery-item'>\n\t\t\t<dt class='gallery-icon portrait'>\n\t\t\t\t<a href='http:\/\/tmp.warp-poligon.info\/si\/wp-content\/uploads\/sites\/2\/2017\/06\/P10_POLONA-JURINIC_w.jpg'><img decoding=\"async\" width=\"225\" height=\"300\" src=\"http:\/\/tmp.warp-poligon.info\/si\/wp-content\/uploads\/sites\/2\/2017\/06\/P10_POLONA-JURINIC_w-225x300.jpg\" class=\"attachment-medium size-medium\" alt=\"\" aria-describedby=\"gallery-1-2281\" srcset=\"http:\/\/tmp.warp-poligon.info\/si\/wp-content\/uploads\/sites\/2\/2017\/06\/P10_POLONA-JURINIC_w-200x267.jpg 200w, http:\/\/tmp.warp-poligon.info\/si\/wp-content\/uploads\/sites\/2\/2017\/06\/P10_POLONA-JURINIC_w-225x300.jpg 225w, http:\/\/tmp.warp-poligon.info\/si\/wp-content\/uploads\/sites\/2\/2017\/06\/P10_POLONA-JURINIC_w-400x533.jpg 400w, http:\/\/tmp.warp-poligon.info\/si\/wp-content\/uploads\/sites\/2\/2017\/06\/P10_POLONA-JURINIC_w-600x800.jpg 600w, http:\/\/tmp.warp-poligon.info\/si\/wp-content\/uploads\/sites\/2\/2017\/06\/P10_POLONA-JURINIC_w-768x1024.jpg 768w, http:\/\/tmp.warp-poligon.info\/si\/wp-content\/uploads\/sites\/2\/2017\/06\/P10_POLONA-JURINIC_w-800x1066.jpg 800w, http:\/\/tmp.warp-poligon.info\/si\/wp-content\/uploads\/sites\/2\/2017\/06\/P10_POLONA-JURINIC_w.jpg 1000w\" sizes=\"(max-width: 225px) 100vw, 225px\" \/><\/a>\n\t\t\t<\/dt>\n\t\t\t\t<dd class='wp-caption-text gallery-caption' id='gallery-1-2281'>\n\t\t\t\tAvtorica knji\u017eice o Ple\u010dniku na Hrva\u0161kem Polona Jurini\u0107.\n\t\t\t\t<\/dd><\/dl><dl class='gallery-item'>\n\t\t\t<dt class='gallery-icon portrait'>\n\t\t\t\t<a href='http:\/\/tmp.warp-poligon.info\/si\/wp-content\/uploads\/sites\/2\/2017\/06\/p5_EVA-KIRCHMAYER-BILIC-IN-MARKO-MANDIR_w.jpg'><img decoding=\"async\" width=\"225\" height=\"300\" src=\"http:\/\/tmp.warp-poligon.info\/si\/wp-content\/uploads\/sites\/2\/2017\/06\/p5_EVA-KIRCHMAYER-BILIC-IN-MARKO-MANDIR_w-225x300.jpg\" class=\"attachment-medium size-medium\" alt=\"\" aria-describedby=\"gallery-1-2276\" srcset=\"http:\/\/tmp.warp-poligon.info\/si\/wp-content\/uploads\/sites\/2\/2017\/06\/p5_EVA-KIRCHMAYER-BILIC-IN-MARKO-MANDIR_w-200x267.jpg 200w, http:\/\/tmp.warp-poligon.info\/si\/wp-content\/uploads\/sites\/2\/2017\/06\/p5_EVA-KIRCHMAYER-BILIC-IN-MARKO-MANDIR_w-225x300.jpg 225w, http:\/\/tmp.warp-poligon.info\/si\/wp-content\/uploads\/sites\/2\/2017\/06\/p5_EVA-KIRCHMAYER-BILIC-IN-MARKO-MANDIR_w-400x533.jpg 400w, http:\/\/tmp.warp-poligon.info\/si\/wp-content\/uploads\/sites\/2\/2017\/06\/p5_EVA-KIRCHMAYER-BILIC-IN-MARKO-MANDIR_w-600x800.jpg 600w, http:\/\/tmp.warp-poligon.info\/si\/wp-content\/uploads\/sites\/2\/2017\/06\/p5_EVA-KIRCHMAYER-BILIC-IN-MARKO-MANDIR_w-768x1024.jpg 768w, http:\/\/tmp.warp-poligon.info\/si\/wp-content\/uploads\/sites\/2\/2017\/06\/p5_EVA-KIRCHMAYER-BILIC-IN-MARKO-MANDIR_w-800x1066.jpg 800w, http:\/\/tmp.warp-poligon.info\/si\/wp-content\/uploads\/sites\/2\/2017\/06\/p5_EVA-KIRCHMAYER-BILIC-IN-MARKO-MANDIR_w.jpg 1000w\" sizes=\"(max-width: 225px) 100vw, 225px\" \/><\/a>\n\t\t\t<\/dt>\n\t\t\t\t<dd class='wp-caption-text gallery-caption' id='gallery-1-2276'>\n\t\t\t\tEva Kirchmayer Bili\u0107 in Marko Mandir.\n\t\t\t\t<\/dd><\/dl><dl class='gallery-item'>\n\t\t\t<dt class='gallery-icon landscape'>\n\t\t\t\t<a href='http:\/\/tmp.warp-poligon.info\/si\/wp-content\/uploads\/sites\/2\/2017\/06\/P11_w_studentke.jpg'><img decoding=\"async\" width=\"300\" height=\"225\" src=\"http:\/\/tmp.warp-poligon.info\/si\/wp-content\/uploads\/sites\/2\/2017\/06\/P11_w_studentke-300x225.jpg\" class=\"attachment-medium size-medium\" alt=\"\" aria-describedby=\"gallery-1-2282\" srcset=\"http:\/\/tmp.warp-poligon.info\/si\/wp-content\/uploads\/sites\/2\/2017\/06\/P11_w_studentke-200x150.jpg 200w, http:\/\/tmp.warp-poligon.info\/si\/wp-content\/uploads\/sites\/2\/2017\/06\/P11_w_studentke-300x225.jpg 300w, http:\/\/tmp.warp-poligon.info\/si\/wp-content\/uploads\/sites\/2\/2017\/06\/P11_w_studentke-400x300.jpg 400w, http:\/\/tmp.warp-poligon.info\/si\/wp-content\/uploads\/sites\/2\/2017\/06\/P11_w_studentke-600x450.jpg 600w, http:\/\/tmp.warp-poligon.info\/si\/wp-content\/uploads\/sites\/2\/2017\/06\/P11_w_studentke-768x576.jpg 768w, http:\/\/tmp.warp-poligon.info\/si\/wp-content\/uploads\/sites\/2\/2017\/06\/P11_w_studentke-800x600.jpg 800w, http:\/\/tmp.warp-poligon.info\/si\/wp-content\/uploads\/sites\/2\/2017\/06\/P11_w_studentke.jpg 1000w\" sizes=\"(max-width: 300px) 100vw, 300px\" \/><\/a>\n\t\t\t<\/dt>\n\t\t\t\t<dd class='wp-caption-text gallery-caption' id='gallery-1-2282'>\n\t\t\t\tLektorica za sloven\u0161\u010dino Meta Klinar, poobla\u0161\u010dena ministrica iz slovenskega veleposlani\u0161tva Kristina Kliner, vodja oddelka za ju\u017enoslovanske jezike in knji\u017eevnosti in predstojnica katedre za slovenski jezik in knji\u017eevnost na zagreb\u0161ki Filozofski fakulteti Anita Peti-Stanti\u0107 in \u0161tudentke slovenistike, kii so knji\u017eico o Ple\u010dniku prevedle v hrva\u0161\u010dino (z leve).\n\t\t\t\t<\/dd><\/dl><br style=\"clear: both\" \/><dl class='gallery-item'>\n\t\t\t<dt class='gallery-icon landscape'>\n\t\t\t\t<a href='http:\/\/tmp.warp-poligon.info\/si\/wp-content\/uploads\/sites\/2\/2017\/06\/P7_w_razstava.jpg'><img decoding=\"async\" width=\"300\" height=\"225\" src=\"http:\/\/tmp.warp-poligon.info\/si\/wp-content\/uploads\/sites\/2\/2017\/06\/P7_w_razstava-300x225.jpg\" class=\"attachment-medium size-medium\" alt=\"\" aria-describedby=\"gallery-1-2278\" srcset=\"http:\/\/tmp.warp-poligon.info\/si\/wp-content\/uploads\/sites\/2\/2017\/06\/P7_w_razstava-200x150.jpg 200w, http:\/\/tmp.warp-poligon.info\/si\/wp-content\/uploads\/sites\/2\/2017\/06\/P7_w_razstava-300x225.jpg 300w, http:\/\/tmp.warp-poligon.info\/si\/wp-content\/uploads\/sites\/2\/2017\/06\/P7_w_razstava-400x300.jpg 400w, http:\/\/tmp.warp-poligon.info\/si\/wp-content\/uploads\/sites\/2\/2017\/06\/P7_w_razstava-600x450.jpg 600w, http:\/\/tmp.warp-poligon.info\/si\/wp-content\/uploads\/sites\/2\/2017\/06\/P7_w_razstava-768x576.jpg 768w, http:\/\/tmp.warp-poligon.info\/si\/wp-content\/uploads\/sites\/2\/2017\/06\/P7_w_razstava-800x600.jpg 800w, http:\/\/tmp.warp-poligon.info\/si\/wp-content\/uploads\/sites\/2\/2017\/06\/P7_w_razstava.jpg 1000w\" sizes=\"(max-width: 300px) 100vw, 300px\" \/><\/a>\n\t\t\t<\/dt>\n\t\t\t\t<dd class='wp-caption-text gallery-caption' id='gallery-1-2278'>\n\t\t\t\tRazstava &#8220;Kreposti i mane.&#8221;\n\t\t\t\t<\/dd><\/dl><dl class='gallery-item'>\n\t\t\t<dt class='gallery-icon landscape'>\n\t\t\t\t<a href='http:\/\/tmp.warp-poligon.info\/si\/wp-content\/uploads\/sites\/2\/2017\/06\/P6_w_obcinstvo.jpg'><img decoding=\"async\" width=\"300\" height=\"225\" src=\"http:\/\/tmp.warp-poligon.info\/si\/wp-content\/uploads\/sites\/2\/2017\/06\/P6_w_obcinstvo-300x225.jpg\" class=\"attachment-medium size-medium\" alt=\"\" srcset=\"http:\/\/tmp.warp-poligon.info\/si\/wp-content\/uploads\/sites\/2\/2017\/06\/P6_w_obcinstvo-200x150.jpg 200w, http:\/\/tmp.warp-poligon.info\/si\/wp-content\/uploads\/sites\/2\/2017\/06\/P6_w_obcinstvo-300x225.jpg 300w, http:\/\/tmp.warp-poligon.info\/si\/wp-content\/uploads\/sites\/2\/2017\/06\/P6_w_obcinstvo-400x300.jpg 400w, http:\/\/tmp.warp-poligon.info\/si\/wp-content\/uploads\/sites\/2\/2017\/06\/P6_w_obcinstvo-600x450.jpg 600w, http:\/\/tmp.warp-poligon.info\/si\/wp-content\/uploads\/sites\/2\/2017\/06\/P6_w_obcinstvo-768x576.jpg 768w, http:\/\/tmp.warp-poligon.info\/si\/wp-content\/uploads\/sites\/2\/2017\/06\/P6_w_obcinstvo-800x600.jpg 800w, http:\/\/tmp.warp-poligon.info\/si\/wp-content\/uploads\/sites\/2\/2017\/06\/P6_w_obcinstvo.jpg 1000w\" sizes=\"(max-width: 300px) 100vw, 300px\" \/><\/a>\n\t\t\t<\/dt><\/dl><dl class='gallery-item'>\n\t\t\t<dt class='gallery-icon landscape'>\n\t\t\t\t<a href='http:\/\/tmp.warp-poligon.info\/si\/wp-content\/uploads\/sites\/2\/2017\/06\/SANDA-BAJZEK-IN-IRENA-GAYATRI-HORVAT_w.jpg'><img decoding=\"async\" width=\"300\" height=\"225\" src=\"http:\/\/tmp.warp-poligon.info\/si\/wp-content\/uploads\/sites\/2\/2017\/06\/SANDA-BAJZEK-IN-IRENA-GAYATRI-HORVAT_w-300x225.jpg\" class=\"attachment-medium size-medium\" alt=\"\" aria-describedby=\"gallery-1-2283\" srcset=\"http:\/\/tmp.warp-poligon.info\/si\/wp-content\/uploads\/sites\/2\/2017\/06\/SANDA-BAJZEK-IN-IRENA-GAYATRI-HORVAT_w-200x150.jpg 200w, http:\/\/tmp.warp-poligon.info\/si\/wp-content\/uploads\/sites\/2\/2017\/06\/SANDA-BAJZEK-IN-IRENA-GAYATRI-HORVAT_w-300x225.jpg 300w, http:\/\/tmp.warp-poligon.info\/si\/wp-content\/uploads\/sites\/2\/2017\/06\/SANDA-BAJZEK-IN-IRENA-GAYATRI-HORVAT_w-400x300.jpg 400w, http:\/\/tmp.warp-poligon.info\/si\/wp-content\/uploads\/sites\/2\/2017\/06\/SANDA-BAJZEK-IN-IRENA-GAYATRI-HORVAT_w-600x450.jpg 600w, http:\/\/tmp.warp-poligon.info\/si\/wp-content\/uploads\/sites\/2\/2017\/06\/SANDA-BAJZEK-IN-IRENA-GAYATRI-HORVAT_w-768x576.jpg 768w, http:\/\/tmp.warp-poligon.info\/si\/wp-content\/uploads\/sites\/2\/2017\/06\/SANDA-BAJZEK-IN-IRENA-GAYATRI-HORVAT_w-800x600.jpg 800w, http:\/\/tmp.warp-poligon.info\/si\/wp-content\/uploads\/sites\/2\/2017\/06\/SANDA-BAJZEK-IN-IRENA-GAYATRI-HORVAT_w.jpg 1000w\" sizes=\"(max-width: 300px) 100vw, 300px\" \/><\/a>\n\t\t\t<\/dt>\n\t\t\t\t<dd class='wp-caption-text gallery-caption' id='gallery-1-2283'>\n\t\t\t\tKustosinja razstave Sanda Bajzek in akademska slikarica Irena Gayatri Horvat, ki \u017eivi in dela v Kranju (z leve). Vse foto: akm\n\t\t\t\t<\/dd><\/dl><br style=\"clear: both\" \/>\n\t\t<\/div>\n\n","protected":false},"excerpt":{"rendered":"<p>V Zagrebu se je osrednji dogodek v Ple\u010dnikovem letu odvil junija v cerkvi Matere Bo\u017eje Lur\u0161ke, z ma\u0161o, predstavitvijo knjige in razstavo. Slovesnosti v organizaciji Slovenskega doma, Sveta slovenske narodne manj\u0161ine Mesta Zagreb in slovenskega veleposlani\u0161tva se bodo nadaljevale jeseni. Prizori\u0161\u010de junijske slovesnosti, na kateri se je zbralo veliko \u010dlanov slovenske skupnosti na Hrva\u0161kem in [&hellip;]<\/p>\n","protected":false},"author":3,"featured_media":2284,"comment_status":"closed","ping_status":"open","sticky":false,"template":"","format":"standard","meta":{"footnotes":""},"categories":[5],"tags":[],"yoast_head":"<!-- This site is optimized with the Yoast SEO plugin v21.9.1 - https:\/\/yoast.com\/wordpress\/plugins\/seo\/ -->\n<title>Ple\u010dnikovo leto - poklon velikanu slovenske arhitekture | Slovenski dom in Svet slovenske nacionalne manj\u0161ine Mesta Zagreb<\/title>\n<meta name=\"robots\" content=\"index, follow, max-snippet:-1, max-image-preview:large, max-video-preview:-1\" \/>\n<link rel=\"canonical\" href=\"http:\/\/tmp.warp-poligon.info\/si\/plecnikovo-leto-poklon-velikanu-slovenske-arhitekture\/\" \/>\n<meta property=\"og:locale\" content=\"sl_SI\" \/>\n<meta property=\"og:type\" content=\"article\" \/>\n<meta property=\"og:title\" content=\"Ple\u010dnikovo leto - poklon velikanu slovenske arhitekture | Slovenski dom in Svet slovenske nacionalne manj\u0161ine Mesta Zagreb\" \/>\n<meta property=\"og:description\" content=\"V Zagrebu se je osrednji dogodek v Ple\u010dnikovem letu odvil junija v cerkvi Matere Bo\u017eje Lur\u0161ke, z ma\u0161o, predstavitvijo knjige in razstavo. Slovesnosti v organizaciji Slovenskega doma, Sveta slovenske narodne manj\u0161ine Mesta Zagreb in slovenskega veleposlani\u0161tva se bodo nadaljevale jeseni. Prizori\u0161\u010de junijske slovesnosti, na kateri se je zbralo veliko \u010dlanov slovenske skupnosti na Hrva\u0161kem in [&hellip;]\" \/>\n<meta property=\"og:url\" content=\"http:\/\/tmp.warp-poligon.info\/si\/plecnikovo-leto-poklon-velikanu-slovenske-arhitekture\/\" \/>\n<meta property=\"og:site_name\" content=\"Slovenski dom in Svet slovenske nacionalne manj\u0161ine Mesta Zagreb\" \/>\n<meta property=\"article:published_time\" content=\"2017-06-14T08:26:08+00:00\" \/>\n<meta property=\"article:modified_time\" content=\"2017-06-20T13:39:53+00:00\" \/>\n<meta property=\"og:image\" content=\"http:\/\/tmp.warp-poligon.info\/si\/wp-content\/uploads\/sites\/2\/2017\/06\/Plecnik-potpis_w.jpg\" \/>\n\t<meta property=\"og:image:width\" content=\"700\" \/>\n\t<meta property=\"og:image:height\" content=\"466\" \/>\n\t<meta property=\"og:image:type\" content=\"image\/jpeg\" \/>\n<meta name=\"author\" content=\"agata\" \/>\n<meta name=\"twitter:label1\" content=\"Written by\" \/>\n\t<meta name=\"twitter:data1\" content=\"agata\" \/>\n\t<meta name=\"twitter:label2\" content=\"Est. reading time\" \/>\n\t<meta name=\"twitter:data2\" content=\"2 minuti\" \/>\n<script type=\"application\/ld+json\" class=\"yoast-schema-graph\">{\"@context\":\"https:\/\/schema.org\",\"@graph\":[{\"@type\":\"WebPage\",\"@id\":\"http:\/\/tmp.warp-poligon.info\/si\/plecnikovo-leto-poklon-velikanu-slovenske-arhitekture\/\",\"url\":\"http:\/\/tmp.warp-poligon.info\/si\/plecnikovo-leto-poklon-velikanu-slovenske-arhitekture\/\",\"name\":\"Ple\u010dnikovo leto - poklon velikanu slovenske arhitekture | Slovenski dom in Svet slovenske nacionalne manj\u0161ine Mesta Zagreb\",\"isPartOf\":{\"@id\":\"http:\/\/tmp.warp-poligon.info\/si\/#website\"},\"datePublished\":\"2017-06-14T08:26:08+00:00\",\"dateModified\":\"2017-06-20T13:39:53+00:00\",\"author\":{\"@id\":\"http:\/\/tmp.warp-poligon.info\/si\/#\/schema\/person\/a34ecc40aa73e6dd78780facef777d32\"},\"breadcrumb\":{\"@id\":\"http:\/\/tmp.warp-poligon.info\/si\/plecnikovo-leto-poklon-velikanu-slovenske-arhitekture\/#breadcrumb\"},\"inLanguage\":\"sl-SI\",\"potentialAction\":[{\"@type\":\"ReadAction\",\"target\":[\"http:\/\/tmp.warp-poligon.info\/si\/plecnikovo-leto-poklon-velikanu-slovenske-arhitekture\/\"]}]},{\"@type\":\"BreadcrumbList\",\"@id\":\"http:\/\/tmp.warp-poligon.info\/si\/plecnikovo-leto-poklon-velikanu-slovenske-arhitekture\/#breadcrumb\",\"itemListElement\":[{\"@type\":\"ListItem\",\"position\":1,\"name\":\"Home\",\"item\":\"http:\/\/tmp.warp-poligon.info\/si\/\"},{\"@type\":\"ListItem\",\"position\":2,\"name\":\"Ple\u010dnikovo leto &#8211; poklon velikanu slovenske arhitekture\"}]},{\"@type\":\"WebSite\",\"@id\":\"http:\/\/tmp.warp-poligon.info\/si\/#website\",\"url\":\"http:\/\/tmp.warp-poligon.info\/si\/\",\"name\":\"Slovenski dom in Svet slovenske nacionalne manj\u0161ine Mesta Zagreb\",\"description\":\"\",\"potentialAction\":[{\"@type\":\"SearchAction\",\"target\":{\"@type\":\"EntryPoint\",\"urlTemplate\":\"http:\/\/tmp.warp-poligon.info\/si\/?s={search_term_string}\"},\"query-input\":\"required name=search_term_string\"}],\"inLanguage\":\"sl-SI\"},{\"@type\":\"Person\",\"@id\":\"http:\/\/tmp.warp-poligon.info\/si\/#\/schema\/person\/a34ecc40aa73e6dd78780facef777d32\",\"name\":\"agata\",\"image\":{\"@type\":\"ImageObject\",\"inLanguage\":\"sl-SI\",\"@id\":\"http:\/\/tmp.warp-poligon.info\/si\/#\/schema\/person\/image\/\",\"url\":\"http:\/\/1.gravatar.com\/avatar\/42c070b2dbf14a48e0639733f946c907?s=96&d=mm&r=g\",\"contentUrl\":\"http:\/\/1.gravatar.com\/avatar\/42c070b2dbf14a48e0639733f946c907?s=96&d=mm&r=g\",\"caption\":\"agata\"},\"url\":\"http:\/\/tmp.warp-poligon.info\/si\/author\/agata\/\"}]}<\/script>\n<!-- \/ Yoast SEO plugin. -->","yoast_head_json":{"title":"Ple\u010dnikovo leto - poklon velikanu slovenske arhitekture | Slovenski dom in Svet slovenske nacionalne manj\u0161ine Mesta Zagreb","robots":{"index":"index","follow":"follow","max-snippet":"max-snippet:-1","max-image-preview":"max-image-preview:large","max-video-preview":"max-video-preview:-1"},"canonical":"http:\/\/tmp.warp-poligon.info\/si\/plecnikovo-leto-poklon-velikanu-slovenske-arhitekture\/","og_locale":"sl_SI","og_type":"article","og_title":"Ple\u010dnikovo leto - poklon velikanu slovenske arhitekture | Slovenski dom in Svet slovenske nacionalne manj\u0161ine Mesta Zagreb","og_description":"V Zagrebu se je osrednji dogodek v Ple\u010dnikovem letu odvil junija v cerkvi Matere Bo\u017eje Lur\u0161ke, z ma\u0161o, predstavitvijo knjige in razstavo. Slovesnosti v organizaciji Slovenskega doma, Sveta slovenske narodne manj\u0161ine Mesta Zagreb in slovenskega veleposlani\u0161tva se bodo nadaljevale jeseni. Prizori\u0161\u010de junijske slovesnosti, na kateri se je zbralo veliko \u010dlanov slovenske skupnosti na Hrva\u0161kem in [&hellip;]","og_url":"http:\/\/tmp.warp-poligon.info\/si\/plecnikovo-leto-poklon-velikanu-slovenske-arhitekture\/","og_site_name":"Slovenski dom in Svet slovenske nacionalne manj\u0161ine Mesta Zagreb","article_published_time":"2017-06-14T08:26:08+00:00","article_modified_time":"2017-06-20T13:39:53+00:00","og_image":[{"width":700,"height":466,"url":"http:\/\/tmp.warp-poligon.info\/si\/wp-content\/uploads\/sites\/2\/2017\/06\/Plecnik-potpis_w.jpg","type":"image\/jpeg"}],"author":"agata","twitter_misc":{"Written by":"agata","Est. reading time":"2 minuti"},"schema":{"@context":"https:\/\/schema.org","@graph":[{"@type":"WebPage","@id":"http:\/\/tmp.warp-poligon.info\/si\/plecnikovo-leto-poklon-velikanu-slovenske-arhitekture\/","url":"http:\/\/tmp.warp-poligon.info\/si\/plecnikovo-leto-poklon-velikanu-slovenske-arhitekture\/","name":"Ple\u010dnikovo leto - poklon velikanu slovenske arhitekture | Slovenski dom in Svet slovenske nacionalne manj\u0161ine Mesta Zagreb","isPartOf":{"@id":"http:\/\/tmp.warp-poligon.info\/si\/#website"},"datePublished":"2017-06-14T08:26:08+00:00","dateModified":"2017-06-20T13:39:53+00:00","author":{"@id":"http:\/\/tmp.warp-poligon.info\/si\/#\/schema\/person\/a34ecc40aa73e6dd78780facef777d32"},"breadcrumb":{"@id":"http:\/\/tmp.warp-poligon.info\/si\/plecnikovo-leto-poklon-velikanu-slovenske-arhitekture\/#breadcrumb"},"inLanguage":"sl-SI","potentialAction":[{"@type":"ReadAction","target":["http:\/\/tmp.warp-poligon.info\/si\/plecnikovo-leto-poklon-velikanu-slovenske-arhitekture\/"]}]},{"@type":"BreadcrumbList","@id":"http:\/\/tmp.warp-poligon.info\/si\/plecnikovo-leto-poklon-velikanu-slovenske-arhitekture\/#breadcrumb","itemListElement":[{"@type":"ListItem","position":1,"name":"Home","item":"http:\/\/tmp.warp-poligon.info\/si\/"},{"@type":"ListItem","position":2,"name":"Ple\u010dnikovo leto &#8211; poklon velikanu slovenske arhitekture"}]},{"@type":"WebSite","@id":"http:\/\/tmp.warp-poligon.info\/si\/#website","url":"http:\/\/tmp.warp-poligon.info\/si\/","name":"Slovenski dom in Svet slovenske nacionalne manj\u0161ine Mesta Zagreb","description":"","potentialAction":[{"@type":"SearchAction","target":{"@type":"EntryPoint","urlTemplate":"http:\/\/tmp.warp-poligon.info\/si\/?s={search_term_string}"},"query-input":"required name=search_term_string"}],"inLanguage":"sl-SI"},{"@type":"Person","@id":"http:\/\/tmp.warp-poligon.info\/si\/#\/schema\/person\/a34ecc40aa73e6dd78780facef777d32","name":"agata","image":{"@type":"ImageObject","inLanguage":"sl-SI","@id":"http:\/\/tmp.warp-poligon.info\/si\/#\/schema\/person\/image\/","url":"http:\/\/1.gravatar.com\/avatar\/42c070b2dbf14a48e0639733f946c907?s=96&d=mm&r=g","contentUrl":"http:\/\/1.gravatar.com\/avatar\/42c070b2dbf14a48e0639733f946c907?s=96&d=mm&r=g","caption":"agata"},"url":"http:\/\/tmp.warp-poligon.info\/si\/author\/agata\/"}]}},"_links":{"self":[{"href":"http:\/\/tmp.warp-poligon.info\/si\/wp-json\/wp\/v2\/posts\/2273"}],"collection":[{"href":"http:\/\/tmp.warp-poligon.info\/si\/wp-json\/wp\/v2\/posts"}],"about":[{"href":"http:\/\/tmp.warp-poligon.info\/si\/wp-json\/wp\/v2\/types\/post"}],"author":[{"embeddable":true,"href":"http:\/\/tmp.warp-poligon.info\/si\/wp-json\/wp\/v2\/users\/3"}],"replies":[{"embeddable":true,"href":"http:\/\/tmp.warp-poligon.info\/si\/wp-json\/wp\/v2\/comments?post=2273"}],"version-history":[{"count":4,"href":"http:\/\/tmp.warp-poligon.info\/si\/wp-json\/wp\/v2\/posts\/2273\/revisions"}],"predecessor-version":[{"id":2287,"href":"http:\/\/tmp.warp-poligon.info\/si\/wp-json\/wp\/v2\/posts\/2273\/revisions\/2287"}],"wp:featuredmedia":[{"embeddable":true,"href":"http:\/\/tmp.warp-poligon.info\/si\/wp-json\/wp\/v2\/media\/2284"}],"wp:attachment":[{"href":"http:\/\/tmp.warp-poligon.info\/si\/wp-json\/wp\/v2\/media?parent=2273"}],"wp:term":[{"taxonomy":"category","embeddable":true,"href":"http:\/\/tmp.warp-poligon.info\/si\/wp-json\/wp\/v2\/categories?post=2273"},{"taxonomy":"post_tag","embeddable":true,"href":"http:\/\/tmp.warp-poligon.info\/si\/wp-json\/wp\/v2\/tags?post=2273"}],"curies":[{"name":"wp","href":"https:\/\/api.w.org\/{rel}","templated":true}]}}