{"id":229,"date":"2010-05-16T08:00:14","date_gmt":"2010-05-16T06:00:14","guid":{"rendered":"http:\/\/tmp.warp-poligon.info\/si\/?p=229"},"modified":"2014-03-21T17:23:31","modified_gmt":"2014-03-21T16:23:31","slug":"primorska-poje-2010-kd-vatroslav-lisinski-zagreb","status":"publish","type":"post","link":"http:\/\/tmp.warp-poligon.info\/si\/primorska-poje-2010-kd-vatroslav-lisinski-zagreb\/","title":{"rendered":"Primorska poje 2010, KD Vatroslav Lisinski, Zagreb"},"content":{"rendered":"<p>V mali dvorani KD Vatroslav Lisinski, Zagreb, je v organizaciji Slovenskega doma in Sveta slovenske nacionalne manj\u0161ine Mesta Zagreb \u017ee tretji\u010d zapored potekala revija Primorska poje 2010.<\/p>\n<p>Gostitelj, MePZ Slovenski dom je gostil \u0161est pevskih zborov, ki so pri\u0161li iz Ilirske Bistrice, Doline pri Trstu, Seno\u017ee\u010d, Nove Gorice in Kopra. Predsednik Slovenskega doma v Zagrebu Darko \u0160onc je v nagovoru pozdravil vse primorske pevce in ljubitelje slovenske pesmi, z veseljem poudaril, da se slovenska kulturna dedi\u0161\u010dina ohranja tudi \u010dez mejo ter za\u017eelel, da bi se revija pevskih zborov tudi v prihodnje nadaljevala v Zagrebu.<\/p>\n<p>Predsednik Zveze pevskih zborov Primorske, Anton Baloh, se je med drugim zahvalil gostitelju za prijetno vzdu\u0161je in uspe\u0161no organizacijo prireditve, ki je edinstvena v mednarodnem prostoru in je \u017ee 41. po vrsti. Zagreb\u0161kim Slovencem je na srce polo\u017eil \u017eeljo, da \u0161e naprej ohranjamo slovensko besedo in slovensko pesem. Primorska poje je letos posve\u010dena dvema dogodkoma, ki sta tragi\u010dno in odlo\u010dno zaznamovala Primorce: po\u017eig Slovenskega narodnega doma v Trstu, ki je pred 90 leti grenko odjeknil v tem prostoru in brutalen poboj junakov na Bazovi\u0161ki gmajni pred 80 leti. (a.k.m.)<\/p>\n\n\t\t<style type=\"text\/css\">\n\t\t\t#gallery-1 {\n\t\t\t\tmargin: auto;\n\t\t\t}\n\t\t\t#gallery-1 .gallery-item {\n\t\t\t\tfloat: left;\n\t\t\t\tmargin-top: 10px;\n\t\t\t\ttext-align: center;\n\t\t\t\twidth: 50%;\n\t\t\t}\n\t\t\t#gallery-1 img {\n\t\t\t\tborder: 2px solid #cfcfcf;\n\t\t\t}\n\t\t\t#gallery-1 .gallery-caption {\n\t\t\t\tmargin-left: 0;\n\t\t\t}\n\t\t\t\/* see gallery_shortcode() in wp-includes\/media.php *\/\n\t\t<\/style>\n\t\t<div id='gallery-1' class='gallery galleryid-229 gallery-columns-2 gallery-size-thumbnail'><dl class='gallery-item'>\n\t\t\t<dt class='gallery-icon landscape'>\n\t\t\t\t<a href='http:\/\/tmp.warp-poligon.info\/si\/wp-content\/uploads\/sites\/2\/2010\/05\/MePZ-Slovenski-dom-Zagreb-4.jpg'><img decoding=\"async\" width=\"150\" height=\"150\" src=\"http:\/\/tmp.warp-poligon.info\/si\/wp-content\/uploads\/sites\/2\/2010\/05\/MePZ-Slovenski-dom-Zagreb-4-150x150.jpg\" class=\"attachment-thumbnail size-thumbnail\" alt=\"MePZ Slovenski dom, Zagreb z dirigentom Francom Kenejem.\" aria-describedby=\"gallery-1-235\" \/><\/a>\n\t\t\t<\/dt>\n\t\t\t\t<dd class='wp-caption-text gallery-caption' id='gallery-1-235'>\n\t\t\t\tMePZ Slovenski dom, Zagreb z dirigentom Francom Kenejem.\n\t\t\t\t<\/dd><\/dl><dl class='gallery-item'>\n\t\t\t<dt class='gallery-icon landscape'>\n\t\t\t\t<a href='http:\/\/tmp.warp-poligon.info\/si\/wp-content\/uploads\/sites\/2\/2010\/05\/Komorni-dekliski-zbor-Vox-Ilirica-Ilirska-Bistrica-2.jpg'><img decoding=\"async\" width=\"150\" height=\"150\" src=\"http:\/\/tmp.warp-poligon.info\/si\/wp-content\/uploads\/sites\/2\/2010\/05\/Komorni-dekliski-zbor-Vox-Ilirica-Ilirska-Bistrica-2-150x150.jpg\" class=\"attachment-thumbnail size-thumbnail\" alt=\"Komorni dekli\u0161ki zbor Vox Ilirica iz Ilirske Bistrice z zborovodkinjo Eleno Sedmak.\" aria-describedby=\"gallery-1-232\" \/><\/a>\n\t\t\t<\/dt>\n\t\t\t\t<dd class='wp-caption-text gallery-caption' id='gallery-1-232'>\n\t\t\t\tKomorni dekli\u0161ki zbor Vox Ilirica iz Ilirske Bistrice z zborovodkinjo Eleno Sedmak.\n\t\t\t\t<\/dd><\/dl><br style=\"clear: both\" \/><dl class='gallery-item'>\n\t\t\t<dt class='gallery-icon landscape'>\n\t\t\t\t<a href='http:\/\/tmp.warp-poligon.info\/si\/wp-content\/uploads\/sites\/2\/2010\/05\/Moski-pevski-zbor-Fran-Venturini-Dolina-pri-Trstu-3.jpg'><img decoding=\"async\" width=\"150\" height=\"150\" src=\"http:\/\/tmp.warp-poligon.info\/si\/wp-content\/uploads\/sites\/2\/2010\/05\/Moski-pevski-zbor-Fran-Venturini-Dolina-pri-Trstu-3-150x150.jpg\" class=\"attachment-thumbnail size-thumbnail\" alt=\"MoPZ Fran Venturini iz Doline pri Trstu z zborovodjo Ivanom Tav\u010darjem.\" aria-describedby=\"gallery-1-236\" \/><\/a>\n\t\t\t<\/dt>\n\t\t\t\t<dd class='wp-caption-text gallery-caption' id='gallery-1-236'>\n\t\t\t\tMoPZ Fran Venturini iz Doline pri Trstu z zborovodjo Ivanom Tav\u010darjem.\n\t\t\t\t<\/dd><\/dl><dl class='gallery-item'>\n\t\t\t<dt class='gallery-icon landscape'>\n\t\t\t\t<a href='http:\/\/tmp.warp-poligon.info\/si\/wp-content\/uploads\/sites\/2\/2010\/05\/MePZ-Senozece-3a.jpg'><img decoding=\"async\" width=\"150\" height=\"150\" src=\"http:\/\/tmp.warp-poligon.info\/si\/wp-content\/uploads\/sites\/2\/2010\/05\/MePZ-Senozece-3a-150x150.jpg\" class=\"attachment-thumbnail size-thumbnail\" alt=\"MePZ Seno\u017ee\u010de z zborovodkinjo Ado \u0160kamperle.\" aria-describedby=\"gallery-1-234\" \/><\/a>\n\t\t\t<\/dt>\n\t\t\t\t<dd class='wp-caption-text gallery-caption' id='gallery-1-234'>\n\t\t\t\tMePZ Seno\u017ee\u010de z zborovodkinjo Ado \u0160kamperle.\n\t\t\t\t<\/dd><\/dl><br style=\"clear: both\" \/><dl class='gallery-item'>\n\t\t\t<dt class='gallery-icon landscape'>\n\t\t\t\t<a href='http:\/\/tmp.warp-poligon.info\/si\/wp-content\/uploads\/sites\/2\/2010\/05\/Moski-pevski-zbor-Provox-Nova-Gorica-5.jpg'><img decoding=\"async\" width=\"150\" height=\"150\" src=\"http:\/\/tmp.warp-poligon.info\/si\/wp-content\/uploads\/sites\/2\/2010\/05\/Moski-pevski-zbor-Provox-Nova-Gorica-5-150x150.jpg\" class=\"attachment-thumbnail size-thumbnail\" alt=\"MoPZ Provox iz Nove Gorice z zborovodjo Ivanom Mignozzijem.\" aria-describedby=\"gallery-1-237\" \/><\/a>\n\t\t\t<\/dt>\n\t\t\t\t<dd class='wp-caption-text gallery-caption' id='gallery-1-237'>\n\t\t\t\tMoPZ Provox iz Nove Gorice z zborovodjo Ivanom Mignozzijem.\n\t\t\t\t<\/dd><\/dl><dl class='gallery-item'>\n\t\t\t<dt class='gallery-icon landscape'>\n\t\t\t\t<a href='http:\/\/tmp.warp-poligon.info\/si\/wp-content\/uploads\/sites\/2\/2010\/05\/Vokalna-skupina-Grgar-Nova-Gorica-6.jpg'><img decoding=\"async\" width=\"150\" height=\"150\" src=\"http:\/\/tmp.warp-poligon.info\/si\/wp-content\/uploads\/sites\/2\/2010\/05\/Vokalna-skupina-Grgar-Nova-Gorica-6-150x150.jpg\" class=\"attachment-thumbnail size-thumbnail\" alt=\"Vokalna skupina Grgar iz Nove gorice z zborovodjo Andrejem Filipi\u010dem.\" aria-describedby=\"gallery-1-238\" \/><\/a>\n\t\t\t<\/dt>\n\t\t\t\t<dd class='wp-caption-text gallery-caption' id='gallery-1-238'>\n\t\t\t\tVokalna skupina Grgar iz Nove gorice z zborovodjo Andrejem Filipi\u010dem.\n\t\t\t\t<\/dd><\/dl><br style=\"clear: both\" \/><dl class='gallery-item'>\n\t\t\t<dt class='gallery-icon landscape'>\n\t\t\t\t<a href='http:\/\/tmp.warp-poligon.info\/si\/wp-content\/uploads\/sites\/2\/2010\/05\/MePZ-Obala-Koper-in-Anton-Baloh-7.jpg'><img decoding=\"async\" width=\"150\" height=\"150\" src=\"http:\/\/tmp.warp-poligon.info\/si\/wp-content\/uploads\/sites\/2\/2010\/05\/MePZ-Obala-Koper-in-Anton-Baloh-7-150x150.jpg\" class=\"attachment-thumbnail size-thumbnail\" alt=\"MePZ Obala iz Kopra z zborovodjo Sebastjanom Vrhovnikom. Skozi desno: predsednik ZPZP, Anton Baloh.\" aria-describedby=\"gallery-1-233\" \/><\/a>\n\t\t\t<\/dt>\n\t\t\t\t<dd class='wp-caption-text gallery-caption' id='gallery-1-233'>\n\t\t\t\tMePZ Obala iz Kopra z zborovodjo Sebastjanom Vrhovnikom. Skozi desno: predsednik ZPZP, Anton Baloh.\n\t\t\t\t<\/dd><\/dl>\n\t\t\t<br style='clear: both' \/>\n\t\t<\/div>\n\n","protected":false},"excerpt":{"rendered":"<p>V mali dvorani KD Vatroslav Lisinski, Zagreb, je v organizaciji Slovenskega doma in Sveta slovenske nacionalne manj\u0161ine Mesta Zagreb \u017ee tretji\u010d zapored potekala revija Primorska poje 2010. Gostitelj, MePZ Slovenski dom je gostil \u0161est pevskih zborov, ki so pri\u0161li iz Ilirske Bistrice, Doline pri Trstu, Seno\u017ee\u010d, Nove Gorice in Kopra. Predsednik Slovenskega doma v Zagrebu [&hellip;]<\/p>\n","protected":false},"author":1,"featured_media":231,"comment_status":"closed","ping_status":"open","sticky":false,"template":"","format":"standard","meta":{"footnotes":""},"categories":[5],"tags":[],"yoast_head":"<!-- This site is optimized with the Yoast SEO plugin v21.9.1 - https:\/\/yoast.com\/wordpress\/plugins\/seo\/ -->\n<title>Primorska poje 2010, KD Vatroslav Lisinski, Zagreb | Slovenski dom in Svet slovenske nacionalne manj\u0161ine Mesta Zagreb<\/title>\n<meta name=\"robots\" content=\"index, follow, max-snippet:-1, max-image-preview:large, max-video-preview:-1\" \/>\n<link rel=\"canonical\" href=\"http:\/\/tmp.warp-poligon.info\/si\/primorska-poje-2010-kd-vatroslav-lisinski-zagreb\/\" \/>\n<meta property=\"og:locale\" content=\"sl_SI\" \/>\n<meta property=\"og:type\" content=\"article\" \/>\n<meta property=\"og:title\" content=\"Primorska poje 2010, KD Vatroslav Lisinski, Zagreb | Slovenski dom in Svet slovenske nacionalne manj\u0161ine Mesta Zagreb\" \/>\n<meta property=\"og:description\" content=\"V mali dvorani KD Vatroslav Lisinski, Zagreb, je v organizaciji Slovenskega doma in Sveta slovenske nacionalne manj\u0161ine Mesta Zagreb \u017ee tretji\u010d zapored potekala revija Primorska poje 2010. Gostitelj, MePZ Slovenski dom je gostil \u0161est pevskih zborov, ki so pri\u0161li iz Ilirske Bistrice, Doline pri Trstu, Seno\u017ee\u010d, Nove Gorice in Kopra. Predsednik Slovenskega doma v Zagrebu [&hellip;]\" \/>\n<meta property=\"og:url\" content=\"http:\/\/tmp.warp-poligon.info\/si\/primorska-poje-2010-kd-vatroslav-lisinski-zagreb\/\" \/>\n<meta property=\"og:site_name\" content=\"Slovenski dom in Svet slovenske nacionalne manj\u0161ine Mesta Zagreb\" \/>\n<meta property=\"article:published_time\" content=\"2010-05-16T06:00:14+00:00\" \/>\n<meta property=\"article:modified_time\" content=\"2014-03-21T16:23:31+00:00\" \/>\n<meta property=\"og:image\" content=\"http:\/\/tmp.warp-poligon.info\/si\/wp-content\/uploads\/sites\/2\/2010\/05\/MePZ-Slovenski-dom-Zagreb.jpg\" \/>\n\t<meta property=\"og:image:width\" content=\"190\" \/>\n\t<meta property=\"og:image:height\" content=\"143\" \/>\n\t<meta property=\"og:image:type\" content=\"image\/jpeg\" \/>\n<meta name=\"author\" content=\"edin.dji\" \/>\n<meta name=\"twitter:label1\" content=\"Written by\" \/>\n\t<meta name=\"twitter:data1\" content=\"edin.dji\" \/>\n\t<meta name=\"twitter:label2\" content=\"Est. reading time\" \/>\n\t<meta name=\"twitter:data2\" content=\"1 minuta\" \/>\n<script type=\"application\/ld+json\" class=\"yoast-schema-graph\">{\"@context\":\"https:\/\/schema.org\",\"@graph\":[{\"@type\":\"WebPage\",\"@id\":\"http:\/\/tmp.warp-poligon.info\/si\/primorska-poje-2010-kd-vatroslav-lisinski-zagreb\/\",\"url\":\"http:\/\/tmp.warp-poligon.info\/si\/primorska-poje-2010-kd-vatroslav-lisinski-zagreb\/\",\"name\":\"Primorska poje 2010, KD Vatroslav Lisinski, Zagreb | Slovenski dom in Svet slovenske nacionalne manj\u0161ine Mesta Zagreb\",\"isPartOf\":{\"@id\":\"http:\/\/tmp.warp-poligon.info\/si\/#website\"},\"datePublished\":\"2010-05-16T06:00:14+00:00\",\"dateModified\":\"2014-03-21T16:23:31+00:00\",\"author\":{\"@id\":\"http:\/\/tmp.warp-poligon.info\/si\/#\/schema\/person\/6676f710a91979474558fea82bc41a0a\"},\"breadcrumb\":{\"@id\":\"http:\/\/tmp.warp-poligon.info\/si\/primorska-poje-2010-kd-vatroslav-lisinski-zagreb\/#breadcrumb\"},\"inLanguage\":\"sl-SI\",\"potentialAction\":[{\"@type\":\"ReadAction\",\"target\":[\"http:\/\/tmp.warp-poligon.info\/si\/primorska-poje-2010-kd-vatroslav-lisinski-zagreb\/\"]}]},{\"@type\":\"BreadcrumbList\",\"@id\":\"http:\/\/tmp.warp-poligon.info\/si\/primorska-poje-2010-kd-vatroslav-lisinski-zagreb\/#breadcrumb\",\"itemListElement\":[{\"@type\":\"ListItem\",\"position\":1,\"name\":\"Home\",\"item\":\"http:\/\/tmp.warp-poligon.info\/si\/\"},{\"@type\":\"ListItem\",\"position\":2,\"name\":\"Primorska poje 2010, KD Vatroslav Lisinski, Zagreb\"}]},{\"@type\":\"WebSite\",\"@id\":\"http:\/\/tmp.warp-poligon.info\/si\/#website\",\"url\":\"http:\/\/tmp.warp-poligon.info\/si\/\",\"name\":\"Slovenski dom in Svet slovenske nacionalne manj\u0161ine Mesta Zagreb\",\"description\":\"\",\"potentialAction\":[{\"@type\":\"SearchAction\",\"target\":{\"@type\":\"EntryPoint\",\"urlTemplate\":\"http:\/\/tmp.warp-poligon.info\/si\/?s={search_term_string}\"},\"query-input\":\"required name=search_term_string\"}],\"inLanguage\":\"sl-SI\"},{\"@type\":\"Person\",\"@id\":\"http:\/\/tmp.warp-poligon.info\/si\/#\/schema\/person\/6676f710a91979474558fea82bc41a0a\",\"name\":\"edin.dji\",\"image\":{\"@type\":\"ImageObject\",\"inLanguage\":\"sl-SI\",\"@id\":\"http:\/\/tmp.warp-poligon.info\/si\/#\/schema\/person\/image\/\",\"url\":\"http:\/\/0.gravatar.com\/avatar\/6136fa88afb87b83090822617871c230?s=96&d=mm&r=g\",\"contentUrl\":\"http:\/\/0.gravatar.com\/avatar\/6136fa88afb87b83090822617871c230?s=96&d=mm&r=g\",\"caption\":\"edin.dji\"},\"url\":\"http:\/\/tmp.warp-poligon.info\/si\/author\/edin-dji\/\"}]}<\/script>\n<!-- \/ Yoast SEO plugin. -->","yoast_head_json":{"title":"Primorska poje 2010, KD Vatroslav Lisinski, Zagreb | Slovenski dom in Svet slovenske nacionalne manj\u0161ine Mesta Zagreb","robots":{"index":"index","follow":"follow","max-snippet":"max-snippet:-1","max-image-preview":"max-image-preview:large","max-video-preview":"max-video-preview:-1"},"canonical":"http:\/\/tmp.warp-poligon.info\/si\/primorska-poje-2010-kd-vatroslav-lisinski-zagreb\/","og_locale":"sl_SI","og_type":"article","og_title":"Primorska poje 2010, KD Vatroslav Lisinski, Zagreb | Slovenski dom in Svet slovenske nacionalne manj\u0161ine Mesta Zagreb","og_description":"V mali dvorani KD Vatroslav Lisinski, Zagreb, je v organizaciji Slovenskega doma in Sveta slovenske nacionalne manj\u0161ine Mesta Zagreb \u017ee tretji\u010d zapored potekala revija Primorska poje 2010. Gostitelj, MePZ Slovenski dom je gostil \u0161est pevskih zborov, ki so pri\u0161li iz Ilirske Bistrice, Doline pri Trstu, Seno\u017ee\u010d, Nove Gorice in Kopra. Predsednik Slovenskega doma v Zagrebu [&hellip;]","og_url":"http:\/\/tmp.warp-poligon.info\/si\/primorska-poje-2010-kd-vatroslav-lisinski-zagreb\/","og_site_name":"Slovenski dom in Svet slovenske nacionalne manj\u0161ine Mesta Zagreb","article_published_time":"2010-05-16T06:00:14+00:00","article_modified_time":"2014-03-21T16:23:31+00:00","og_image":[{"width":190,"height":143,"url":"http:\/\/tmp.warp-poligon.info\/si\/wp-content\/uploads\/sites\/2\/2010\/05\/MePZ-Slovenski-dom-Zagreb.jpg","type":"image\/jpeg"}],"author":"edin.dji","twitter_misc":{"Written by":"edin.dji","Est. reading time":"1 minuta"},"schema":{"@context":"https:\/\/schema.org","@graph":[{"@type":"WebPage","@id":"http:\/\/tmp.warp-poligon.info\/si\/primorska-poje-2010-kd-vatroslav-lisinski-zagreb\/","url":"http:\/\/tmp.warp-poligon.info\/si\/primorska-poje-2010-kd-vatroslav-lisinski-zagreb\/","name":"Primorska poje 2010, KD Vatroslav Lisinski, Zagreb | Slovenski dom in Svet slovenske nacionalne manj\u0161ine Mesta Zagreb","isPartOf":{"@id":"http:\/\/tmp.warp-poligon.info\/si\/#website"},"datePublished":"2010-05-16T06:00:14+00:00","dateModified":"2014-03-21T16:23:31+00:00","author":{"@id":"http:\/\/tmp.warp-poligon.info\/si\/#\/schema\/person\/6676f710a91979474558fea82bc41a0a"},"breadcrumb":{"@id":"http:\/\/tmp.warp-poligon.info\/si\/primorska-poje-2010-kd-vatroslav-lisinski-zagreb\/#breadcrumb"},"inLanguage":"sl-SI","potentialAction":[{"@type":"ReadAction","target":["http:\/\/tmp.warp-poligon.info\/si\/primorska-poje-2010-kd-vatroslav-lisinski-zagreb\/"]}]},{"@type":"BreadcrumbList","@id":"http:\/\/tmp.warp-poligon.info\/si\/primorska-poje-2010-kd-vatroslav-lisinski-zagreb\/#breadcrumb","itemListElement":[{"@type":"ListItem","position":1,"name":"Home","item":"http:\/\/tmp.warp-poligon.info\/si\/"},{"@type":"ListItem","position":2,"name":"Primorska poje 2010, KD Vatroslav Lisinski, Zagreb"}]},{"@type":"WebSite","@id":"http:\/\/tmp.warp-poligon.info\/si\/#website","url":"http:\/\/tmp.warp-poligon.info\/si\/","name":"Slovenski dom in Svet slovenske nacionalne manj\u0161ine Mesta Zagreb","description":"","potentialAction":[{"@type":"SearchAction","target":{"@type":"EntryPoint","urlTemplate":"http:\/\/tmp.warp-poligon.info\/si\/?s={search_term_string}"},"query-input":"required name=search_term_string"}],"inLanguage":"sl-SI"},{"@type":"Person","@id":"http:\/\/tmp.warp-poligon.info\/si\/#\/schema\/person\/6676f710a91979474558fea82bc41a0a","name":"edin.dji","image":{"@type":"ImageObject","inLanguage":"sl-SI","@id":"http:\/\/tmp.warp-poligon.info\/si\/#\/schema\/person\/image\/","url":"http:\/\/0.gravatar.com\/avatar\/6136fa88afb87b83090822617871c230?s=96&d=mm&r=g","contentUrl":"http:\/\/0.gravatar.com\/avatar\/6136fa88afb87b83090822617871c230?s=96&d=mm&r=g","caption":"edin.dji"},"url":"http:\/\/tmp.warp-poligon.info\/si\/author\/edin-dji\/"}]}},"_links":{"self":[{"href":"http:\/\/tmp.warp-poligon.info\/si\/wp-json\/wp\/v2\/posts\/229"}],"collection":[{"href":"http:\/\/tmp.warp-poligon.info\/si\/wp-json\/wp\/v2\/posts"}],"about":[{"href":"http:\/\/tmp.warp-poligon.info\/si\/wp-json\/wp\/v2\/types\/post"}],"author":[{"embeddable":true,"href":"http:\/\/tmp.warp-poligon.info\/si\/wp-json\/wp\/v2\/users\/1"}],"replies":[{"embeddable":true,"href":"http:\/\/tmp.warp-poligon.info\/si\/wp-json\/wp\/v2\/comments?post=229"}],"version-history":[{"count":2,"href":"http:\/\/tmp.warp-poligon.info\/si\/wp-json\/wp\/v2\/posts\/229\/revisions"}],"predecessor-version":[{"id":240,"href":"http:\/\/tmp.warp-poligon.info\/si\/wp-json\/wp\/v2\/posts\/229\/revisions\/240"}],"wp:featuredmedia":[{"embeddable":true,"href":"http:\/\/tmp.warp-poligon.info\/si\/wp-json\/wp\/v2\/media\/231"}],"wp:attachment":[{"href":"http:\/\/tmp.warp-poligon.info\/si\/wp-json\/wp\/v2\/media?parent=229"}],"wp:term":[{"taxonomy":"category","embeddable":true,"href":"http:\/\/tmp.warp-poligon.info\/si\/wp-json\/wp\/v2\/categories?post=229"},{"taxonomy":"post_tag","embeddable":true,"href":"http:\/\/tmp.warp-poligon.info\/si\/wp-json\/wp\/v2\/tags?post=229"}],"curies":[{"name":"wp","href":"https:\/\/api.w.org\/{rel}","templated":true}]}}