{"id":251,"date":"2010-07-02T08:00:58","date_gmt":"2010-07-02T06:00:58","guid":{"rendered":"http:\/\/tmp.warp-poligon.info\/si\/?p=251"},"modified":"2014-03-21T17:36:50","modified_gmt":"2014-03-21T16:36:50","slug":"17-in-23-6-2010-dan-drzavnosti-v-zagrebu-in-mariboru","status":"publish","type":"post","link":"http:\/\/tmp.warp-poligon.info\/si\/17-in-23-6-2010-dan-drzavnosti-v-zagrebu-in-mariboru\/","title":{"rendered":"17. in 23.6.2010 Dan dr\u017eavnosti v Zagrebu in Mariboru"},"content":{"rendered":"<p>V Gliptoteki HAZU smo se udele\u017eili tradicionalnega sprejema, ki ga je ob Dnevu dr\u017eavnosti in Dnevu Slovenske vojske priredilo slovensko veleposlani\u0161tvo v Zagrebu, v sodelovanju s Svetom slovenske nacionalne manj\u0161ine Mesta Zagreb in ob pomo\u010di slovenskih podjetij.<\/p>\n<p>Obele\u017eenje Dneva dr\u017eavnosti, tega pomembnega zgodovinskega dogodka, smo \u010dlani Slovenskega doma in Sveta nadaljevali 23. junija v \u0161tajerski prestolnici Maribor. V Voja\u0161kem muzeju Slovenske vojske, ki se nahaja v mariborski Kadetnici, smo si ogledali pou\u010dno in zanimivo razstavo avtorja Albina Mikuli\u010da Vojna za samostojno Slovenijo 1991 skozi katero sta nas vodila kustosa Ladislav Mesari\u010d in Bla\u017e Torkar. Seznanili smo se z zgodovinskimi okoli\u0161\u010dinami, posebej leta 1989, ko je v Vzhodni Evropi pri\u0161lo do velikih sprememb, ki so pomembno vplivale tudi na razmere v Jugoslaviji oziroma Sloveniji, dogodki pred osamosvojitveno vojno v Sloveniji v \u010dasu vojne in po njej, ki so nas pripeljali do uresni\u010ditve tiso\u010dletnega sna po samostojni slovenski dr\u017eavi.<\/p>\n<p>S spo\u0161tovanjem in s ponosom smo se spomnili vseh borcev in \u017ertev za svobodno Slovenijo. (a.k.m.)<\/p>\n<p>Ve\u010d v <a href=\"\/wp-content\/uploads\/2014\/03\/Odmev41.pdf\" target=\"_blank\">Odmevu 41<\/a>.<\/p>\n\n\t\t<style type=\"text\/css\">\n\t\t\t#gallery-1 {\n\t\t\t\tmargin: auto;\n\t\t\t}\n\t\t\t#gallery-1 .gallery-item {\n\t\t\t\tfloat: left;\n\t\t\t\tmargin-top: 10px;\n\t\t\t\ttext-align: center;\n\t\t\t\twidth: 50%;\n\t\t\t}\n\t\t\t#gallery-1 img {\n\t\t\t\tborder: 2px solid #cfcfcf;\n\t\t\t}\n\t\t\t#gallery-1 .gallery-caption {\n\t\t\t\tmargin-left: 0;\n\t\t\t}\n\t\t\t\/* see gallery_shortcode() in wp-includes\/media.php *\/\n\t\t<\/style>\n\t\t<div id='gallery-1' class='gallery galleryid-251 gallery-columns-2 gallery-size-thumbnail'><dl class='gallery-item'>\n\t\t\t<dt class='gallery-icon landscape'>\n\t\t\t\t<a href='http:\/\/tmp.warp-poligon.info\/si\/wp-content\/uploads\/sites\/2\/2010\/07\/P2040001_2.jpg'><img decoding=\"async\" width=\"150\" height=\"150\" src=\"http:\/\/tmp.warp-poligon.info\/si\/wp-content\/uploads\/sites\/2\/2010\/07\/P2040001_2-150x150.jpg\" class=\"attachment-thumbnail size-thumbnail\" alt=\"Sprejem v Gliptoteki HAZU, Zagreb: brigadni general Alojz Zavr\u0161nik s soprogo, poobla\u0161\u010deni minister Marko Sotlar s soprogo in za\u010dasni odpravnik poslov Robert Krmelj s soprogo. (z leve proti desni).\" aria-describedby=\"gallery-1-256\" \/><\/a>\n\t\t\t<\/dt>\n\t\t\t\t<dd class='wp-caption-text gallery-caption' id='gallery-1-256'>\n\t\t\t\tSprejem v Gliptoteki HAZU, Zagreb: brigadni general Alojz Zavr\u0161nik s soprogo, poobla\u0161\u010deni minister Marko Sotlar s soprogo in za\u010dasni odpravnik poslov Robert Krmelj s soprogo. (z leve proti desni).\n\t\t\t\t<\/dd><\/dl><dl class='gallery-item'>\n\t\t\t<dt class='gallery-icon landscape'>\n\t\t\t\t<a href='http:\/\/tmp.warp-poligon.info\/si\/wp-content\/uploads\/sites\/2\/2010\/07\/P1010005.jpg'><img decoding=\"async\" width=\"150\" height=\"150\" src=\"http:\/\/tmp.warp-poligon.info\/si\/wp-content\/uploads\/sites\/2\/2010\/07\/P1010005-150x150.jpg\" class=\"attachment-thumbnail size-thumbnail\" alt=\"Utrinek z razstave: 26.6.1991 dvig nove slovenske zastave ob razglasitvi samostojne in neodvisne Slovenije.\" aria-describedby=\"gallery-1-253\" \/><\/a>\n\t\t\t<\/dt>\n\t\t\t\t<dd class='wp-caption-text gallery-caption' id='gallery-1-253'>\n\t\t\t\tUtrinek z razstave: 26.6.1991 dvig nove slovenske zastave ob razglasitvi samostojne in neodvisne Slovenije.\n\t\t\t\t<\/dd><\/dl><br style=\"clear: both\" \/><dl class='gallery-item'>\n\t\t\t<dt class='gallery-icon landscape'>\n\t\t\t\t<a href='http:\/\/tmp.warp-poligon.info\/si\/wp-content\/uploads\/sites\/2\/2010\/07\/P1010007.jpg'><img decoding=\"async\" width=\"150\" height=\"150\" src=\"http:\/\/tmp.warp-poligon.info\/si\/wp-content\/uploads\/sites\/2\/2010\/07\/P1010007-150x150.jpg\" class=\"attachment-thumbnail size-thumbnail\" alt=\"\u010clani Sveta so si v Kadetnici ogledali film o njeni prenovi.\" aria-describedby=\"gallery-1-254\" \/><\/a>\n\t\t\t<\/dt>\n\t\t\t\t<dd class='wp-caption-text gallery-caption' id='gallery-1-254'>\n\t\t\t\t\u010clani Sveta so si v Kadetnici ogledali film o njeni prenovi.\n\t\t\t\t<\/dd><\/dl><dl class='gallery-item'>\n\t\t\t<dt class='gallery-icon landscape'>\n\t\t\t\t<a href='http:\/\/tmp.warp-poligon.info\/si\/wp-content\/uploads\/sites\/2\/2010\/07\/P1010018.jpg'><img decoding=\"async\" width=\"150\" height=\"150\" src=\"http:\/\/tmp.warp-poligon.info\/si\/wp-content\/uploads\/sites\/2\/2010\/07\/P1010018-150x150.jpg\" class=\"attachment-thumbnail size-thumbnail\" alt=\"\u010clani Sveta in kustosa Ladislav Mesari\u010d in Bla\u017e Torkar pred Kadetnico, Maribor.\" aria-describedby=\"gallery-1-255\" \/><\/a>\n\t\t\t<\/dt>\n\t\t\t\t<dd class='wp-caption-text gallery-caption' id='gallery-1-255'>\n\t\t\t\t\u010clani Sveta in kustosa Ladislav Mesari\u010d in Bla\u017e Torkar pred Kadetnico, Maribor.\n\t\t\t\t<\/dd><\/dl><br style=\"clear: both\" \/>\n\t\t<\/div>\n\n","protected":false},"excerpt":{"rendered":"<p>V Gliptoteki HAZU smo se udele\u017eili tradicionalnega sprejema, ki ga je ob Dnevu dr\u017eavnosti in Dnevu Slovenske vojske priredilo slovensko veleposlani\u0161tvo v Zagrebu, v sodelovanju s Svetom slovenske nacionalne manj\u0161ine Mesta Zagreb in ob pomo\u010di slovenskih podjetij. Obele\u017eenje Dneva dr\u017eavnosti, tega pomembnega zgodovinskega dogodka, smo \u010dlani Slovenskega doma in Sveta nadaljevali 23. junija v \u0161tajerski [&hellip;]<\/p>\n","protected":false},"author":1,"featured_media":256,"comment_status":"closed","ping_status":"open","sticky":false,"template":"","format":"standard","meta":{"footnotes":""},"categories":[5],"tags":[],"yoast_head":"<!-- This site is optimized with the Yoast SEO plugin v21.9.1 - https:\/\/yoast.com\/wordpress\/plugins\/seo\/ -->\n<title>17. in 23.6.2010 Dan dr\u017eavnosti v Zagrebu in Mariboru | Slovenski dom in Svet slovenske nacionalne manj\u0161ine Mesta Zagreb<\/title>\n<meta name=\"robots\" content=\"index, follow, max-snippet:-1, max-image-preview:large, max-video-preview:-1\" \/>\n<link rel=\"canonical\" href=\"http:\/\/tmp.warp-poligon.info\/si\/17-in-23-6-2010-dan-drzavnosti-v-zagrebu-in-mariboru\/\" \/>\n<meta property=\"og:locale\" content=\"sl_SI\" \/>\n<meta property=\"og:type\" content=\"article\" \/>\n<meta property=\"og:title\" content=\"17. in 23.6.2010 Dan dr\u017eavnosti v Zagrebu in Mariboru | Slovenski dom in Svet slovenske nacionalne manj\u0161ine Mesta Zagreb\" \/>\n<meta property=\"og:description\" content=\"V Gliptoteki HAZU smo se udele\u017eili tradicionalnega sprejema, ki ga je ob Dnevu dr\u017eavnosti in Dnevu Slovenske vojske priredilo slovensko veleposlani\u0161tvo v Zagrebu, v sodelovanju s Svetom slovenske nacionalne manj\u0161ine Mesta Zagreb in ob pomo\u010di slovenskih podjetij. Obele\u017eenje Dneva dr\u017eavnosti, tega pomembnega zgodovinskega dogodka, smo \u010dlani Slovenskega doma in Sveta nadaljevali 23. junija v \u0161tajerski [&hellip;]\" \/>\n<meta property=\"og:url\" content=\"http:\/\/tmp.warp-poligon.info\/si\/17-in-23-6-2010-dan-drzavnosti-v-zagrebu-in-mariboru\/\" \/>\n<meta property=\"og:site_name\" content=\"Slovenski dom in Svet slovenske nacionalne manj\u0161ine Mesta Zagreb\" \/>\n<meta property=\"article:published_time\" content=\"2010-07-02T06:00:58+00:00\" \/>\n<meta property=\"article:modified_time\" content=\"2014-03-21T16:36:50+00:00\" \/>\n<meta property=\"og:image\" content=\"http:\/\/tmp.warp-poligon.info\/si\/wp-content\/uploads\/sites\/2\/2010\/07\/P2040001_2.jpg\" \/>\n\t<meta property=\"og:image:width\" content=\"220\" \/>\n\t<meta property=\"og:image:height\" content=\"166\" \/>\n\t<meta property=\"og:image:type\" content=\"image\/jpeg\" \/>\n<meta name=\"author\" content=\"edin.dji\" \/>\n<meta name=\"twitter:label1\" content=\"Written by\" \/>\n\t<meta name=\"twitter:data1\" content=\"edin.dji\" \/>\n\t<meta name=\"twitter:label2\" content=\"Est. reading time\" \/>\n\t<meta name=\"twitter:data2\" content=\"1 minuta\" \/>\n<script type=\"application\/ld+json\" class=\"yoast-schema-graph\">{\"@context\":\"https:\/\/schema.org\",\"@graph\":[{\"@type\":\"WebPage\",\"@id\":\"http:\/\/tmp.warp-poligon.info\/si\/17-in-23-6-2010-dan-drzavnosti-v-zagrebu-in-mariboru\/\",\"url\":\"http:\/\/tmp.warp-poligon.info\/si\/17-in-23-6-2010-dan-drzavnosti-v-zagrebu-in-mariboru\/\",\"name\":\"17. in 23.6.2010 Dan dr\u017eavnosti v Zagrebu in Mariboru | Slovenski dom in Svet slovenske nacionalne manj\u0161ine Mesta Zagreb\",\"isPartOf\":{\"@id\":\"http:\/\/tmp.warp-poligon.info\/si\/#website\"},\"datePublished\":\"2010-07-02T06:00:58+00:00\",\"dateModified\":\"2014-03-21T16:36:50+00:00\",\"author\":{\"@id\":\"http:\/\/tmp.warp-poligon.info\/si\/#\/schema\/person\/6676f710a91979474558fea82bc41a0a\"},\"breadcrumb\":{\"@id\":\"http:\/\/tmp.warp-poligon.info\/si\/17-in-23-6-2010-dan-drzavnosti-v-zagrebu-in-mariboru\/#breadcrumb\"},\"inLanguage\":\"sl-SI\",\"potentialAction\":[{\"@type\":\"ReadAction\",\"target\":[\"http:\/\/tmp.warp-poligon.info\/si\/17-in-23-6-2010-dan-drzavnosti-v-zagrebu-in-mariboru\/\"]}]},{\"@type\":\"BreadcrumbList\",\"@id\":\"http:\/\/tmp.warp-poligon.info\/si\/17-in-23-6-2010-dan-drzavnosti-v-zagrebu-in-mariboru\/#breadcrumb\",\"itemListElement\":[{\"@type\":\"ListItem\",\"position\":1,\"name\":\"Home\",\"item\":\"http:\/\/tmp.warp-poligon.info\/si\/\"},{\"@type\":\"ListItem\",\"position\":2,\"name\":\"17. in 23.6.2010 Dan dr\u017eavnosti v Zagrebu in Mariboru\"}]},{\"@type\":\"WebSite\",\"@id\":\"http:\/\/tmp.warp-poligon.info\/si\/#website\",\"url\":\"http:\/\/tmp.warp-poligon.info\/si\/\",\"name\":\"Slovenski dom in Svet slovenske nacionalne manj\u0161ine Mesta Zagreb\",\"description\":\"\",\"potentialAction\":[{\"@type\":\"SearchAction\",\"target\":{\"@type\":\"EntryPoint\",\"urlTemplate\":\"http:\/\/tmp.warp-poligon.info\/si\/?s={search_term_string}\"},\"query-input\":\"required name=search_term_string\"}],\"inLanguage\":\"sl-SI\"},{\"@type\":\"Person\",\"@id\":\"http:\/\/tmp.warp-poligon.info\/si\/#\/schema\/person\/6676f710a91979474558fea82bc41a0a\",\"name\":\"edin.dji\",\"image\":{\"@type\":\"ImageObject\",\"inLanguage\":\"sl-SI\",\"@id\":\"http:\/\/tmp.warp-poligon.info\/si\/#\/schema\/person\/image\/\",\"url\":\"http:\/\/0.gravatar.com\/avatar\/6136fa88afb87b83090822617871c230?s=96&d=mm&r=g\",\"contentUrl\":\"http:\/\/0.gravatar.com\/avatar\/6136fa88afb87b83090822617871c230?s=96&d=mm&r=g\",\"caption\":\"edin.dji\"},\"url\":\"http:\/\/tmp.warp-poligon.info\/si\/author\/edin-dji\/\"}]}<\/script>\n<!-- \/ Yoast SEO plugin. -->","yoast_head_json":{"title":"17. in 23.6.2010 Dan dr\u017eavnosti v Zagrebu in Mariboru | Slovenski dom in Svet slovenske nacionalne manj\u0161ine Mesta Zagreb","robots":{"index":"index","follow":"follow","max-snippet":"max-snippet:-1","max-image-preview":"max-image-preview:large","max-video-preview":"max-video-preview:-1"},"canonical":"http:\/\/tmp.warp-poligon.info\/si\/17-in-23-6-2010-dan-drzavnosti-v-zagrebu-in-mariboru\/","og_locale":"sl_SI","og_type":"article","og_title":"17. in 23.6.2010 Dan dr\u017eavnosti v Zagrebu in Mariboru | Slovenski dom in Svet slovenske nacionalne manj\u0161ine Mesta Zagreb","og_description":"V Gliptoteki HAZU smo se udele\u017eili tradicionalnega sprejema, ki ga je ob Dnevu dr\u017eavnosti in Dnevu Slovenske vojske priredilo slovensko veleposlani\u0161tvo v Zagrebu, v sodelovanju s Svetom slovenske nacionalne manj\u0161ine Mesta Zagreb in ob pomo\u010di slovenskih podjetij. Obele\u017eenje Dneva dr\u017eavnosti, tega pomembnega zgodovinskega dogodka, smo \u010dlani Slovenskega doma in Sveta nadaljevali 23. junija v \u0161tajerski [&hellip;]","og_url":"http:\/\/tmp.warp-poligon.info\/si\/17-in-23-6-2010-dan-drzavnosti-v-zagrebu-in-mariboru\/","og_site_name":"Slovenski dom in Svet slovenske nacionalne manj\u0161ine Mesta Zagreb","article_published_time":"2010-07-02T06:00:58+00:00","article_modified_time":"2014-03-21T16:36:50+00:00","og_image":[{"width":220,"height":166,"url":"http:\/\/tmp.warp-poligon.info\/si\/wp-content\/uploads\/sites\/2\/2010\/07\/P2040001_2.jpg","type":"image\/jpeg"}],"author":"edin.dji","twitter_misc":{"Written by":"edin.dji","Est. reading time":"1 minuta"},"schema":{"@context":"https:\/\/schema.org","@graph":[{"@type":"WebPage","@id":"http:\/\/tmp.warp-poligon.info\/si\/17-in-23-6-2010-dan-drzavnosti-v-zagrebu-in-mariboru\/","url":"http:\/\/tmp.warp-poligon.info\/si\/17-in-23-6-2010-dan-drzavnosti-v-zagrebu-in-mariboru\/","name":"17. in 23.6.2010 Dan dr\u017eavnosti v Zagrebu in Mariboru | Slovenski dom in Svet slovenske nacionalne manj\u0161ine Mesta Zagreb","isPartOf":{"@id":"http:\/\/tmp.warp-poligon.info\/si\/#website"},"datePublished":"2010-07-02T06:00:58+00:00","dateModified":"2014-03-21T16:36:50+00:00","author":{"@id":"http:\/\/tmp.warp-poligon.info\/si\/#\/schema\/person\/6676f710a91979474558fea82bc41a0a"},"breadcrumb":{"@id":"http:\/\/tmp.warp-poligon.info\/si\/17-in-23-6-2010-dan-drzavnosti-v-zagrebu-in-mariboru\/#breadcrumb"},"inLanguage":"sl-SI","potentialAction":[{"@type":"ReadAction","target":["http:\/\/tmp.warp-poligon.info\/si\/17-in-23-6-2010-dan-drzavnosti-v-zagrebu-in-mariboru\/"]}]},{"@type":"BreadcrumbList","@id":"http:\/\/tmp.warp-poligon.info\/si\/17-in-23-6-2010-dan-drzavnosti-v-zagrebu-in-mariboru\/#breadcrumb","itemListElement":[{"@type":"ListItem","position":1,"name":"Home","item":"http:\/\/tmp.warp-poligon.info\/si\/"},{"@type":"ListItem","position":2,"name":"17. in 23.6.2010 Dan dr\u017eavnosti v Zagrebu in Mariboru"}]},{"@type":"WebSite","@id":"http:\/\/tmp.warp-poligon.info\/si\/#website","url":"http:\/\/tmp.warp-poligon.info\/si\/","name":"Slovenski dom in Svet slovenske nacionalne manj\u0161ine Mesta Zagreb","description":"","potentialAction":[{"@type":"SearchAction","target":{"@type":"EntryPoint","urlTemplate":"http:\/\/tmp.warp-poligon.info\/si\/?s={search_term_string}"},"query-input":"required name=search_term_string"}],"inLanguage":"sl-SI"},{"@type":"Person","@id":"http:\/\/tmp.warp-poligon.info\/si\/#\/schema\/person\/6676f710a91979474558fea82bc41a0a","name":"edin.dji","image":{"@type":"ImageObject","inLanguage":"sl-SI","@id":"http:\/\/tmp.warp-poligon.info\/si\/#\/schema\/person\/image\/","url":"http:\/\/0.gravatar.com\/avatar\/6136fa88afb87b83090822617871c230?s=96&d=mm&r=g","contentUrl":"http:\/\/0.gravatar.com\/avatar\/6136fa88afb87b83090822617871c230?s=96&d=mm&r=g","caption":"edin.dji"},"url":"http:\/\/tmp.warp-poligon.info\/si\/author\/edin-dji\/"}]}},"_links":{"self":[{"href":"http:\/\/tmp.warp-poligon.info\/si\/wp-json\/wp\/v2\/posts\/251"}],"collection":[{"href":"http:\/\/tmp.warp-poligon.info\/si\/wp-json\/wp\/v2\/posts"}],"about":[{"href":"http:\/\/tmp.warp-poligon.info\/si\/wp-json\/wp\/v2\/types\/post"}],"author":[{"embeddable":true,"href":"http:\/\/tmp.warp-poligon.info\/si\/wp-json\/wp\/v2\/users\/1"}],"replies":[{"embeddable":true,"href":"http:\/\/tmp.warp-poligon.info\/si\/wp-json\/wp\/v2\/comments?post=251"}],"version-history":[{"count":3,"href":"http:\/\/tmp.warp-poligon.info\/si\/wp-json\/wp\/v2\/posts\/251\/revisions"}],"predecessor-version":[{"id":258,"href":"http:\/\/tmp.warp-poligon.info\/si\/wp-json\/wp\/v2\/posts\/251\/revisions\/258"}],"wp:featuredmedia":[{"embeddable":true,"href":"http:\/\/tmp.warp-poligon.info\/si\/wp-json\/wp\/v2\/media\/256"}],"wp:attachment":[{"href":"http:\/\/tmp.warp-poligon.info\/si\/wp-json\/wp\/v2\/media?parent=251"}],"wp:term":[{"taxonomy":"category","embeddable":true,"href":"http:\/\/tmp.warp-poligon.info\/si\/wp-json\/wp\/v2\/categories?post=251"},{"taxonomy":"post_tag","embeddable":true,"href":"http:\/\/tmp.warp-poligon.info\/si\/wp-json\/wp\/v2\/tags?post=251"}],"curies":[{"name":"wp","href":"https:\/\/api.w.org\/{rel}","templated":true}]}}