{"id":2572,"date":"2017-12-09T13:49:30","date_gmt":"2017-12-09T12:49:30","guid":{"rendered":"http:\/\/tmp.warp-poligon.info\/si\/?p=2572"},"modified":"2017-12-18T10:14:07","modified_gmt":"2017-12-18T09:14:07","slug":"21-12-2017-ob-19h-slovenski-dom-zagreb-bozicna-razstava-ustvarjalne-delavnice-sopek","status":"publish","type":"post","link":"http:\/\/tmp.warp-poligon.info\/si\/21-12-2017-ob-19h-slovenski-dom-zagreb-bozicna-razstava-ustvarjalne-delavnice-sopek\/","title":{"rendered":"21.12.2017 ob 19. uri, Slovenski dom, Zagreb: Bo\u017ei\u010dna razstava ustvarjalne delavnice \u0160opek"},"content":{"rendered":"<p><a class=\"link-to-pdf\" title=\"vabilo_Sopek\" href=\"http:\/\/tmp.warp-poligon.info\/si\/wp-content\/uploads\/sites\/2\/2017\/12\/vabilo_Sopek.pdf\" target=\"_blank\" rel=\"attachment wp-att-2573 noopener noreferrer\"><img decoding=\"async\" class=\"alignnone size-medium wp-image-2574 thumb-of-pdf\" src=\"http:\/\/tmp.warp-poligon.info\/si\/wp-content\/uploads\/sites\/2\/2017\/12\/vabilo_Sopek-pdf-300x143.jpg\" alt=\"thumbnail of vabilo_Sopek\" width=\"300\" height=\"143\" srcset=\"http:\/\/tmp.warp-poligon.info\/si\/wp-content\/uploads\/sites\/2\/2017\/12\/vabilo_Sopek-pdf-200x95.jpg 200w, http:\/\/tmp.warp-poligon.info\/si\/wp-content\/uploads\/sites\/2\/2017\/12\/vabilo_Sopek-pdf-300x143.jpg 300w, http:\/\/tmp.warp-poligon.info\/si\/wp-content\/uploads\/sites\/2\/2017\/12\/vabilo_Sopek-pdf-400x191.jpg 400w, http:\/\/tmp.warp-poligon.info\/si\/wp-content\/uploads\/sites\/2\/2017\/12\/vabilo_Sopek-pdf-600x286.jpg 600w, http:\/\/tmp.warp-poligon.info\/si\/wp-content\/uploads\/sites\/2\/2017\/12\/vabilo_Sopek-pdf-768x366.jpg 768w, http:\/\/tmp.warp-poligon.info\/si\/wp-content\/uploads\/sites\/2\/2017\/12\/vabilo_Sopek-pdf-800x381.jpg 800w, http:\/\/tmp.warp-poligon.info\/si\/wp-content\/uploads\/sites\/2\/2017\/12\/vabilo_Sopek-pdf.jpg 1024w\" sizes=\"(max-width: 300px) 100vw, 300px\" \/><\/a><\/p>\n","protected":false},"excerpt":{"rendered":"","protected":false},"author":5,"featured_media":0,"comment_status":"closed","ping_status":"open","sticky":false,"template":"","format":"standard","meta":{"footnotes":""},"categories":[3],"tags":[],"yoast_head":"<!-- This site is optimized with the Yoast SEO plugin v21.9.1 - https:\/\/yoast.com\/wordpress\/plugins\/seo\/ -->\n<title>21.12.2017 ob 19. uri, Slovenski dom, Zagreb: Bo\u017ei\u010dna razstava ustvarjalne delavnice \u0160opek | Slovenski dom in Svet slovenske nacionalne manj\u0161ine Mesta Zagreb<\/title>\n<meta name=\"robots\" content=\"index, follow, max-snippet:-1, max-image-preview:large, max-video-preview:-1\" \/>\n<link rel=\"canonical\" href=\"http:\/\/tmp.warp-poligon.info\/si\/21-12-2017-ob-19h-slovenski-dom-zagreb-bozicna-razstava-ustvarjalne-delavnice-sopek\/\" \/>\n<meta property=\"og:locale\" content=\"sl_SI\" \/>\n<meta property=\"og:type\" content=\"article\" \/>\n<meta property=\"og:title\" content=\"21.12.2017 ob 19. uri, Slovenski dom, Zagreb: Bo\u017ei\u010dna razstava ustvarjalne delavnice \u0160opek | Slovenski dom in Svet slovenske nacionalne manj\u0161ine Mesta Zagreb\" \/>\n<meta property=\"og:url\" content=\"http:\/\/tmp.warp-poligon.info\/si\/21-12-2017-ob-19h-slovenski-dom-zagreb-bozicna-razstava-ustvarjalne-delavnice-sopek\/\" \/>\n<meta property=\"og:site_name\" content=\"Slovenski dom in Svet slovenske nacionalne manj\u0161ine Mesta Zagreb\" \/>\n<meta property=\"article:published_time\" content=\"2017-12-09T12:49:30+00:00\" \/>\n<meta property=\"article:modified_time\" content=\"2017-12-18T09:14:07+00:00\" \/>\n<meta property=\"og:image\" content=\"http:\/\/tmp.warp-poligon.info\/si\/wp-content\/uploads\/sites\/2\/2017\/12\/vabilo_Sopek-pdf-300x143.jpg\" \/>\n<meta name=\"author\" content=\"nina\" \/>\n<meta name=\"twitter:label1\" content=\"Written by\" \/>\n\t<meta name=\"twitter:data1\" content=\"nina\" \/>\n<script type=\"application\/ld+json\" class=\"yoast-schema-graph\">{\"@context\":\"https:\/\/schema.org\",\"@graph\":[{\"@type\":\"WebPage\",\"@id\":\"http:\/\/tmp.warp-poligon.info\/si\/21-12-2017-ob-19h-slovenski-dom-zagreb-bozicna-razstava-ustvarjalne-delavnice-sopek\/\",\"url\":\"http:\/\/tmp.warp-poligon.info\/si\/21-12-2017-ob-19h-slovenski-dom-zagreb-bozicna-razstava-ustvarjalne-delavnice-sopek\/\",\"name\":\"21.12.2017 ob 19. uri, Slovenski dom, Zagreb: Bo\u017ei\u010dna razstava ustvarjalne delavnice \u0160opek | Slovenski dom in Svet slovenske nacionalne manj\u0161ine Mesta Zagreb\",\"isPartOf\":{\"@id\":\"http:\/\/tmp.warp-poligon.info\/si\/#website\"},\"datePublished\":\"2017-12-09T12:49:30+00:00\",\"dateModified\":\"2017-12-18T09:14:07+00:00\",\"author\":{\"@id\":\"http:\/\/tmp.warp-poligon.info\/si\/#\/schema\/person\/f26f252bea222c8f8fae3f2e908e77e1\"},\"breadcrumb\":{\"@id\":\"http:\/\/tmp.warp-poligon.info\/si\/21-12-2017-ob-19h-slovenski-dom-zagreb-bozicna-razstava-ustvarjalne-delavnice-sopek\/#breadcrumb\"},\"inLanguage\":\"sl-SI\",\"potentialAction\":[{\"@type\":\"ReadAction\",\"target\":[\"http:\/\/tmp.warp-poligon.info\/si\/21-12-2017-ob-19h-slovenski-dom-zagreb-bozicna-razstava-ustvarjalne-delavnice-sopek\/\"]}]},{\"@type\":\"BreadcrumbList\",\"@id\":\"http:\/\/tmp.warp-poligon.info\/si\/21-12-2017-ob-19h-slovenski-dom-zagreb-bozicna-razstava-ustvarjalne-delavnice-sopek\/#breadcrumb\",\"itemListElement\":[{\"@type\":\"ListItem\",\"position\":1,\"name\":\"Home\",\"item\":\"http:\/\/tmp.warp-poligon.info\/si\/\"},{\"@type\":\"ListItem\",\"position\":2,\"name\":\"21.12.2017 ob 19. uri, Slovenski dom, Zagreb: Bo\u017ei\u010dna razstava ustvarjalne delavnice \u0160opek\"}]},{\"@type\":\"WebSite\",\"@id\":\"http:\/\/tmp.warp-poligon.info\/si\/#website\",\"url\":\"http:\/\/tmp.warp-poligon.info\/si\/\",\"name\":\"Slovenski dom in Svet slovenske nacionalne manj\u0161ine Mesta Zagreb\",\"description\":\"\",\"potentialAction\":[{\"@type\":\"SearchAction\",\"target\":{\"@type\":\"EntryPoint\",\"urlTemplate\":\"http:\/\/tmp.warp-poligon.info\/si\/?s={search_term_string}\"},\"query-input\":\"required name=search_term_string\"}],\"inLanguage\":\"sl-SI\"},{\"@type\":\"Person\",\"@id\":\"http:\/\/tmp.warp-poligon.info\/si\/#\/schema\/person\/f26f252bea222c8f8fae3f2e908e77e1\",\"name\":\"nina\",\"image\":{\"@type\":\"ImageObject\",\"inLanguage\":\"sl-SI\",\"@id\":\"http:\/\/tmp.warp-poligon.info\/si\/#\/schema\/person\/image\/\",\"url\":\"http:\/\/1.gravatar.com\/avatar\/d4548bec70367bb1be84b22885c1d013?s=96&d=mm&r=g\",\"contentUrl\":\"http:\/\/1.gravatar.com\/avatar\/d4548bec70367bb1be84b22885c1d013?s=96&d=mm&r=g\",\"caption\":\"nina\"},\"url\":\"http:\/\/tmp.warp-poligon.info\/si\/author\/nina\/\"}]}<\/script>\n<!-- \/ Yoast SEO plugin. -->","yoast_head_json":{"title":"21.12.2017 ob 19. uri, Slovenski dom, Zagreb: Bo\u017ei\u010dna razstava ustvarjalne delavnice \u0160opek | Slovenski dom in Svet slovenske nacionalne manj\u0161ine Mesta Zagreb","robots":{"index":"index","follow":"follow","max-snippet":"max-snippet:-1","max-image-preview":"max-image-preview:large","max-video-preview":"max-video-preview:-1"},"canonical":"http:\/\/tmp.warp-poligon.info\/si\/21-12-2017-ob-19h-slovenski-dom-zagreb-bozicna-razstava-ustvarjalne-delavnice-sopek\/","og_locale":"sl_SI","og_type":"article","og_title":"21.12.2017 ob 19. uri, Slovenski dom, Zagreb: Bo\u017ei\u010dna razstava ustvarjalne delavnice \u0160opek | Slovenski dom in Svet slovenske nacionalne manj\u0161ine Mesta Zagreb","og_url":"http:\/\/tmp.warp-poligon.info\/si\/21-12-2017-ob-19h-slovenski-dom-zagreb-bozicna-razstava-ustvarjalne-delavnice-sopek\/","og_site_name":"Slovenski dom in Svet slovenske nacionalne manj\u0161ine Mesta Zagreb","article_published_time":"2017-12-09T12:49:30+00:00","article_modified_time":"2017-12-18T09:14:07+00:00","og_image":[{"url":"http:\/\/tmp.warp-poligon.info\/si\/wp-content\/uploads\/sites\/2\/2017\/12\/vabilo_Sopek-pdf-300x143.jpg"}],"author":"nina","twitter_misc":{"Written by":"nina"},"schema":{"@context":"https:\/\/schema.org","@graph":[{"@type":"WebPage","@id":"http:\/\/tmp.warp-poligon.info\/si\/21-12-2017-ob-19h-slovenski-dom-zagreb-bozicna-razstava-ustvarjalne-delavnice-sopek\/","url":"http:\/\/tmp.warp-poligon.info\/si\/21-12-2017-ob-19h-slovenski-dom-zagreb-bozicna-razstava-ustvarjalne-delavnice-sopek\/","name":"21.12.2017 ob 19. uri, Slovenski dom, Zagreb: Bo\u017ei\u010dna razstava ustvarjalne delavnice \u0160opek | Slovenski dom in Svet slovenske nacionalne manj\u0161ine Mesta Zagreb","isPartOf":{"@id":"http:\/\/tmp.warp-poligon.info\/si\/#website"},"datePublished":"2017-12-09T12:49:30+00:00","dateModified":"2017-12-18T09:14:07+00:00","author":{"@id":"http:\/\/tmp.warp-poligon.info\/si\/#\/schema\/person\/f26f252bea222c8f8fae3f2e908e77e1"},"breadcrumb":{"@id":"http:\/\/tmp.warp-poligon.info\/si\/21-12-2017-ob-19h-slovenski-dom-zagreb-bozicna-razstava-ustvarjalne-delavnice-sopek\/#breadcrumb"},"inLanguage":"sl-SI","potentialAction":[{"@type":"ReadAction","target":["http:\/\/tmp.warp-poligon.info\/si\/21-12-2017-ob-19h-slovenski-dom-zagreb-bozicna-razstava-ustvarjalne-delavnice-sopek\/"]}]},{"@type":"BreadcrumbList","@id":"http:\/\/tmp.warp-poligon.info\/si\/21-12-2017-ob-19h-slovenski-dom-zagreb-bozicna-razstava-ustvarjalne-delavnice-sopek\/#breadcrumb","itemListElement":[{"@type":"ListItem","position":1,"name":"Home","item":"http:\/\/tmp.warp-poligon.info\/si\/"},{"@type":"ListItem","position":2,"name":"21.12.2017 ob 19. uri, Slovenski dom, Zagreb: Bo\u017ei\u010dna razstava ustvarjalne delavnice \u0160opek"}]},{"@type":"WebSite","@id":"http:\/\/tmp.warp-poligon.info\/si\/#website","url":"http:\/\/tmp.warp-poligon.info\/si\/","name":"Slovenski dom in Svet slovenske nacionalne manj\u0161ine Mesta Zagreb","description":"","potentialAction":[{"@type":"SearchAction","target":{"@type":"EntryPoint","urlTemplate":"http:\/\/tmp.warp-poligon.info\/si\/?s={search_term_string}"},"query-input":"required name=search_term_string"}],"inLanguage":"sl-SI"},{"@type":"Person","@id":"http:\/\/tmp.warp-poligon.info\/si\/#\/schema\/person\/f26f252bea222c8f8fae3f2e908e77e1","name":"nina","image":{"@type":"ImageObject","inLanguage":"sl-SI","@id":"http:\/\/tmp.warp-poligon.info\/si\/#\/schema\/person\/image\/","url":"http:\/\/1.gravatar.com\/avatar\/d4548bec70367bb1be84b22885c1d013?s=96&d=mm&r=g","contentUrl":"http:\/\/1.gravatar.com\/avatar\/d4548bec70367bb1be84b22885c1d013?s=96&d=mm&r=g","caption":"nina"},"url":"http:\/\/tmp.warp-poligon.info\/si\/author\/nina\/"}]}},"_links":{"self":[{"href":"http:\/\/tmp.warp-poligon.info\/si\/wp-json\/wp\/v2\/posts\/2572"}],"collection":[{"href":"http:\/\/tmp.warp-poligon.info\/si\/wp-json\/wp\/v2\/posts"}],"about":[{"href":"http:\/\/tmp.warp-poligon.info\/si\/wp-json\/wp\/v2\/types\/post"}],"author":[{"embeddable":true,"href":"http:\/\/tmp.warp-poligon.info\/si\/wp-json\/wp\/v2\/users\/5"}],"replies":[{"embeddable":true,"href":"http:\/\/tmp.warp-poligon.info\/si\/wp-json\/wp\/v2\/comments?post=2572"}],"version-history":[{"count":2,"href":"http:\/\/tmp.warp-poligon.info\/si\/wp-json\/wp\/v2\/posts\/2572\/revisions"}],"predecessor-version":[{"id":2577,"href":"http:\/\/tmp.warp-poligon.info\/si\/wp-json\/wp\/v2\/posts\/2572\/revisions\/2577"}],"wp:attachment":[{"href":"http:\/\/tmp.warp-poligon.info\/si\/wp-json\/wp\/v2\/media?parent=2572"}],"wp:term":[{"taxonomy":"category","embeddable":true,"href":"http:\/\/tmp.warp-poligon.info\/si\/wp-json\/wp\/v2\/categories?post=2572"},{"taxonomy":"post_tag","embeddable":true,"href":"http:\/\/tmp.warp-poligon.info\/si\/wp-json\/wp\/v2\/tags?post=2572"}],"curies":[{"name":"wp","href":"https:\/\/api.w.org\/{rel}","templated":true}]}}