{"id":2691,"date":"2018-01-31T13:31:42","date_gmt":"2018-01-31T12:31:42","guid":{"rendered":"http:\/\/tmp.warp-poligon.info\/si\/?p=2691"},"modified":"2018-02-02T12:02:33","modified_gmt":"2018-02-02T11:02:33","slug":"pogovorni-vecer-s-slovensko-veleposlanico-smiljano-knez","status":"publish","type":"post","link":"http:\/\/tmp.warp-poligon.info\/si\/pogovorni-vecer-s-slovensko-veleposlanico-smiljano-knez\/","title":{"rendered":"Pogovorni ve\u010der s slovensko veleposlanico Smiljano Knez"},"content":{"rendered":"<p>Zagreb &#8211;\u00a0V Slovenskem domu se je nadaljeval ciklus pogovornih ve\u010derov na katerih so od leta 2014, ko so se za\u010deli, gostovale eminentne osebe iz javnega in politi\u010dnega \u017eivljenja: prvi slovenski predsednik <strong>Milan Ku\u010dan<\/strong>, nekdanja hrva\u0161ka premierka <strong>Jadranka Kosor<\/strong>, nogometni trener <strong>Matja\u017e Kek<\/strong>, pevec in kantavtor <strong>Zoran Predin<\/strong>, pisatelj <strong>Boris Pahor<\/strong>, nekdanji slovenski veleposlanik na Hrva\u0161kem <strong>Vojko Vol<\/strong>k, prvi slovenski premier in evroparlamentarec <strong>Lojze Peterle<\/strong>.<\/p>\n<p>Tokrat se je novinarka Radia Slovenija <strong>Tanja Bor\u010di\u0107 Bernard<\/strong> pogovarjala s slovensko veleposlanico na Hrva\u0161kem <strong>Smiljano Knez<\/strong>, ki je vodenje slovenskega veleposlani\u0161tva prevzela pred dvema letoma. Beseda je tekla o gospodarskem in kulturnem sodelovanju med Slovenijo in Hrva\u0161ko, aktualni politi\u010dni situaciji, njenih obiskih v skoraj vseh hrva\u0161kih \u017eupanijah, vlogi \u017eensk v visoki diplomaciji in drugih zanimivih temah. Veleposlanica se je dotaknila tudi manj\u0161inske problematike in delovanja slovenskih dru\u0161tev na Hrva\u0161kem, katerih delo je tudi ob tej prilo\u017enosti pohvalila in poudarila, da odli\u010dno opravljajo svoje delo. Veleposlanica\u00a0se je po pogovornem ve\u010deru dru\u017eila s \u010dlani Slovenskega doma. (akm)<\/p>\n<p>Ve\u010d v Novem odmevu 65.<\/p>\n\n\t\t<style type=\"text\/css\">\n\t\t\t#gallery-1 {\n\t\t\t\tmargin: auto;\n\t\t\t}\n\t\t\t#gallery-1 .gallery-item {\n\t\t\t\tfloat: left;\n\t\t\t\tmargin-top: 10px;\n\t\t\t\ttext-align: center;\n\t\t\t\twidth: 33%;\n\t\t\t}\n\t\t\t#gallery-1 img {\n\t\t\t\tborder: 2px solid #cfcfcf;\n\t\t\t}\n\t\t\t#gallery-1 .gallery-caption {\n\t\t\t\tmargin-left: 0;\n\t\t\t}\n\t\t\t\/* see gallery_shortcode() in wp-includes\/media.php *\/\n\t\t<\/style>\n\t\t<div id='gallery-1' class='gallery galleryid-2691 gallery-columns-3 gallery-size-medium'><dl class='gallery-item'>\n\t\t\t<dt class='gallery-icon landscape'>\n\t\t\t\t<a href='http:\/\/tmp.warp-poligon.info\/si\/wp-content\/uploads\/sites\/2\/2018\/02\/S4_Tanja_veleposlanica.jpg'><img decoding=\"async\" width=\"300\" height=\"225\" src=\"http:\/\/tmp.warp-poligon.info\/si\/wp-content\/uploads\/sites\/2\/2018\/02\/S4_Tanja_veleposlanica-300x225.jpg\" class=\"attachment-medium size-medium\" alt=\"\" aria-describedby=\"gallery-1-2694\" srcset=\"http:\/\/tmp.warp-poligon.info\/si\/wp-content\/uploads\/sites\/2\/2018\/02\/S4_Tanja_veleposlanica-200x150.jpg 200w, http:\/\/tmp.warp-poligon.info\/si\/wp-content\/uploads\/sites\/2\/2018\/02\/S4_Tanja_veleposlanica-300x225.jpg 300w, http:\/\/tmp.warp-poligon.info\/si\/wp-content\/uploads\/sites\/2\/2018\/02\/S4_Tanja_veleposlanica-400x300.jpg 400w, http:\/\/tmp.warp-poligon.info\/si\/wp-content\/uploads\/sites\/2\/2018\/02\/S4_Tanja_veleposlanica-600x450.jpg 600w, http:\/\/tmp.warp-poligon.info\/si\/wp-content\/uploads\/sites\/2\/2018\/02\/S4_Tanja_veleposlanica-768x576.jpg 768w, http:\/\/tmp.warp-poligon.info\/si\/wp-content\/uploads\/sites\/2\/2018\/02\/S4_Tanja_veleposlanica-800x600.jpg 800w, http:\/\/tmp.warp-poligon.info\/si\/wp-content\/uploads\/sites\/2\/2018\/02\/S4_Tanja_veleposlanica-1024x768.jpg 1024w, http:\/\/tmp.warp-poligon.info\/si\/wp-content\/uploads\/sites\/2\/2018\/02\/S4_Tanja_veleposlanica-1200x900.jpg 1200w\" sizes=\"(max-width: 300px) 100vw, 300px\" \/><\/a>\n\t\t\t<\/dt>\n\t\t\t\t<dd class='wp-caption-text gallery-caption' id='gallery-1-2694'>\n\t\t\t\tTanja Bor\u010di\u0107 Bernard in veleposlanica dr. Smiljana Knez. \n\t\t\t\t<\/dd><\/dl><dl class='gallery-item'>\n\t\t\t<dt class='gallery-icon landscape'>\n\t\t\t\t<a href='http:\/\/tmp.warp-poligon.info\/si\/wp-content\/uploads\/sites\/2\/2018\/02\/S1.jpg'><img decoding=\"async\" width=\"300\" height=\"225\" src=\"http:\/\/tmp.warp-poligon.info\/si\/wp-content\/uploads\/sites\/2\/2018\/02\/S1-300x225.jpg\" class=\"attachment-medium size-medium\" alt=\"\" srcset=\"http:\/\/tmp.warp-poligon.info\/si\/wp-content\/uploads\/sites\/2\/2018\/02\/S1-200x150.jpg 200w, http:\/\/tmp.warp-poligon.info\/si\/wp-content\/uploads\/sites\/2\/2018\/02\/S1-300x225.jpg 300w, http:\/\/tmp.warp-poligon.info\/si\/wp-content\/uploads\/sites\/2\/2018\/02\/S1-400x300.jpg 400w, http:\/\/tmp.warp-poligon.info\/si\/wp-content\/uploads\/sites\/2\/2018\/02\/S1-600x450.jpg 600w, http:\/\/tmp.warp-poligon.info\/si\/wp-content\/uploads\/sites\/2\/2018\/02\/S1-768x576.jpg 768w, http:\/\/tmp.warp-poligon.info\/si\/wp-content\/uploads\/sites\/2\/2018\/02\/S1-800x600.jpg 800w, http:\/\/tmp.warp-poligon.info\/si\/wp-content\/uploads\/sites\/2\/2018\/02\/S1-1024x768.jpg 1024w, http:\/\/tmp.warp-poligon.info\/si\/wp-content\/uploads\/sites\/2\/2018\/02\/S1-1200x900.jpg 1200w\" sizes=\"(max-width: 300px) 100vw, 300px\" \/><\/a>\n\t\t\t<\/dt><\/dl><dl class='gallery-item'>\n\t\t\t<dt class='gallery-icon landscape'>\n\t\t\t\t<a href='http:\/\/tmp.warp-poligon.info\/si\/wp-content\/uploads\/sites\/2\/2018\/02\/S3_sef_veleposlanica.jpg'><img decoding=\"async\" width=\"300\" height=\"225\" src=\"http:\/\/tmp.warp-poligon.info\/si\/wp-content\/uploads\/sites\/2\/2018\/02\/S3_sef_veleposlanica-300x225.jpg\" class=\"attachment-medium size-medium\" alt=\"\" aria-describedby=\"gallery-1-2693\" srcset=\"http:\/\/tmp.warp-poligon.info\/si\/wp-content\/uploads\/sites\/2\/2018\/02\/S3_sef_veleposlanica-200x150.jpg 200w, http:\/\/tmp.warp-poligon.info\/si\/wp-content\/uploads\/sites\/2\/2018\/02\/S3_sef_veleposlanica-300x225.jpg 300w, http:\/\/tmp.warp-poligon.info\/si\/wp-content\/uploads\/sites\/2\/2018\/02\/S3_sef_veleposlanica-400x300.jpg 400w, http:\/\/tmp.warp-poligon.info\/si\/wp-content\/uploads\/sites\/2\/2018\/02\/S3_sef_veleposlanica-600x450.jpg 600w, http:\/\/tmp.warp-poligon.info\/si\/wp-content\/uploads\/sites\/2\/2018\/02\/S3_sef_veleposlanica-768x576.jpg 768w, http:\/\/tmp.warp-poligon.info\/si\/wp-content\/uploads\/sites\/2\/2018\/02\/S3_sef_veleposlanica-800x600.jpg 800w, http:\/\/tmp.warp-poligon.info\/si\/wp-content\/uploads\/sites\/2\/2018\/02\/S3_sef_veleposlanica-1024x768.jpg 1024w, http:\/\/tmp.warp-poligon.info\/si\/wp-content\/uploads\/sites\/2\/2018\/02\/S3_sef_veleposlanica-1200x900.jpg 1200w\" sizes=\"(max-width: 300px) 100vw, 300px\" \/><\/a>\n\t\t\t<\/dt>\n\t\t\t\t<dd class='wp-caption-text gallery-caption' id='gallery-1-2693'>\n\t\t\t\tPredsednik Slovenskega doma in SSNM MZ Darko \u0160onc, veleposlanica Smiljana Knez in novinarka Tanja Bor\u010di\u0107 Bernard (z desne). Vse foto: akm \n\t\t\t\t<\/dd><\/dl><br style=\"clear: both\" \/><dl class='gallery-item'>\n\t\t\t<dt class='gallery-icon landscape'>\n\t\t\t\t<a href='http:\/\/tmp.warp-poligon.info\/si\/wp-content\/uploads\/sites\/2\/2018\/02\/S6_veleposlanica_clani.jpg'><img decoding=\"async\" width=\"300\" height=\"225\" src=\"http:\/\/tmp.warp-poligon.info\/si\/wp-content\/uploads\/sites\/2\/2018\/02\/S6_veleposlanica_clani-300x225.jpg\" class=\"attachment-medium size-medium\" alt=\"\" srcset=\"http:\/\/tmp.warp-poligon.info\/si\/wp-content\/uploads\/sites\/2\/2018\/02\/S6_veleposlanica_clani-200x150.jpg 200w, http:\/\/tmp.warp-poligon.info\/si\/wp-content\/uploads\/sites\/2\/2018\/02\/S6_veleposlanica_clani-300x225.jpg 300w, http:\/\/tmp.warp-poligon.info\/si\/wp-content\/uploads\/sites\/2\/2018\/02\/S6_veleposlanica_clani-400x300.jpg 400w, http:\/\/tmp.warp-poligon.info\/si\/wp-content\/uploads\/sites\/2\/2018\/02\/S6_veleposlanica_clani-600x450.jpg 600w, http:\/\/tmp.warp-poligon.info\/si\/wp-content\/uploads\/sites\/2\/2018\/02\/S6_veleposlanica_clani-768x576.jpg 768w, http:\/\/tmp.warp-poligon.info\/si\/wp-content\/uploads\/sites\/2\/2018\/02\/S6_veleposlanica_clani-800x600.jpg 800w, http:\/\/tmp.warp-poligon.info\/si\/wp-content\/uploads\/sites\/2\/2018\/02\/S6_veleposlanica_clani-1024x768.jpg 1024w, http:\/\/tmp.warp-poligon.info\/si\/wp-content\/uploads\/sites\/2\/2018\/02\/S6_veleposlanica_clani-1200x900.jpg 1200w\" sizes=\"(max-width: 300px) 100vw, 300px\" \/><\/a>\n\t\t\t<\/dt><\/dl><dl class='gallery-item'>\n\t\t\t<dt class='gallery-icon landscape'>\n\t\t\t\t<a href='http:\/\/tmp.warp-poligon.info\/si\/wp-content\/uploads\/sites\/2\/2018\/02\/s5_veleposlanica_clani.jpg'><img decoding=\"async\" width=\"300\" height=\"225\" src=\"http:\/\/tmp.warp-poligon.info\/si\/wp-content\/uploads\/sites\/2\/2018\/02\/s5_veleposlanica_clani-300x225.jpg\" class=\"attachment-medium size-medium\" alt=\"\" srcset=\"http:\/\/tmp.warp-poligon.info\/si\/wp-content\/uploads\/sites\/2\/2018\/02\/s5_veleposlanica_clani-200x150.jpg 200w, http:\/\/tmp.warp-poligon.info\/si\/wp-content\/uploads\/sites\/2\/2018\/02\/s5_veleposlanica_clani-300x225.jpg 300w, http:\/\/tmp.warp-poligon.info\/si\/wp-content\/uploads\/sites\/2\/2018\/02\/s5_veleposlanica_clani-400x300.jpg 400w, http:\/\/tmp.warp-poligon.info\/si\/wp-content\/uploads\/sites\/2\/2018\/02\/s5_veleposlanica_clani-600x450.jpg 600w, http:\/\/tmp.warp-poligon.info\/si\/wp-content\/uploads\/sites\/2\/2018\/02\/s5_veleposlanica_clani-768x576.jpg 768w, http:\/\/tmp.warp-poligon.info\/si\/wp-content\/uploads\/sites\/2\/2018\/02\/s5_veleposlanica_clani-800x600.jpg 800w, http:\/\/tmp.warp-poligon.info\/si\/wp-content\/uploads\/sites\/2\/2018\/02\/s5_veleposlanica_clani-1024x768.jpg 1024w, http:\/\/tmp.warp-poligon.info\/si\/wp-content\/uploads\/sites\/2\/2018\/02\/s5_veleposlanica_clani-1200x900.jpg 1200w\" sizes=\"(max-width: 300px) 100vw, 300px\" \/><\/a>\n\t\t\t<\/dt><\/dl>\n\t\t\t<br style='clear: both' \/>\n\t\t<\/div>\n\n<p>&nbsp;<\/p>\n<p>&nbsp;<\/p>\n","protected":false},"excerpt":{"rendered":"<p>Zagreb &#8211;\u00a0V Slovenskem domu se je nadaljeval ciklus pogovornih ve\u010derov na katerih so od leta 2014, ko so se za\u010deli, gostovale eminentne osebe iz javnega in politi\u010dnega \u017eivljenja: prvi slovenski predsednik Milan Ku\u010dan, nekdanja hrva\u0161ka premierka Jadranka Kosor, nogometni trener Matja\u017e Kek, pevec in kantavtor Zoran Predin, pisatelj Boris Pahor, nekdanji slovenski veleposlanik na Hrva\u0161kem [&hellip;]<\/p>\n","protected":false},"author":3,"featured_media":2694,"comment_status":"closed","ping_status":"open","sticky":false,"template":"","format":"standard","meta":{"footnotes":""},"categories":[5],"tags":[],"yoast_head":"<!-- This site is optimized with the Yoast SEO plugin v21.9.1 - https:\/\/yoast.com\/wordpress\/plugins\/seo\/ -->\n<title>Pogovorni ve\u010der s slovensko veleposlanico Smiljano Knez | Slovenski dom in Svet slovenske nacionalne manj\u0161ine Mesta Zagreb<\/title>\n<meta name=\"robots\" content=\"index, follow, max-snippet:-1, max-image-preview:large, max-video-preview:-1\" \/>\n<link rel=\"canonical\" href=\"http:\/\/tmp.warp-poligon.info\/si\/pogovorni-vecer-s-slovensko-veleposlanico-smiljano-knez\/\" \/>\n<meta property=\"og:locale\" content=\"sl_SI\" \/>\n<meta property=\"og:type\" content=\"article\" \/>\n<meta property=\"og:title\" content=\"Pogovorni ve\u010der s slovensko veleposlanico Smiljano Knez | Slovenski dom in Svet slovenske nacionalne manj\u0161ine Mesta Zagreb\" \/>\n<meta property=\"og:description\" content=\"Zagreb &#8211;\u00a0V Slovenskem domu se je nadaljeval ciklus pogovornih ve\u010derov na katerih so od leta 2014, ko so se za\u010deli, gostovale eminentne osebe iz javnega in politi\u010dnega \u017eivljenja: prvi slovenski predsednik Milan Ku\u010dan, nekdanja hrva\u0161ka premierka Jadranka Kosor, nogometni trener Matja\u017e Kek, pevec in kantavtor Zoran Predin, pisatelj Boris Pahor, nekdanji slovenski veleposlanik na Hrva\u0161kem [&hellip;]\" \/>\n<meta property=\"og:url\" content=\"http:\/\/tmp.warp-poligon.info\/si\/pogovorni-vecer-s-slovensko-veleposlanico-smiljano-knez\/\" \/>\n<meta property=\"og:site_name\" content=\"Slovenski dom in Svet slovenske nacionalne manj\u0161ine Mesta Zagreb\" \/>\n<meta property=\"article:published_time\" content=\"2018-01-31T12:31:42+00:00\" \/>\n<meta property=\"article:modified_time\" content=\"2018-02-02T11:02:33+00:00\" \/>\n<meta property=\"og:image\" content=\"http:\/\/tmp.warp-poligon.info\/si\/wp-content\/uploads\/sites\/2\/2018\/02\/S4_Tanja_veleposlanica.jpg\" \/>\n\t<meta property=\"og:image:width\" content=\"4608\" \/>\n\t<meta property=\"og:image:height\" content=\"3456\" \/>\n\t<meta property=\"og:image:type\" content=\"image\/jpeg\" \/>\n<meta name=\"author\" content=\"agata\" \/>\n<meta name=\"twitter:label1\" content=\"Written by\" \/>\n\t<meta name=\"twitter:data1\" content=\"agata\" \/>\n\t<meta name=\"twitter:label2\" content=\"Est. reading time\" \/>\n\t<meta name=\"twitter:data2\" content=\"1 minuta\" \/>\n<script type=\"application\/ld+json\" class=\"yoast-schema-graph\">{\"@context\":\"https:\/\/schema.org\",\"@graph\":[{\"@type\":\"WebPage\",\"@id\":\"http:\/\/tmp.warp-poligon.info\/si\/pogovorni-vecer-s-slovensko-veleposlanico-smiljano-knez\/\",\"url\":\"http:\/\/tmp.warp-poligon.info\/si\/pogovorni-vecer-s-slovensko-veleposlanico-smiljano-knez\/\",\"name\":\"Pogovorni ve\u010der s slovensko veleposlanico Smiljano Knez | Slovenski dom in Svet slovenske nacionalne manj\u0161ine Mesta Zagreb\",\"isPartOf\":{\"@id\":\"http:\/\/tmp.warp-poligon.info\/si\/#website\"},\"datePublished\":\"2018-01-31T12:31:42+00:00\",\"dateModified\":\"2018-02-02T11:02:33+00:00\",\"author\":{\"@id\":\"http:\/\/tmp.warp-poligon.info\/si\/#\/schema\/person\/a34ecc40aa73e6dd78780facef777d32\"},\"breadcrumb\":{\"@id\":\"http:\/\/tmp.warp-poligon.info\/si\/pogovorni-vecer-s-slovensko-veleposlanico-smiljano-knez\/#breadcrumb\"},\"inLanguage\":\"sl-SI\",\"potentialAction\":[{\"@type\":\"ReadAction\",\"target\":[\"http:\/\/tmp.warp-poligon.info\/si\/pogovorni-vecer-s-slovensko-veleposlanico-smiljano-knez\/\"]}]},{\"@type\":\"BreadcrumbList\",\"@id\":\"http:\/\/tmp.warp-poligon.info\/si\/pogovorni-vecer-s-slovensko-veleposlanico-smiljano-knez\/#breadcrumb\",\"itemListElement\":[{\"@type\":\"ListItem\",\"position\":1,\"name\":\"Home\",\"item\":\"http:\/\/tmp.warp-poligon.info\/si\/\"},{\"@type\":\"ListItem\",\"position\":2,\"name\":\"Pogovorni ve\u010der s slovensko veleposlanico Smiljano Knez\"}]},{\"@type\":\"WebSite\",\"@id\":\"http:\/\/tmp.warp-poligon.info\/si\/#website\",\"url\":\"http:\/\/tmp.warp-poligon.info\/si\/\",\"name\":\"Slovenski dom in Svet slovenske nacionalne manj\u0161ine Mesta Zagreb\",\"description\":\"\",\"potentialAction\":[{\"@type\":\"SearchAction\",\"target\":{\"@type\":\"EntryPoint\",\"urlTemplate\":\"http:\/\/tmp.warp-poligon.info\/si\/?s={search_term_string}\"},\"query-input\":\"required name=search_term_string\"}],\"inLanguage\":\"sl-SI\"},{\"@type\":\"Person\",\"@id\":\"http:\/\/tmp.warp-poligon.info\/si\/#\/schema\/person\/a34ecc40aa73e6dd78780facef777d32\",\"name\":\"agata\",\"image\":{\"@type\":\"ImageObject\",\"inLanguage\":\"sl-SI\",\"@id\":\"http:\/\/tmp.warp-poligon.info\/si\/#\/schema\/person\/image\/\",\"url\":\"http:\/\/1.gravatar.com\/avatar\/42c070b2dbf14a48e0639733f946c907?s=96&d=mm&r=g\",\"contentUrl\":\"http:\/\/1.gravatar.com\/avatar\/42c070b2dbf14a48e0639733f946c907?s=96&d=mm&r=g\",\"caption\":\"agata\"},\"url\":\"http:\/\/tmp.warp-poligon.info\/si\/author\/agata\/\"}]}<\/script>\n<!-- \/ Yoast SEO plugin. -->","yoast_head_json":{"title":"Pogovorni ve\u010der s slovensko veleposlanico Smiljano Knez | Slovenski dom in Svet slovenske nacionalne manj\u0161ine Mesta Zagreb","robots":{"index":"index","follow":"follow","max-snippet":"max-snippet:-1","max-image-preview":"max-image-preview:large","max-video-preview":"max-video-preview:-1"},"canonical":"http:\/\/tmp.warp-poligon.info\/si\/pogovorni-vecer-s-slovensko-veleposlanico-smiljano-knez\/","og_locale":"sl_SI","og_type":"article","og_title":"Pogovorni ve\u010der s slovensko veleposlanico Smiljano Knez | Slovenski dom in Svet slovenske nacionalne manj\u0161ine Mesta Zagreb","og_description":"Zagreb &#8211;\u00a0V Slovenskem domu se je nadaljeval ciklus pogovornih ve\u010derov na katerih so od leta 2014, ko so se za\u010deli, gostovale eminentne osebe iz javnega in politi\u010dnega \u017eivljenja: prvi slovenski predsednik Milan Ku\u010dan, nekdanja hrva\u0161ka premierka Jadranka Kosor, nogometni trener Matja\u017e Kek, pevec in kantavtor Zoran Predin, pisatelj Boris Pahor, nekdanji slovenski veleposlanik na Hrva\u0161kem [&hellip;]","og_url":"http:\/\/tmp.warp-poligon.info\/si\/pogovorni-vecer-s-slovensko-veleposlanico-smiljano-knez\/","og_site_name":"Slovenski dom in Svet slovenske nacionalne manj\u0161ine Mesta Zagreb","article_published_time":"2018-01-31T12:31:42+00:00","article_modified_time":"2018-02-02T11:02:33+00:00","og_image":[{"width":4608,"height":3456,"url":"http:\/\/tmp.warp-poligon.info\/si\/wp-content\/uploads\/sites\/2\/2018\/02\/S4_Tanja_veleposlanica.jpg","type":"image\/jpeg"}],"author":"agata","twitter_misc":{"Written by":"agata","Est. reading time":"1 minuta"},"schema":{"@context":"https:\/\/schema.org","@graph":[{"@type":"WebPage","@id":"http:\/\/tmp.warp-poligon.info\/si\/pogovorni-vecer-s-slovensko-veleposlanico-smiljano-knez\/","url":"http:\/\/tmp.warp-poligon.info\/si\/pogovorni-vecer-s-slovensko-veleposlanico-smiljano-knez\/","name":"Pogovorni ve\u010der s slovensko veleposlanico Smiljano Knez | Slovenski dom in Svet slovenske nacionalne manj\u0161ine Mesta Zagreb","isPartOf":{"@id":"http:\/\/tmp.warp-poligon.info\/si\/#website"},"datePublished":"2018-01-31T12:31:42+00:00","dateModified":"2018-02-02T11:02:33+00:00","author":{"@id":"http:\/\/tmp.warp-poligon.info\/si\/#\/schema\/person\/a34ecc40aa73e6dd78780facef777d32"},"breadcrumb":{"@id":"http:\/\/tmp.warp-poligon.info\/si\/pogovorni-vecer-s-slovensko-veleposlanico-smiljano-knez\/#breadcrumb"},"inLanguage":"sl-SI","potentialAction":[{"@type":"ReadAction","target":["http:\/\/tmp.warp-poligon.info\/si\/pogovorni-vecer-s-slovensko-veleposlanico-smiljano-knez\/"]}]},{"@type":"BreadcrumbList","@id":"http:\/\/tmp.warp-poligon.info\/si\/pogovorni-vecer-s-slovensko-veleposlanico-smiljano-knez\/#breadcrumb","itemListElement":[{"@type":"ListItem","position":1,"name":"Home","item":"http:\/\/tmp.warp-poligon.info\/si\/"},{"@type":"ListItem","position":2,"name":"Pogovorni ve\u010der s slovensko veleposlanico Smiljano Knez"}]},{"@type":"WebSite","@id":"http:\/\/tmp.warp-poligon.info\/si\/#website","url":"http:\/\/tmp.warp-poligon.info\/si\/","name":"Slovenski dom in Svet slovenske nacionalne manj\u0161ine Mesta Zagreb","description":"","potentialAction":[{"@type":"SearchAction","target":{"@type":"EntryPoint","urlTemplate":"http:\/\/tmp.warp-poligon.info\/si\/?s={search_term_string}"},"query-input":"required name=search_term_string"}],"inLanguage":"sl-SI"},{"@type":"Person","@id":"http:\/\/tmp.warp-poligon.info\/si\/#\/schema\/person\/a34ecc40aa73e6dd78780facef777d32","name":"agata","image":{"@type":"ImageObject","inLanguage":"sl-SI","@id":"http:\/\/tmp.warp-poligon.info\/si\/#\/schema\/person\/image\/","url":"http:\/\/1.gravatar.com\/avatar\/42c070b2dbf14a48e0639733f946c907?s=96&d=mm&r=g","contentUrl":"http:\/\/1.gravatar.com\/avatar\/42c070b2dbf14a48e0639733f946c907?s=96&d=mm&r=g","caption":"agata"},"url":"http:\/\/tmp.warp-poligon.info\/si\/author\/agata\/"}]}},"_links":{"self":[{"href":"http:\/\/tmp.warp-poligon.info\/si\/wp-json\/wp\/v2\/posts\/2691"}],"collection":[{"href":"http:\/\/tmp.warp-poligon.info\/si\/wp-json\/wp\/v2\/posts"}],"about":[{"href":"http:\/\/tmp.warp-poligon.info\/si\/wp-json\/wp\/v2\/types\/post"}],"author":[{"embeddable":true,"href":"http:\/\/tmp.warp-poligon.info\/si\/wp-json\/wp\/v2\/users\/3"}],"replies":[{"embeddable":true,"href":"http:\/\/tmp.warp-poligon.info\/si\/wp-json\/wp\/v2\/comments?post=2691"}],"version-history":[{"count":4,"href":"http:\/\/tmp.warp-poligon.info\/si\/wp-json\/wp\/v2\/posts\/2691\/revisions"}],"predecessor-version":[{"id":2700,"href":"http:\/\/tmp.warp-poligon.info\/si\/wp-json\/wp\/v2\/posts\/2691\/revisions\/2700"}],"wp:featuredmedia":[{"embeddable":true,"href":"http:\/\/tmp.warp-poligon.info\/si\/wp-json\/wp\/v2\/media\/2694"}],"wp:attachment":[{"href":"http:\/\/tmp.warp-poligon.info\/si\/wp-json\/wp\/v2\/media?parent=2691"}],"wp:term":[{"taxonomy":"category","embeddable":true,"href":"http:\/\/tmp.warp-poligon.info\/si\/wp-json\/wp\/v2\/categories?post=2691"},{"taxonomy":"post_tag","embeddable":true,"href":"http:\/\/tmp.warp-poligon.info\/si\/wp-json\/wp\/v2\/tags?post=2691"}],"curies":[{"name":"wp","href":"https:\/\/api.w.org\/{rel}","templated":true}]}}