{"id":3017,"date":"2018-05-23T15:18:35","date_gmt":"2018-05-23T13:18:35","guid":{"rendered":"http:\/\/tmp.warp-poligon.info\/si\/?p=3017"},"modified":"2018-05-28T15:26:20","modified_gmt":"2018-05-28T13:26:20","slug":"3017-2","status":"publish","type":"post","link":"http:\/\/tmp.warp-poligon.info\/si\/3017-2\/","title":{"rendered":"Cankar v stripu v Slovenskem domu"},"content":{"rendered":"<p>Zagreb \u2013 Ob 100. letnici smrti slovenskega pisatelja in dramatika Ivana Cankarja, je bil v Slovenskem domu stripovsko-gledali\u0161ki performans Cankar v stripu. Postavljena je bila tudi razstava stripovskih ilustracij, ki so jih ob\u010dinstvu razli\u010dnih generacij pribli\u017eale \u010drtice iz Cankarjevega \u017eivljenja in njegove povesti Sluga Jernej in njegova pravica, Moje \u017eivljenje in drama Hlapci.<br \/>\nV performansu so nastopali avtorji stripov: pisatelj za otroke <strong>Andrej Rozman Roza<\/strong>, urednik na radiu in novinar <strong>\u017diga X Gomba\u010d<\/strong> ter prevajalec, reper in stand-up komik <strong>Bo\u0161tjan Gorenc Pi\u017eama<\/strong>.<br \/>\n\u00bbVsi trije imajo dobre pisateljske in igralske sposobnosti\u00ab, je dejal vodja projekta <strong>Uro\u0161 Grilc<\/strong> in dodal, da so Rozman Gomba\u010d in Gorenc, vsak na svoj na\u010din, interpretirali Cankarjeva dela.<br \/>\nStripovske ilustracije so ustvarili: <strong>Tanja Komadina<\/strong>, <strong>Igor \u0160inkovec<\/strong> in <strong>Damijan Stepan\u010di\u010d<\/strong>. Med tem ko so avtorji stripov ostali zvesti Cankarjevi drami Hlapci na celo 181 straneh stripa Hlapci \u2013 ko angeli omagajo, sta Cankarjevi deli Hlapec Jernej in njegova pravica ter Moje \u017eivljenje, dobili aktualne konotacije v stripih Hlapec Jernej in pasja pravica in Moj lajf. V performansu se je sli\u0161alo, da je Ivan Cankar prvi slovenski pisatelj, ki je lahko \u017eivel od pisanja in druge zanimivosti iz njegovega \u017eivljenja.<br \/>\nGrilc je poudaril, da so s stripovsko-gledali\u0161kim performansom in stripi \u017eeleli prebuditi interes za branje Cankarja in stripov.<br \/>\n\u00bbNa\u0161 namen je bil, da poka\u017eemo, da je Cankar blizek razli\u010dnim generacijam in vedno znova zanimiv\u00ab ter dodal, da je Ivan Cankar avtor, ki ga je treba odkrivati vedno znova. Spomin na najve\u010djega slovenskega pisatelja sta ob Cankarjevem letu pripravila Slovenski dom in Svet slovenske nacionalne manj\u0161ine Mesta Zagreb. V imenu Sveta se je avtorjem zahvalila Agata Klinar Medakovi\u0107, saj so z vrhunsko izvedbo zagreb\u0161kim Slovencem na zanimiv na\u010din pribli\u017eali Ivana Cankarja. (HINA)<\/p>\n<p>Ve\u010d v Novem odmevu 66.<br \/>\nFoto: akm<\/p>\n\n\t\t<style type=\"text\/css\">\n\t\t\t#gallery-1 {\n\t\t\t\tmargin: auto;\n\t\t\t}\n\t\t\t#gallery-1 .gallery-item {\n\t\t\t\tfloat: left;\n\t\t\t\tmargin-top: 10px;\n\t\t\t\ttext-align: center;\n\t\t\t\twidth: 25%;\n\t\t\t}\n\t\t\t#gallery-1 img {\n\t\t\t\tborder: 2px solid #cfcfcf;\n\t\t\t}\n\t\t\t#gallery-1 .gallery-caption {\n\t\t\t\tmargin-left: 0;\n\t\t\t}\n\t\t\t\/* see gallery_shortcode() in wp-includes\/media.php *\/\n\t\t<\/style>\n\t\t<div id='gallery-1' class='gallery galleryid-3017 gallery-columns-4 gallery-size-medium'><dl class='gallery-item'>\n\t\t\t<dt class='gallery-icon landscape'>\n\t\t\t\t<a href='http:\/\/tmp.warp-poligon.info\/si\/wp-content\/uploads\/sites\/2\/2018\/05\/Cankar2_Zagreb_23_5_2018.jpg'><img decoding=\"async\" width=\"300\" height=\"225\" src=\"http:\/\/tmp.warp-poligon.info\/si\/wp-content\/uploads\/sites\/2\/2018\/05\/Cankar2_Zagreb_23_5_2018-300x225.jpg\" class=\"attachment-medium size-medium\" alt=\"\" srcset=\"http:\/\/tmp.warp-poligon.info\/si\/wp-content\/uploads\/sites\/2\/2018\/05\/Cankar2_Zagreb_23_5_2018-200x150.jpg 200w, http:\/\/tmp.warp-poligon.info\/si\/wp-content\/uploads\/sites\/2\/2018\/05\/Cankar2_Zagreb_23_5_2018-300x225.jpg 300w, http:\/\/tmp.warp-poligon.info\/si\/wp-content\/uploads\/sites\/2\/2018\/05\/Cankar2_Zagreb_23_5_2018-400x300.jpg 400w, http:\/\/tmp.warp-poligon.info\/si\/wp-content\/uploads\/sites\/2\/2018\/05\/Cankar2_Zagreb_23_5_2018-600x450.jpg 600w, http:\/\/tmp.warp-poligon.info\/si\/wp-content\/uploads\/sites\/2\/2018\/05\/Cankar2_Zagreb_23_5_2018.jpg 700w\" sizes=\"(max-width: 300px) 100vw, 300px\" \/><\/a>\n\t\t\t<\/dt><\/dl><dl class='gallery-item'>\n\t\t\t<dt class='gallery-icon landscape'>\n\t\t\t\t<a href='http:\/\/tmp.warp-poligon.info\/si\/wp-content\/uploads\/sites\/2\/2018\/05\/Cankar2_Slovenski-dom_Zagreb_23_5_2018-2.jpg'><img decoding=\"async\" width=\"300\" height=\"225\" src=\"http:\/\/tmp.warp-poligon.info\/si\/wp-content\/uploads\/sites\/2\/2018\/05\/Cankar2_Slovenski-dom_Zagreb_23_5_2018-2-300x225.jpg\" class=\"attachment-medium size-medium\" alt=\"\" srcset=\"http:\/\/tmp.warp-poligon.info\/si\/wp-content\/uploads\/sites\/2\/2018\/05\/Cankar2_Slovenski-dom_Zagreb_23_5_2018-2-200x150.jpg 200w, http:\/\/tmp.warp-poligon.info\/si\/wp-content\/uploads\/sites\/2\/2018\/05\/Cankar2_Slovenski-dom_Zagreb_23_5_2018-2-300x225.jpg 300w, http:\/\/tmp.warp-poligon.info\/si\/wp-content\/uploads\/sites\/2\/2018\/05\/Cankar2_Slovenski-dom_Zagreb_23_5_2018-2-400x300.jpg 400w, http:\/\/tmp.warp-poligon.info\/si\/wp-content\/uploads\/sites\/2\/2018\/05\/Cankar2_Slovenski-dom_Zagreb_23_5_2018-2-600x450.jpg 600w, http:\/\/tmp.warp-poligon.info\/si\/wp-content\/uploads\/sites\/2\/2018\/05\/Cankar2_Slovenski-dom_Zagreb_23_5_2018-2.jpg 700w\" sizes=\"(max-width: 300px) 100vw, 300px\" \/><\/a>\n\t\t\t<\/dt><\/dl><dl class='gallery-item'>\n\t\t\t<dt class='gallery-icon landscape'>\n\t\t\t\t<a href='http:\/\/tmp.warp-poligon.info\/si\/wp-content\/uploads\/sites\/2\/2018\/05\/Cankar1_Slovenski-dom_Zagreb_23_5_2018.jpg'><img decoding=\"async\" width=\"300\" height=\"225\" src=\"http:\/\/tmp.warp-poligon.info\/si\/wp-content\/uploads\/sites\/2\/2018\/05\/Cankar1_Slovenski-dom_Zagreb_23_5_2018-300x225.jpg\" class=\"attachment-medium size-medium\" alt=\"\" aria-describedby=\"gallery-1-3006\" srcset=\"http:\/\/tmp.warp-poligon.info\/si\/wp-content\/uploads\/sites\/2\/2018\/05\/Cankar1_Slovenski-dom_Zagreb_23_5_2018-200x150.jpg 200w, http:\/\/tmp.warp-poligon.info\/si\/wp-content\/uploads\/sites\/2\/2018\/05\/Cankar1_Slovenski-dom_Zagreb_23_5_2018-300x225.jpg 300w, http:\/\/tmp.warp-poligon.info\/si\/wp-content\/uploads\/sites\/2\/2018\/05\/Cankar1_Slovenski-dom_Zagreb_23_5_2018-400x300.jpg 400w, http:\/\/tmp.warp-poligon.info\/si\/wp-content\/uploads\/sites\/2\/2018\/05\/Cankar1_Slovenski-dom_Zagreb_23_5_2018-600x450.jpg 600w, http:\/\/tmp.warp-poligon.info\/si\/wp-content\/uploads\/sites\/2\/2018\/05\/Cankar1_Slovenski-dom_Zagreb_23_5_2018.jpg 700w\" sizes=\"(max-width: 300px) 100vw, 300px\" \/><\/a>\n\t\t\t<\/dt>\n\t\t\t\t<dd class='wp-caption-text gallery-caption' id='gallery-1-3006'>\n\t\t\t\tBo\u0161tjan Gorenc Pi\u017eama, Andrej Rozman Roza, \u017diga X Gomba\u010d (z leve).\n\t\t\t\t<\/dd><\/dl><dl class='gallery-item'>\n\t\t\t<dt class='gallery-icon landscape'>\n\t\t\t\t<a href='http:\/\/tmp.warp-poligon.info\/si\/wp-content\/uploads\/sites\/2\/2018\/05\/Cankar_Zagreb_Foto-Zavod-Skrateljc.jpg'><img decoding=\"async\" width=\"300\" height=\"225\" src=\"http:\/\/tmp.warp-poligon.info\/si\/wp-content\/uploads\/sites\/2\/2018\/05\/Cankar_Zagreb_Foto-Zavod-Skrateljc-300x225.jpg\" class=\"attachment-medium size-medium\" alt=\"\" srcset=\"http:\/\/tmp.warp-poligon.info\/si\/wp-content\/uploads\/sites\/2\/2018\/05\/Cankar_Zagreb_Foto-Zavod-Skrateljc-200x150.jpg 200w, http:\/\/tmp.warp-poligon.info\/si\/wp-content\/uploads\/sites\/2\/2018\/05\/Cankar_Zagreb_Foto-Zavod-Skrateljc-300x225.jpg 300w, http:\/\/tmp.warp-poligon.info\/si\/wp-content\/uploads\/sites\/2\/2018\/05\/Cankar_Zagreb_Foto-Zavod-Skrateljc-400x300.jpg 400w, http:\/\/tmp.warp-poligon.info\/si\/wp-content\/uploads\/sites\/2\/2018\/05\/Cankar_Zagreb_Foto-Zavod-Skrateljc-600x450.jpg 600w, http:\/\/tmp.warp-poligon.info\/si\/wp-content\/uploads\/sites\/2\/2018\/05\/Cankar_Zagreb_Foto-Zavod-Skrateljc-768x576.jpg 768w, http:\/\/tmp.warp-poligon.info\/si\/wp-content\/uploads\/sites\/2\/2018\/05\/Cankar_Zagreb_Foto-Zavod-Skrateljc-800x600.jpg 800w, http:\/\/tmp.warp-poligon.info\/si\/wp-content\/uploads\/sites\/2\/2018\/05\/Cankar_Zagreb_Foto-Zavod-Skrateljc.jpg 960w\" sizes=\"(max-width: 300px) 100vw, 300px\" \/><\/a>\n\t\t\t<\/dt><\/dl><br style=\"clear: both\" \/><dl class='gallery-item'>\n\t\t\t<dt class='gallery-icon landscape'>\n\t\t\t\t<a href='http:\/\/tmp.warp-poligon.info\/si\/wp-content\/uploads\/sites\/2\/2018\/05\/Cankar7_Zg.jpg'><img decoding=\"async\" width=\"300\" height=\"168\" src=\"http:\/\/tmp.warp-poligon.info\/si\/wp-content\/uploads\/sites\/2\/2018\/05\/Cankar7_Zg-300x168.jpg\" class=\"attachment-medium size-medium\" alt=\"\" srcset=\"http:\/\/tmp.warp-poligon.info\/si\/wp-content\/uploads\/sites\/2\/2018\/05\/Cankar7_Zg-200x112.jpg 200w, http:\/\/tmp.warp-poligon.info\/si\/wp-content\/uploads\/sites\/2\/2018\/05\/Cankar7_Zg-300x168.jpg 300w, http:\/\/tmp.warp-poligon.info\/si\/wp-content\/uploads\/sites\/2\/2018\/05\/Cankar7_Zg-400x225.jpg 400w, http:\/\/tmp.warp-poligon.info\/si\/wp-content\/uploads\/sites\/2\/2018\/05\/Cankar7_Zg-600x337.jpg 600w, http:\/\/tmp.warp-poligon.info\/si\/wp-content\/uploads\/sites\/2\/2018\/05\/Cankar7_Zg.jpg 700w\" sizes=\"(max-width: 300px) 100vw, 300px\" \/><\/a>\n\t\t\t<\/dt><\/dl><dl class='gallery-item'>\n\t\t\t<dt class='gallery-icon landscape'>\n\t\t\t\t<a href='http:\/\/tmp.warp-poligon.info\/si\/wp-content\/uploads\/sites\/2\/2018\/05\/Cankar9_Zg.jpg'><img decoding=\"async\" width=\"300\" height=\"168\" src=\"http:\/\/tmp.warp-poligon.info\/si\/wp-content\/uploads\/sites\/2\/2018\/05\/Cankar9_Zg-300x168.jpg\" class=\"attachment-medium size-medium\" alt=\"\" srcset=\"http:\/\/tmp.warp-poligon.info\/si\/wp-content\/uploads\/sites\/2\/2018\/05\/Cankar9_Zg-200x112.jpg 200w, http:\/\/tmp.warp-poligon.info\/si\/wp-content\/uploads\/sites\/2\/2018\/05\/Cankar9_Zg-300x168.jpg 300w, http:\/\/tmp.warp-poligon.info\/si\/wp-content\/uploads\/sites\/2\/2018\/05\/Cankar9_Zg-400x225.jpg 400w, http:\/\/tmp.warp-poligon.info\/si\/wp-content\/uploads\/sites\/2\/2018\/05\/Cankar9_Zg-600x337.jpg 600w, http:\/\/tmp.warp-poligon.info\/si\/wp-content\/uploads\/sites\/2\/2018\/05\/Cankar9_Zg.jpg 700w\" sizes=\"(max-width: 300px) 100vw, 300px\" \/><\/a>\n\t\t\t<\/dt><\/dl><dl class='gallery-item'>\n\t\t\t<dt class='gallery-icon landscape'>\n\t\t\t\t<a href='http:\/\/tmp.warp-poligon.info\/si\/wp-content\/uploads\/sites\/2\/2018\/05\/Cankar5_Zg.jpg'><img decoding=\"async\" width=\"300\" height=\"168\" src=\"http:\/\/tmp.warp-poligon.info\/si\/wp-content\/uploads\/sites\/2\/2018\/05\/Cankar5_Zg-300x168.jpg\" class=\"attachment-medium size-medium\" alt=\"\" srcset=\"http:\/\/tmp.warp-poligon.info\/si\/wp-content\/uploads\/sites\/2\/2018\/05\/Cankar5_Zg-200x112.jpg 200w, http:\/\/tmp.warp-poligon.info\/si\/wp-content\/uploads\/sites\/2\/2018\/05\/Cankar5_Zg-300x168.jpg 300w, http:\/\/tmp.warp-poligon.info\/si\/wp-content\/uploads\/sites\/2\/2018\/05\/Cankar5_Zg-400x225.jpg 400w, http:\/\/tmp.warp-poligon.info\/si\/wp-content\/uploads\/sites\/2\/2018\/05\/Cankar5_Zg-600x337.jpg 600w, http:\/\/tmp.warp-poligon.info\/si\/wp-content\/uploads\/sites\/2\/2018\/05\/Cankar5_Zg.jpg 700w\" sizes=\"(max-width: 300px) 100vw, 300px\" \/><\/a>\n\t\t\t<\/dt><\/dl><dl class='gallery-item'>\n\t\t\t<dt class='gallery-icon landscape'>\n\t\t\t\t<a href='http:\/\/tmp.warp-poligon.info\/si\/wp-content\/uploads\/sites\/2\/2018\/05\/Cankar4_Zg.jpg'><img decoding=\"async\" width=\"300\" height=\"168\" src=\"http:\/\/tmp.warp-poligon.info\/si\/wp-content\/uploads\/sites\/2\/2018\/05\/Cankar4_Zg-300x168.jpg\" class=\"attachment-medium size-medium\" alt=\"\" srcset=\"http:\/\/tmp.warp-poligon.info\/si\/wp-content\/uploads\/sites\/2\/2018\/05\/Cankar4_Zg-200x112.jpg 200w, http:\/\/tmp.warp-poligon.info\/si\/wp-content\/uploads\/sites\/2\/2018\/05\/Cankar4_Zg-300x168.jpg 300w, http:\/\/tmp.warp-poligon.info\/si\/wp-content\/uploads\/sites\/2\/2018\/05\/Cankar4_Zg-400x225.jpg 400w, http:\/\/tmp.warp-poligon.info\/si\/wp-content\/uploads\/sites\/2\/2018\/05\/Cankar4_Zg-600x337.jpg 600w, http:\/\/tmp.warp-poligon.info\/si\/wp-content\/uploads\/sites\/2\/2018\/05\/Cankar4_Zg.jpg 700w\" sizes=\"(max-width: 300px) 100vw, 300px\" \/><\/a>\n\t\t\t<\/dt><\/dl><br style=\"clear: both\" \/><dl class='gallery-item'>\n\t\t\t<dt class='gallery-icon portrait'>\n\t\t\t\t<a href='http:\/\/tmp.warp-poligon.info\/si\/wp-content\/uploads\/sites\/2\/2018\/05\/Cankar8_Zg.jpg'><img decoding=\"async\" width=\"169\" height=\"300\" src=\"http:\/\/tmp.warp-poligon.info\/si\/wp-content\/uploads\/sites\/2\/2018\/05\/Cankar8_Zg-169x300.jpg\" class=\"attachment-medium size-medium\" alt=\"\" srcset=\"http:\/\/tmp.warp-poligon.info\/si\/wp-content\/uploads\/sites\/2\/2018\/05\/Cankar8_Zg-169x300.jpg 169w, http:\/\/tmp.warp-poligon.info\/si\/wp-content\/uploads\/sites\/2\/2018\/05\/Cankar8_Zg-200x356.jpg 200w, http:\/\/tmp.warp-poligon.info\/si\/wp-content\/uploads\/sites\/2\/2018\/05\/Cankar8_Zg-400x712.jpg 400w, http:\/\/tmp.warp-poligon.info\/si\/wp-content\/uploads\/sites\/2\/2018\/05\/Cankar8_Zg-575x1024.jpg 575w, http:\/\/tmp.warp-poligon.info\/si\/wp-content\/uploads\/sites\/2\/2018\/05\/Cankar8_Zg-600x1068.jpg 600w, http:\/\/tmp.warp-poligon.info\/si\/wp-content\/uploads\/sites\/2\/2018\/05\/Cankar8_Zg.jpg 700w\" sizes=\"(max-width: 169px) 100vw, 169px\" \/><\/a>\n\t\t\t<\/dt><\/dl><dl class='gallery-item'>\n\t\t\t<dt class='gallery-icon portrait'>\n\t\t\t\t<a href='http:\/\/tmp.warp-poligon.info\/si\/wp-content\/uploads\/sites\/2\/2018\/05\/Naslovka_Moj-lajf.jpg'><img decoding=\"async\" width=\"210\" height=\"300\" src=\"http:\/\/tmp.warp-poligon.info\/si\/wp-content\/uploads\/sites\/2\/2018\/05\/Naslovka_Moj-lajf-210x300.jpg\" class=\"attachment-medium size-medium\" alt=\"\" srcset=\"http:\/\/tmp.warp-poligon.info\/si\/wp-content\/uploads\/sites\/2\/2018\/05\/Naslovka_Moj-lajf-200x286.jpg 200w, http:\/\/tmp.warp-poligon.info\/si\/wp-content\/uploads\/sites\/2\/2018\/05\/Naslovka_Moj-lajf-210x300.jpg 210w, http:\/\/tmp.warp-poligon.info\/si\/wp-content\/uploads\/sites\/2\/2018\/05\/Naslovka_Moj-lajf-400x571.jpg 400w, http:\/\/tmp.warp-poligon.info\/si\/wp-content\/uploads\/sites\/2\/2018\/05\/Naslovka_Moj-lajf-600x857.jpg 600w, http:\/\/tmp.warp-poligon.info\/si\/wp-content\/uploads\/sites\/2\/2018\/05\/Naslovka_Moj-lajf.jpg 700w\" sizes=\"(max-width: 210px) 100vw, 210px\" \/><\/a>\n\t\t\t<\/dt><\/dl><dl class='gallery-item'>\n\t\t\t<dt class='gallery-icon portrait'>\n\t\t\t\t<a href='http:\/\/tmp.warp-poligon.info\/si\/wp-content\/uploads\/sites\/2\/2018\/05\/Naslovka_Hlapec-Jernej-in-pasja-pravica.jpg'><img decoding=\"async\" width=\"210\" height=\"300\" src=\"http:\/\/tmp.warp-poligon.info\/si\/wp-content\/uploads\/sites\/2\/2018\/05\/Naslovka_Hlapec-Jernej-in-pasja-pravica-210x300.jpg\" class=\"attachment-medium size-medium\" alt=\"\" srcset=\"http:\/\/tmp.warp-poligon.info\/si\/wp-content\/uploads\/sites\/2\/2018\/05\/Naslovka_Hlapec-Jernej-in-pasja-pravica-200x285.jpg 200w, http:\/\/tmp.warp-poligon.info\/si\/wp-content\/uploads\/sites\/2\/2018\/05\/Naslovka_Hlapec-Jernej-in-pasja-pravica-210x300.jpg 210w, http:\/\/tmp.warp-poligon.info\/si\/wp-content\/uploads\/sites\/2\/2018\/05\/Naslovka_Hlapec-Jernej-in-pasja-pravica-400x571.jpg 400w, http:\/\/tmp.warp-poligon.info\/si\/wp-content\/uploads\/sites\/2\/2018\/05\/Naslovka_Hlapec-Jernej-in-pasja-pravica-600x856.jpg 600w, http:\/\/tmp.warp-poligon.info\/si\/wp-content\/uploads\/sites\/2\/2018\/05\/Naslovka_Hlapec-Jernej-in-pasja-pravica.jpg 700w\" sizes=\"(max-width: 210px) 100vw, 210px\" \/><\/a>\n\t\t\t<\/dt><\/dl><dl class='gallery-item'>\n\t\t\t<dt class='gallery-icon portrait'>\n\t\t\t\t<a href='http:\/\/tmp.warp-poligon.info\/si\/wp-content\/uploads\/sites\/2\/2018\/05\/Naslovka_Hlapci_ko_angeli_omagajo.jpg'><img decoding=\"async\" width=\"207\" height=\"300\" src=\"http:\/\/tmp.warp-poligon.info\/si\/wp-content\/uploads\/sites\/2\/2018\/05\/Naslovka_Hlapci_ko_angeli_omagajo-207x300.jpg\" class=\"attachment-medium size-medium\" alt=\"\" srcset=\"http:\/\/tmp.warp-poligon.info\/si\/wp-content\/uploads\/sites\/2\/2018\/05\/Naslovka_Hlapci_ko_angeli_omagajo-200x290.jpg 200w, http:\/\/tmp.warp-poligon.info\/si\/wp-content\/uploads\/sites\/2\/2018\/05\/Naslovka_Hlapci_ko_angeli_omagajo-207x300.jpg 207w, http:\/\/tmp.warp-poligon.info\/si\/wp-content\/uploads\/sites\/2\/2018\/05\/Naslovka_Hlapci_ko_angeli_omagajo-400x580.jpg 400w, http:\/\/tmp.warp-poligon.info\/si\/wp-content\/uploads\/sites\/2\/2018\/05\/Naslovka_Hlapci_ko_angeli_omagajo-600x870.jpg 600w, http:\/\/tmp.warp-poligon.info\/si\/wp-content\/uploads\/sites\/2\/2018\/05\/Naslovka_Hlapci_ko_angeli_omagajo.jpg 700w\" sizes=\"(max-width: 207px) 100vw, 207px\" \/><\/a>\n\t\t\t<\/dt><\/dl><br style=\"clear: both\" \/>\n\t\t<\/div>\n\n","protected":false},"excerpt":{"rendered":"<p>Zagreb \u2013 Ob 100. letnici smrti slovenskega pisatelja in dramatika Ivana Cankarja, je bil v Slovenskem domu stripovsko-gledali\u0161ki performans Cankar v stripu. Postavljena je bila tudi razstava stripovskih ilustracij, ki so jih ob\u010dinstvu razli\u010dnih generacij pribli\u017eale \u010drtice iz Cankarjevega \u017eivljenja in njegove povesti Sluga Jernej in njegova pravica, Moje \u017eivljenje in drama Hlapci. V performansu [&hellip;]<\/p>\n","protected":false},"author":3,"featured_media":3019,"comment_status":"closed","ping_status":"open","sticky":false,"template":"","format":"standard","meta":{"footnotes":""},"categories":[5],"tags":[],"yoast_head":"<!-- This site is optimized with the Yoast SEO plugin v21.9.1 - https:\/\/yoast.com\/wordpress\/plugins\/seo\/ -->\n<title>Cankar v stripu v Slovenskem domu | Slovenski dom in Svet slovenske nacionalne manj\u0161ine Mesta Zagreb<\/title>\n<meta name=\"robots\" content=\"index, follow, max-snippet:-1, max-image-preview:large, max-video-preview:-1\" \/>\n<link rel=\"canonical\" href=\"http:\/\/tmp.warp-poligon.info\/si\/3017-2\/\" \/>\n<meta property=\"og:locale\" content=\"sl_SI\" \/>\n<meta property=\"og:type\" content=\"article\" \/>\n<meta property=\"og:title\" content=\"Cankar v stripu v Slovenskem domu | Slovenski dom in Svet slovenske nacionalne manj\u0161ine Mesta Zagreb\" \/>\n<meta property=\"og:description\" content=\"Zagreb \u2013 Ob 100. letnici smrti slovenskega pisatelja in dramatika Ivana Cankarja, je bil v Slovenskem domu stripovsko-gledali\u0161ki performans Cankar v stripu. Postavljena je bila tudi razstava stripovskih ilustracij, ki so jih ob\u010dinstvu razli\u010dnih generacij pribli\u017eale \u010drtice iz Cankarjevega \u017eivljenja in njegove povesti Sluga Jernej in njegova pravica, Moje \u017eivljenje in drama Hlapci. V performansu [&hellip;]\" \/>\n<meta property=\"og:url\" content=\"http:\/\/tmp.warp-poligon.info\/si\/3017-2\/\" \/>\n<meta property=\"og:site_name\" content=\"Slovenski dom in Svet slovenske nacionalne manj\u0161ine Mesta Zagreb\" \/>\n<meta property=\"article:published_time\" content=\"2018-05-23T13:18:35+00:00\" \/>\n<meta property=\"article:modified_time\" content=\"2018-05-28T13:26:20+00:00\" \/>\n<meta property=\"og:image\" content=\"http:\/\/tmp.warp-poligon.info\/si\/wp-content\/uploads\/sites\/2\/2018\/05\/Cankar1_Slovenski-dom_Zagreb_23_5_2018-1.jpg\" \/>\n\t<meta property=\"og:image:width\" content=\"700\" \/>\n\t<meta property=\"og:image:height\" content=\"525\" \/>\n\t<meta property=\"og:image:type\" content=\"image\/jpeg\" \/>\n<meta name=\"author\" content=\"agata\" \/>\n<meta name=\"twitter:label1\" content=\"Written by\" \/>\n\t<meta name=\"twitter:data1\" content=\"agata\" \/>\n\t<meta name=\"twitter:label2\" content=\"Est. reading time\" \/>\n\t<meta name=\"twitter:data2\" content=\"2 minuti\" \/>\n<script type=\"application\/ld+json\" class=\"yoast-schema-graph\">{\"@context\":\"https:\/\/schema.org\",\"@graph\":[{\"@type\":\"WebPage\",\"@id\":\"http:\/\/tmp.warp-poligon.info\/si\/3017-2\/\",\"url\":\"http:\/\/tmp.warp-poligon.info\/si\/3017-2\/\",\"name\":\"Cankar v stripu v Slovenskem domu | Slovenski dom in Svet slovenske nacionalne manj\u0161ine Mesta Zagreb\",\"isPartOf\":{\"@id\":\"http:\/\/tmp.warp-poligon.info\/si\/#website\"},\"datePublished\":\"2018-05-23T13:18:35+00:00\",\"dateModified\":\"2018-05-28T13:26:20+00:00\",\"author\":{\"@id\":\"http:\/\/tmp.warp-poligon.info\/si\/#\/schema\/person\/a34ecc40aa73e6dd78780facef777d32\"},\"breadcrumb\":{\"@id\":\"http:\/\/tmp.warp-poligon.info\/si\/3017-2\/#breadcrumb\"},\"inLanguage\":\"sl-SI\",\"potentialAction\":[{\"@type\":\"ReadAction\",\"target\":[\"http:\/\/tmp.warp-poligon.info\/si\/3017-2\/\"]}]},{\"@type\":\"BreadcrumbList\",\"@id\":\"http:\/\/tmp.warp-poligon.info\/si\/3017-2\/#breadcrumb\",\"itemListElement\":[{\"@type\":\"ListItem\",\"position\":1,\"name\":\"Home\",\"item\":\"http:\/\/tmp.warp-poligon.info\/si\/\"},{\"@type\":\"ListItem\",\"position\":2,\"name\":\"Cankar v stripu v Slovenskem domu\"}]},{\"@type\":\"WebSite\",\"@id\":\"http:\/\/tmp.warp-poligon.info\/si\/#website\",\"url\":\"http:\/\/tmp.warp-poligon.info\/si\/\",\"name\":\"Slovenski dom in Svet slovenske nacionalne manj\u0161ine Mesta Zagreb\",\"description\":\"\",\"potentialAction\":[{\"@type\":\"SearchAction\",\"target\":{\"@type\":\"EntryPoint\",\"urlTemplate\":\"http:\/\/tmp.warp-poligon.info\/si\/?s={search_term_string}\"},\"query-input\":\"required name=search_term_string\"}],\"inLanguage\":\"sl-SI\"},{\"@type\":\"Person\",\"@id\":\"http:\/\/tmp.warp-poligon.info\/si\/#\/schema\/person\/a34ecc40aa73e6dd78780facef777d32\",\"name\":\"agata\",\"image\":{\"@type\":\"ImageObject\",\"inLanguage\":\"sl-SI\",\"@id\":\"http:\/\/tmp.warp-poligon.info\/si\/#\/schema\/person\/image\/\",\"url\":\"http:\/\/1.gravatar.com\/avatar\/42c070b2dbf14a48e0639733f946c907?s=96&d=mm&r=g\",\"contentUrl\":\"http:\/\/1.gravatar.com\/avatar\/42c070b2dbf14a48e0639733f946c907?s=96&d=mm&r=g\",\"caption\":\"agata\"},\"url\":\"http:\/\/tmp.warp-poligon.info\/si\/author\/agata\/\"}]}<\/script>\n<!-- \/ Yoast SEO plugin. -->","yoast_head_json":{"title":"Cankar v stripu v Slovenskem domu | Slovenski dom in Svet slovenske nacionalne manj\u0161ine Mesta Zagreb","robots":{"index":"index","follow":"follow","max-snippet":"max-snippet:-1","max-image-preview":"max-image-preview:large","max-video-preview":"max-video-preview:-1"},"canonical":"http:\/\/tmp.warp-poligon.info\/si\/3017-2\/","og_locale":"sl_SI","og_type":"article","og_title":"Cankar v stripu v Slovenskem domu | Slovenski dom in Svet slovenske nacionalne manj\u0161ine Mesta Zagreb","og_description":"Zagreb \u2013 Ob 100. letnici smrti slovenskega pisatelja in dramatika Ivana Cankarja, je bil v Slovenskem domu stripovsko-gledali\u0161ki performans Cankar v stripu. Postavljena je bila tudi razstava stripovskih ilustracij, ki so jih ob\u010dinstvu razli\u010dnih generacij pribli\u017eale \u010drtice iz Cankarjevega \u017eivljenja in njegove povesti Sluga Jernej in njegova pravica, Moje \u017eivljenje in drama Hlapci. V performansu [&hellip;]","og_url":"http:\/\/tmp.warp-poligon.info\/si\/3017-2\/","og_site_name":"Slovenski dom in Svet slovenske nacionalne manj\u0161ine Mesta Zagreb","article_published_time":"2018-05-23T13:18:35+00:00","article_modified_time":"2018-05-28T13:26:20+00:00","og_image":[{"width":700,"height":525,"url":"http:\/\/tmp.warp-poligon.info\/si\/wp-content\/uploads\/sites\/2\/2018\/05\/Cankar1_Slovenski-dom_Zagreb_23_5_2018-1.jpg","type":"image\/jpeg"}],"author":"agata","twitter_misc":{"Written by":"agata","Est. reading time":"2 minuti"},"schema":{"@context":"https:\/\/schema.org","@graph":[{"@type":"WebPage","@id":"http:\/\/tmp.warp-poligon.info\/si\/3017-2\/","url":"http:\/\/tmp.warp-poligon.info\/si\/3017-2\/","name":"Cankar v stripu v Slovenskem domu | Slovenski dom in Svet slovenske nacionalne manj\u0161ine Mesta Zagreb","isPartOf":{"@id":"http:\/\/tmp.warp-poligon.info\/si\/#website"},"datePublished":"2018-05-23T13:18:35+00:00","dateModified":"2018-05-28T13:26:20+00:00","author":{"@id":"http:\/\/tmp.warp-poligon.info\/si\/#\/schema\/person\/a34ecc40aa73e6dd78780facef777d32"},"breadcrumb":{"@id":"http:\/\/tmp.warp-poligon.info\/si\/3017-2\/#breadcrumb"},"inLanguage":"sl-SI","potentialAction":[{"@type":"ReadAction","target":["http:\/\/tmp.warp-poligon.info\/si\/3017-2\/"]}]},{"@type":"BreadcrumbList","@id":"http:\/\/tmp.warp-poligon.info\/si\/3017-2\/#breadcrumb","itemListElement":[{"@type":"ListItem","position":1,"name":"Home","item":"http:\/\/tmp.warp-poligon.info\/si\/"},{"@type":"ListItem","position":2,"name":"Cankar v stripu v Slovenskem domu"}]},{"@type":"WebSite","@id":"http:\/\/tmp.warp-poligon.info\/si\/#website","url":"http:\/\/tmp.warp-poligon.info\/si\/","name":"Slovenski dom in Svet slovenske nacionalne manj\u0161ine Mesta Zagreb","description":"","potentialAction":[{"@type":"SearchAction","target":{"@type":"EntryPoint","urlTemplate":"http:\/\/tmp.warp-poligon.info\/si\/?s={search_term_string}"},"query-input":"required name=search_term_string"}],"inLanguage":"sl-SI"},{"@type":"Person","@id":"http:\/\/tmp.warp-poligon.info\/si\/#\/schema\/person\/a34ecc40aa73e6dd78780facef777d32","name":"agata","image":{"@type":"ImageObject","inLanguage":"sl-SI","@id":"http:\/\/tmp.warp-poligon.info\/si\/#\/schema\/person\/image\/","url":"http:\/\/1.gravatar.com\/avatar\/42c070b2dbf14a48e0639733f946c907?s=96&d=mm&r=g","contentUrl":"http:\/\/1.gravatar.com\/avatar\/42c070b2dbf14a48e0639733f946c907?s=96&d=mm&r=g","caption":"agata"},"url":"http:\/\/tmp.warp-poligon.info\/si\/author\/agata\/"}]}},"_links":{"self":[{"href":"http:\/\/tmp.warp-poligon.info\/si\/wp-json\/wp\/v2\/posts\/3017"}],"collection":[{"href":"http:\/\/tmp.warp-poligon.info\/si\/wp-json\/wp\/v2\/posts"}],"about":[{"href":"http:\/\/tmp.warp-poligon.info\/si\/wp-json\/wp\/v2\/types\/post"}],"author":[{"embeddable":true,"href":"http:\/\/tmp.warp-poligon.info\/si\/wp-json\/wp\/v2\/users\/3"}],"replies":[{"embeddable":true,"href":"http:\/\/tmp.warp-poligon.info\/si\/wp-json\/wp\/v2\/comments?post=3017"}],"version-history":[{"count":4,"href":"http:\/\/tmp.warp-poligon.info\/si\/wp-json\/wp\/v2\/posts\/3017\/revisions"}],"predecessor-version":[{"id":3022,"href":"http:\/\/tmp.warp-poligon.info\/si\/wp-json\/wp\/v2\/posts\/3017\/revisions\/3022"}],"wp:featuredmedia":[{"embeddable":true,"href":"http:\/\/tmp.warp-poligon.info\/si\/wp-json\/wp\/v2\/media\/3019"}],"wp:attachment":[{"href":"http:\/\/tmp.warp-poligon.info\/si\/wp-json\/wp\/v2\/media?parent=3017"}],"wp:term":[{"taxonomy":"category","embeddable":true,"href":"http:\/\/tmp.warp-poligon.info\/si\/wp-json\/wp\/v2\/categories?post=3017"},{"taxonomy":"post_tag","embeddable":true,"href":"http:\/\/tmp.warp-poligon.info\/si\/wp-json\/wp\/v2\/tags?post=3017"}],"curies":[{"name":"wp","href":"https:\/\/api.w.org\/{rel}","templated":true}]}}