{"id":308,"date":"2010-12-08T08:00:54","date_gmt":"2010-12-08T07:00:54","guid":{"rendered":"http:\/\/tmp.warp-poligon.info\/si\/?p=308"},"modified":"2014-03-21T18:25:09","modified_gmt":"2014-03-21T17:25:09","slug":"etnoloski-zakladi-slovenije-in-hrvaske-slovenski-dom-zagreb","status":"publish","type":"post","link":"http:\/\/tmp.warp-poligon.info\/si\/etnoloski-zakladi-slovenije-in-hrvaske-slovenski-dom-zagreb\/","title":{"rendered":"Etnolo\u0161ki zakladi Slovenije in Hrva\u0161ke, Slovenski dom, Zagreb"},"content":{"rendered":"<p>Na etnolo\u0161ki delavnici, ki smo jo poimenovali Etnolo\u0161ki zakladi Slovenije in Hrva\u0161ke smo obudili spomine na stare \u017ee skoraj izumrle obrti in etnolo\u0161ko dedi\u0161\u010dino.<\/p>\n<p>Udele\u017eenci programa so prikazali kako smo \u017eiveli in delali nekdaj. Spomnili so nas na zaklad, ki ga je zmo\u017ena ustvariti \u010dlove\u0161ka roka in na \u017eeljo, da se preteklost na\u0161ih starih ne pozabi.<\/p>\n<p><a href=\"http:\/\/tmp.warp-poligon.info\/si\/wp-content\/uploads\/sites\/2\/2010\/12\/Duplo_Pisece.jpg\"><img decoding=\"async\" class=\"alignleft size-thumbnail wp-image-310\" alt=\"\u010clani folklorne skupine Duplo iz Pi\u0161ec.\" src=\"http:\/\/tmp.warp-poligon.info\/si\/wp-content\/uploads\/sites\/2\/2010\/12\/Duplo_Pisece-150x150.jpg\" width=\"150\" height=\"150\" \/><\/a>Folklorna skupina Duplo iz Pi\u0161ec, ki deluje od leta 1987, je v gorenjskih narodnih no\u0161ah zaplesala gorenjske plese, ki so se plesali na prelomu 19. in 20. stoletja v osrednji Sloveniji. Z etnologinjo Marijo Makarovi\u010d so na podlagi spominov starej\u0161ih Pi\u0161e\u010danov in fotografij oblikovali pi\u0161e\u010dko (\u0161tajersko) no\u0161o v kateri so plesali \u0161tajerske plese, ki so zna\u010dilni za jugovzhodni del \u0160tajerske.<\/p>\n<p><a href=\"http:\/\/tmp.warp-poligon.info\/si\/wp-content\/uploads\/sites\/2\/2010\/12\/Tkalacki_stan.jpg\"><img decoding=\"async\" class=\"alignright size-thumbnail wp-image-315\" alt=\"Vertikalne statve na katerih v Ma-Li izdelujejo platno za narodno no\u0161o.\" src=\"http:\/\/tmp.warp-poligon.info\/si\/wp-content\/uploads\/sites\/2\/2010\/12\/Tkalacki_stan-150x147.jpg\" width=\"150\" height=\"147\" \/><\/a>Tamara Krklec iz obrti Ma-La iz Kerestinca \u017ee dolga leta izdeluje in restavrira hrva\u0161ke narodne no\u0161e. Pri tem uporablja ro\u010dno izdelani material, ki ga tke na starih lesenih statvah. Ob\u010dinstvu je pokazala kako potrpe\u017eljivo se na statvah izdeluje tkanina za narodno no\u0161o. Vsi iz dru\u017eine Krklec so bili oble\u010deni v pisane narodne no\u0161e iz Slavonije, ki so jih sami izdelali.<\/p>\n<p><a href=\"http:\/\/tmp.warp-poligon.info\/si\/wp-content\/uploads\/sites\/2\/2010\/12\/kos.jpg\"><img decoding=\"async\" class=\"alignleft size-thumbnail wp-image-312\" alt=\"Ko\u0161are in glinene posode, ki so jih izdelale pridne roke Adama Klju\u010dev\u0161ka.\" src=\"http:\/\/tmp.warp-poligon.info\/si\/wp-content\/uploads\/sites\/2\/2010\/12\/kos-150x147.jpg\" width=\"150\" height=\"147\" \/><\/a>Adam Klju\u010dev\u0161ek iz Rade\u010d in njegov kolega Vilko sta prikazala del pletarske dedi\u0161\u010dine na Slovenskem. S spretnimi rokami izdelujeta ko\u0161e iz \u0161ib in razne glinene posode. Njuni sosedi Lojzka in Lenka pa sta za \u017eenski del ob\u010dinstva izdelovali \u0161opke in aran\u017emaje iz krep papirja ter bo\u017ei\u010dne okraske iz testa.<\/p>\n<p>Mladi iz folklorne sekcije KUD Antun Mihanovi\u0107 iz Klanjca so v zagorskih narodnih no\u0161ah zaplesali zagorske plese. Presenetili in razveselili so nas tudi z enim slovenskim plesom, ki so ga pripravili posebej za to prilo\u017enost. (a.k.m.)<\/p>\n<div id=\"attachment_313\" style=\"width: 480px\" class=\"wp-caption aligncenter\"><img decoding=\"async\" aria-describedby=\"caption-attachment-313\" class=\"size-full wp-image-313\" alt=\"Folklorna sekcija KUD Antun Mihanovi\u0107 iz Klanjca z voditeljico in direktorico Turisti\u010dne skupnosti Klanjca Snje\u017eano Ricija\u0161.\" src=\"http:\/\/tmp.warp-poligon.info\/si\/wp-content\/uploads\/sites\/2\/2010\/12\/KUD_A_Mihanovic.jpg\" width=\"470\" height=\"313\" srcset=\"http:\/\/tmp.warp-poligon.info\/si\/wp-content\/uploads\/sites\/2\/2010\/12\/KUD_A_Mihanovic-300x199.jpg 300w, http:\/\/tmp.warp-poligon.info\/si\/wp-content\/uploads\/sites\/2\/2010\/12\/KUD_A_Mihanovic.jpg 470w\" sizes=\"(max-width: 470px) 100vw, 470px\" \/><p id=\"caption-attachment-313\" class=\"wp-caption-text\">Folklorna sekcija KUD Antun Mihanovi\u0107 iz Klanjca z voditeljico in direktorico Turisti\u010dne skupnosti Klanjca Snje\u017eano Ricija\u0161.<\/p><\/div>\n","protected":false},"excerpt":{"rendered":"<p>Na etnolo\u0161ki delavnici, ki smo jo poimenovali Etnolo\u0161ki zakladi Slovenije in Hrva\u0161ke smo obudili spomine na stare \u017ee skoraj izumrle obrti in etnolo\u0161ko dedi\u0161\u010dino. Udele\u017eenci programa so prikazali kako smo \u017eiveli in delali nekdaj. Spomnili so nas na zaklad, ki ga je zmo\u017ena ustvariti \u010dlove\u0161ka roka in na \u017eeljo, da se preteklost na\u0161ih starih ne [&hellip;]<\/p>\n","protected":false},"author":1,"featured_media":310,"comment_status":"closed","ping_status":"open","sticky":false,"template":"","format":"standard","meta":{"footnotes":""},"categories":[5],"tags":[],"yoast_head":"<!-- This site is optimized with the Yoast SEO plugin v21.9.1 - https:\/\/yoast.com\/wordpress\/plugins\/seo\/ -->\n<title>Etnolo\u0161ki zakladi Slovenije in Hrva\u0161ke, Slovenski dom, Zagreb | Slovenski dom in Svet slovenske nacionalne manj\u0161ine Mesta Zagreb<\/title>\n<meta name=\"robots\" content=\"index, follow, max-snippet:-1, max-image-preview:large, max-video-preview:-1\" \/>\n<link rel=\"canonical\" href=\"http:\/\/tmp.warp-poligon.info\/si\/etnoloski-zakladi-slovenije-in-hrvaske-slovenski-dom-zagreb\/\" \/>\n<meta property=\"og:locale\" content=\"sl_SI\" \/>\n<meta property=\"og:type\" content=\"article\" \/>\n<meta property=\"og:title\" content=\"Etnolo\u0161ki zakladi Slovenije in Hrva\u0161ke, Slovenski dom, Zagreb | Slovenski dom in Svet slovenske nacionalne manj\u0161ine Mesta Zagreb\" \/>\n<meta property=\"og:description\" content=\"Na etnolo\u0161ki delavnici, ki smo jo poimenovali Etnolo\u0161ki zakladi Slovenije in Hrva\u0161ke smo obudili spomine na stare \u017ee skoraj izumrle obrti in etnolo\u0161ko dedi\u0161\u010dino. Udele\u017eenci programa so prikazali kako smo \u017eiveli in delali nekdaj. Spomnili so nas na zaklad, ki ga je zmo\u017ena ustvariti \u010dlove\u0161ka roka in na \u017eeljo, da se preteklost na\u0161ih starih ne [&hellip;]\" \/>\n<meta property=\"og:url\" content=\"http:\/\/tmp.warp-poligon.info\/si\/etnoloski-zakladi-slovenije-in-hrvaske-slovenski-dom-zagreb\/\" \/>\n<meta property=\"og:site_name\" content=\"Slovenski dom in Svet slovenske nacionalne manj\u0161ine Mesta Zagreb\" \/>\n<meta property=\"article:published_time\" content=\"2010-12-08T07:00:54+00:00\" \/>\n<meta property=\"article:modified_time\" content=\"2014-03-21T17:25:09+00:00\" \/>\n<meta property=\"og:image\" content=\"http:\/\/tmp.warp-poligon.info\/si\/wp-content\/uploads\/sites\/2\/2010\/12\/Duplo_Pisece.jpg\" \/>\n\t<meta property=\"og:image:width\" content=\"190\" \/>\n\t<meta property=\"og:image:height\" content=\"254\" \/>\n\t<meta property=\"og:image:type\" content=\"image\/jpeg\" \/>\n<meta name=\"author\" content=\"edin.dji\" \/>\n<meta name=\"twitter:label1\" content=\"Written by\" \/>\n\t<meta name=\"twitter:data1\" content=\"edin.dji\" \/>\n\t<meta name=\"twitter:label2\" content=\"Est. reading time\" \/>\n\t<meta name=\"twitter:data2\" content=\"2 minuti\" \/>\n<script type=\"application\/ld+json\" class=\"yoast-schema-graph\">{\"@context\":\"https:\/\/schema.org\",\"@graph\":[{\"@type\":\"WebPage\",\"@id\":\"http:\/\/tmp.warp-poligon.info\/si\/etnoloski-zakladi-slovenije-in-hrvaske-slovenski-dom-zagreb\/\",\"url\":\"http:\/\/tmp.warp-poligon.info\/si\/etnoloski-zakladi-slovenije-in-hrvaske-slovenski-dom-zagreb\/\",\"name\":\"Etnolo\u0161ki zakladi Slovenije in Hrva\u0161ke, Slovenski dom, Zagreb | Slovenski dom in Svet slovenske nacionalne manj\u0161ine Mesta Zagreb\",\"isPartOf\":{\"@id\":\"http:\/\/tmp.warp-poligon.info\/si\/#website\"},\"datePublished\":\"2010-12-08T07:00:54+00:00\",\"dateModified\":\"2014-03-21T17:25:09+00:00\",\"author\":{\"@id\":\"http:\/\/tmp.warp-poligon.info\/si\/#\/schema\/person\/6676f710a91979474558fea82bc41a0a\"},\"breadcrumb\":{\"@id\":\"http:\/\/tmp.warp-poligon.info\/si\/etnoloski-zakladi-slovenije-in-hrvaske-slovenski-dom-zagreb\/#breadcrumb\"},\"inLanguage\":\"sl-SI\",\"potentialAction\":[{\"@type\":\"ReadAction\",\"target\":[\"http:\/\/tmp.warp-poligon.info\/si\/etnoloski-zakladi-slovenije-in-hrvaske-slovenski-dom-zagreb\/\"]}]},{\"@type\":\"BreadcrumbList\",\"@id\":\"http:\/\/tmp.warp-poligon.info\/si\/etnoloski-zakladi-slovenije-in-hrvaske-slovenski-dom-zagreb\/#breadcrumb\",\"itemListElement\":[{\"@type\":\"ListItem\",\"position\":1,\"name\":\"Home\",\"item\":\"http:\/\/tmp.warp-poligon.info\/si\/\"},{\"@type\":\"ListItem\",\"position\":2,\"name\":\"Etnolo\u0161ki zakladi Slovenije in Hrva\u0161ke, Slovenski dom, Zagreb\"}]},{\"@type\":\"WebSite\",\"@id\":\"http:\/\/tmp.warp-poligon.info\/si\/#website\",\"url\":\"http:\/\/tmp.warp-poligon.info\/si\/\",\"name\":\"Slovenski dom in Svet slovenske nacionalne manj\u0161ine Mesta Zagreb\",\"description\":\"\",\"potentialAction\":[{\"@type\":\"SearchAction\",\"target\":{\"@type\":\"EntryPoint\",\"urlTemplate\":\"http:\/\/tmp.warp-poligon.info\/si\/?s={search_term_string}\"},\"query-input\":\"required name=search_term_string\"}],\"inLanguage\":\"sl-SI\"},{\"@type\":\"Person\",\"@id\":\"http:\/\/tmp.warp-poligon.info\/si\/#\/schema\/person\/6676f710a91979474558fea82bc41a0a\",\"name\":\"edin.dji\",\"image\":{\"@type\":\"ImageObject\",\"inLanguage\":\"sl-SI\",\"@id\":\"http:\/\/tmp.warp-poligon.info\/si\/#\/schema\/person\/image\/\",\"url\":\"http:\/\/0.gravatar.com\/avatar\/6136fa88afb87b83090822617871c230?s=96&d=mm&r=g\",\"contentUrl\":\"http:\/\/0.gravatar.com\/avatar\/6136fa88afb87b83090822617871c230?s=96&d=mm&r=g\",\"caption\":\"edin.dji\"},\"url\":\"http:\/\/tmp.warp-poligon.info\/si\/author\/edin-dji\/\"}]}<\/script>\n<!-- \/ Yoast SEO plugin. -->","yoast_head_json":{"title":"Etnolo\u0161ki zakladi Slovenije in Hrva\u0161ke, Slovenski dom, Zagreb | Slovenski dom in Svet slovenske nacionalne manj\u0161ine Mesta Zagreb","robots":{"index":"index","follow":"follow","max-snippet":"max-snippet:-1","max-image-preview":"max-image-preview:large","max-video-preview":"max-video-preview:-1"},"canonical":"http:\/\/tmp.warp-poligon.info\/si\/etnoloski-zakladi-slovenije-in-hrvaske-slovenski-dom-zagreb\/","og_locale":"sl_SI","og_type":"article","og_title":"Etnolo\u0161ki zakladi Slovenije in Hrva\u0161ke, Slovenski dom, Zagreb | Slovenski dom in Svet slovenske nacionalne manj\u0161ine Mesta Zagreb","og_description":"Na etnolo\u0161ki delavnici, ki smo jo poimenovali Etnolo\u0161ki zakladi Slovenije in Hrva\u0161ke smo obudili spomine na stare \u017ee skoraj izumrle obrti in etnolo\u0161ko dedi\u0161\u010dino. Udele\u017eenci programa so prikazali kako smo \u017eiveli in delali nekdaj. Spomnili so nas na zaklad, ki ga je zmo\u017ena ustvariti \u010dlove\u0161ka roka in na \u017eeljo, da se preteklost na\u0161ih starih ne [&hellip;]","og_url":"http:\/\/tmp.warp-poligon.info\/si\/etnoloski-zakladi-slovenije-in-hrvaske-slovenski-dom-zagreb\/","og_site_name":"Slovenski dom in Svet slovenske nacionalne manj\u0161ine Mesta Zagreb","article_published_time":"2010-12-08T07:00:54+00:00","article_modified_time":"2014-03-21T17:25:09+00:00","og_image":[{"width":190,"height":254,"url":"http:\/\/tmp.warp-poligon.info\/si\/wp-content\/uploads\/sites\/2\/2010\/12\/Duplo_Pisece.jpg","type":"image\/jpeg"}],"author":"edin.dji","twitter_misc":{"Written by":"edin.dji","Est. reading time":"2 minuti"},"schema":{"@context":"https:\/\/schema.org","@graph":[{"@type":"WebPage","@id":"http:\/\/tmp.warp-poligon.info\/si\/etnoloski-zakladi-slovenije-in-hrvaske-slovenski-dom-zagreb\/","url":"http:\/\/tmp.warp-poligon.info\/si\/etnoloski-zakladi-slovenije-in-hrvaske-slovenski-dom-zagreb\/","name":"Etnolo\u0161ki zakladi Slovenije in Hrva\u0161ke, Slovenski dom, Zagreb | Slovenski dom in Svet slovenske nacionalne manj\u0161ine Mesta Zagreb","isPartOf":{"@id":"http:\/\/tmp.warp-poligon.info\/si\/#website"},"datePublished":"2010-12-08T07:00:54+00:00","dateModified":"2014-03-21T17:25:09+00:00","author":{"@id":"http:\/\/tmp.warp-poligon.info\/si\/#\/schema\/person\/6676f710a91979474558fea82bc41a0a"},"breadcrumb":{"@id":"http:\/\/tmp.warp-poligon.info\/si\/etnoloski-zakladi-slovenije-in-hrvaske-slovenski-dom-zagreb\/#breadcrumb"},"inLanguage":"sl-SI","potentialAction":[{"@type":"ReadAction","target":["http:\/\/tmp.warp-poligon.info\/si\/etnoloski-zakladi-slovenije-in-hrvaske-slovenski-dom-zagreb\/"]}]},{"@type":"BreadcrumbList","@id":"http:\/\/tmp.warp-poligon.info\/si\/etnoloski-zakladi-slovenije-in-hrvaske-slovenski-dom-zagreb\/#breadcrumb","itemListElement":[{"@type":"ListItem","position":1,"name":"Home","item":"http:\/\/tmp.warp-poligon.info\/si\/"},{"@type":"ListItem","position":2,"name":"Etnolo\u0161ki zakladi Slovenije in Hrva\u0161ke, Slovenski dom, Zagreb"}]},{"@type":"WebSite","@id":"http:\/\/tmp.warp-poligon.info\/si\/#website","url":"http:\/\/tmp.warp-poligon.info\/si\/","name":"Slovenski dom in Svet slovenske nacionalne manj\u0161ine Mesta Zagreb","description":"","potentialAction":[{"@type":"SearchAction","target":{"@type":"EntryPoint","urlTemplate":"http:\/\/tmp.warp-poligon.info\/si\/?s={search_term_string}"},"query-input":"required name=search_term_string"}],"inLanguage":"sl-SI"},{"@type":"Person","@id":"http:\/\/tmp.warp-poligon.info\/si\/#\/schema\/person\/6676f710a91979474558fea82bc41a0a","name":"edin.dji","image":{"@type":"ImageObject","inLanguage":"sl-SI","@id":"http:\/\/tmp.warp-poligon.info\/si\/#\/schema\/person\/image\/","url":"http:\/\/0.gravatar.com\/avatar\/6136fa88afb87b83090822617871c230?s=96&d=mm&r=g","contentUrl":"http:\/\/0.gravatar.com\/avatar\/6136fa88afb87b83090822617871c230?s=96&d=mm&r=g","caption":"edin.dji"},"url":"http:\/\/tmp.warp-poligon.info\/si\/author\/edin-dji\/"}]}},"_links":{"self":[{"href":"http:\/\/tmp.warp-poligon.info\/si\/wp-json\/wp\/v2\/posts\/308"}],"collection":[{"href":"http:\/\/tmp.warp-poligon.info\/si\/wp-json\/wp\/v2\/posts"}],"about":[{"href":"http:\/\/tmp.warp-poligon.info\/si\/wp-json\/wp\/v2\/types\/post"}],"author":[{"embeddable":true,"href":"http:\/\/tmp.warp-poligon.info\/si\/wp-json\/wp\/v2\/users\/1"}],"replies":[{"embeddable":true,"href":"http:\/\/tmp.warp-poligon.info\/si\/wp-json\/wp\/v2\/comments?post=308"}],"version-history":[{"count":5,"href":"http:\/\/tmp.warp-poligon.info\/si\/wp-json\/wp\/v2\/posts\/308\/revisions"}],"predecessor-version":[{"id":317,"href":"http:\/\/tmp.warp-poligon.info\/si\/wp-json\/wp\/v2\/posts\/308\/revisions\/317"}],"wp:featuredmedia":[{"embeddable":true,"href":"http:\/\/tmp.warp-poligon.info\/si\/wp-json\/wp\/v2\/media\/310"}],"wp:attachment":[{"href":"http:\/\/tmp.warp-poligon.info\/si\/wp-json\/wp\/v2\/media?parent=308"}],"wp:term":[{"taxonomy":"category","embeddable":true,"href":"http:\/\/tmp.warp-poligon.info\/si\/wp-json\/wp\/v2\/categories?post=308"},{"taxonomy":"post_tag","embeddable":true,"href":"http:\/\/tmp.warp-poligon.info\/si\/wp-json\/wp\/v2\/tags?post=308"}],"curies":[{"name":"wp","href":"https:\/\/api.w.org\/{rel}","templated":true}]}}