{"id":319,"date":"2011-02-11T08:00:16","date_gmt":"2011-02-11T07:00:16","guid":{"rendered":"http:\/\/tmp.warp-poligon.info\/si\/?p=319"},"modified":"2014-03-31T21:55:11","modified_gmt":"2014-03-31T19:55:11","slug":"slovenski-kulturni-praznik-zagrebsko-lutkovno-gledalisce","status":"publish","type":"post","link":"http:\/\/tmp.warp-poligon.info\/si\/slovenski-kulturni-praznik-zagrebsko-lutkovno-gledalisce\/","title":{"rendered":"Slovenski kulturni praznik, Zagreb\u0161ko lutkovno gledali\u0161\u010de"},"content":{"rendered":"<p>Ob slovenskem kulturnem prazniku je bila sve\u010dano predstavljena dolgo pri\u010dakovana monografija Slovenski umetniki na hrva\u0161kih odrih. Napisali so jo Branko He\u0107imovi\u0107, Marija Barbieri in Henrik Neubauer.<\/p>\n<p>Predsednik Slovenskega doma, Zagreb in SSNM MZ Darko \u0160onc je v nagovoru ponosno poudaril, da se je monografija dolgo rojevala in da je rezultat ve\u010dletnega znanstvenega dela vrhunskih poznavalcev dramske, operne in baletne umetnosti.<\/p>\n<p>Marija Barbieri je obdelala ustvarjanje slovenskih umetnikov v hrva\u0161ki operni umetnosti, Branko He\u0107imovi\u0107 v dramski umetnosti in Henrik Neubauer v baletni umetnosti. V izjemno zanimivem in pou\u010dnem pogovoru z avtorji, ki ga je vodila novinarka Ilinka Todorovski, so bili prikazani Slovenci, ki so ustvarjali na Hrva\u0161kem in pustili sledi tudi v dana\u0161nji hrva\u0161ki kulturi.<\/p>\n<div id=\"attachment_321\" style=\"width: 480px\" class=\"wp-caption aligncenter\"><img decoding=\"async\" aria-describedby=\"caption-attachment-321\" class=\"size-full wp-image-321\" alt=\"Pogovor z avtorji monografije: Henrik Neubauer, Marija Barbieri, Branko He\u0107imovi\u0107 in novinarka Ilinka Todorovski (od leve proti desni). Foto: a.k.m.\" src=\"http:\/\/tmp.warp-poligon.info\/si\/wp-content\/uploads\/sites\/2\/2014\/03\/Avtorji_monografije.jpg\" width=\"470\" height=\"353\" srcset=\"http:\/\/tmp.warp-poligon.info\/si\/wp-content\/uploads\/sites\/2\/2014\/03\/Avtorji_monografije-300x225.jpg 300w, http:\/\/tmp.warp-poligon.info\/si\/wp-content\/uploads\/sites\/2\/2014\/03\/Avtorji_monografije.jpg 470w\" sizes=\"(max-width: 470px) 100vw, 470px\" \/><p id=\"caption-attachment-321\" class=\"wp-caption-text\">Pogovor z avtorji monografije: Henrik Neubauer, Marija Barbieri, Branko He\u0107imovi\u0107 in novinarka Ilinka Todorovski (od leve proti desni). Foto: a.k.m.<\/p><\/div>\n<p>[twocol_one]<\/p>\n<div id=\"attachment_324\" style=\"width: 230px\" class=\"wp-caption aligncenter\"><img decoding=\"async\" aria-describedby=\"caption-attachment-324\" class=\"size-full wp-image-324\" alt=\"Maribor\u010dan Josip Bobi Marotti - hrva\u0161ki gledali\u0161ki, televizijski in filmski igralec v dru\u017ebi \u010dlanic Slovenskega doma, Zagreb. Foto: a.k.m.\" src=\"http:\/\/tmp.warp-poligon.info\/si\/wp-content\/uploads\/sites\/2\/2014\/03\/Josip_Marotti.jpg\" width=\"220\" height=\"165\" \/><p id=\"caption-attachment-324\" class=\"wp-caption-text\">Maribor\u010dan Josip Bobi Marotti &#8211; hrva\u0161ki gledali\u0161ki, televizijski in filmski igralec v dru\u017ebi \u010dlanic Slovenskega doma, Zagreb. Foto: a.k.m.<\/p><\/div>\n<p>[\/twocol_one] [twocol_one_last]<\/p>\n<div id=\"attachment_323\" style=\"width: 230px\" class=\"wp-caption aligncenter\"><img decoding=\"async\" aria-describedby=\"caption-attachment-323\" class=\"size-full wp-image-323\" alt=\"Henrik Neubauer in Branko He\u0107imovi\u0107 (od leve proti desni). Foto: a.k.m.\" src=\"http:\/\/tmp.warp-poligon.info\/si\/wp-content\/uploads\/sites\/2\/2014\/03\/H.Neubauer_B.Hecimovic.jpg\" width=\"220\" height=\"293\" \/><p id=\"caption-attachment-323\" class=\"wp-caption-text\">Henrik Neubauer in Branko He\u0107imovi\u0107 (od leve proti desni). Foto: a.k.m.<\/p><\/div>\n<p>[\/twocol_one_last]<\/p>\n<p>Z izvrstno glasbeno monokomedijo Od ti\u0161ine do glasbe se je predstavil mladi slovenski dramski igralec in pianist Jure Ivanu\u0161i\u010d. Navdu\u0161eno ob\u010dinstvo v nabito polni dvorani Zagreb\u0161kega lutkovnega gledali\u0161\u010da je popeljal skozi celotno zgodovino glasbe.<\/p>\n<p>[twocol_one]<\/p>\n<div id=\"attachment_326\" style=\"width: 230px\" class=\"wp-caption aligncenter\"><img decoding=\"async\" aria-describedby=\"caption-attachment-326\" class=\"size-full wp-image-326\" alt=\"Dramski igralec Jure Ivanu\u0161i\u010d v monokomediji Od ti\u0161ine do glasbe. Foto: a.k.m.\" src=\"http:\/\/tmp.warp-poligon.info\/si\/wp-content\/uploads\/sites\/2\/2014\/03\/Jure_Ivanusic.jpg\" width=\"220\" height=\"165\" \/><p id=\"caption-attachment-326\" class=\"wp-caption-text\">Dramski igralec Jure Ivanu\u0161i\u010d v monokomediji Od ti\u0161ine do glasbe. Foto: a.k.m.<\/p><\/div>\n<p>[\/twocol_one] [twocol_one_last]<\/p>\n<div id=\"attachment_325\" style=\"width: 230px\" class=\"wp-caption aligncenter\"><img decoding=\"async\" aria-describedby=\"caption-attachment-325\" class=\"size-full wp-image-325\" alt=\"Dramski igralec Jure Ivanu\u0161i\u010d v monokomediji Od ti\u0161ine do glasbe. Foto: a.k.m.\" src=\"http:\/\/tmp.warp-poligon.info\/si\/wp-content\/uploads\/sites\/2\/2014\/03\/Jure_Ivanusic2.jpg\" width=\"220\" height=\"293\" \/><p id=\"caption-attachment-325\" class=\"wp-caption-text\">Dramski igralec Jure Ivanu\u0161i\u010d v monokomediji Od ti\u0161ine do glasbe. Foto: a.k.m.<\/p><\/div>\n<p>[\/twocol_one_last]<\/p>\n<p>Kulturnega praznika, ki sta ga organizirala Slovenski dom in SSNM MZ so se udele\u017eili minister za Slovence v zamejstvu in po svetu dr. Bo\u0161tjan \u017dek\u0161 s sodelavko Jernejo \u010celofigo, predsednik parlamentarne komisije za odnose s Slovenci v zamejstvu in po svetu Miro Petek, slovenski veleposlanik na Hrva\u0161kem Vojko Volk s sodelavci, predsednik Sveta za nacionalne manj\u0161ine Republike Hrva\u0161ke Aleksandar Tolnauer, predstojnik urada za nacionalne manj\u0161ine pri vladi Republike Hrva\u0161ke Branko So\u010danac, odposlanka zagreb\u0161kega \u017eupana Elizabeta Knorr, predstavniki drugih nacionalnih manj\u0161in, \u0161tevilni \u010dlani Slovenskega doma in znane osebe iz hrva\u0161kega kulturnega \u017eivljenja. (a.k.m.)<\/p>\n<p>[twocol_one]<\/p>\n<div id=\"attachment_322\" style=\"width: 230px\" class=\"wp-caption aligncenter\"><img decoding=\"async\" aria-describedby=\"caption-attachment-322\" class=\"size-full wp-image-322\" alt=\"Minister za Slovence v zamejstvu in po svetu dr. Bo\u0161tjan \u017dek\u0161 in predsednik Slovenskega doma in SSNM MZ Darko \u0160onc (od leve proti desni). Foto: a.k.m.\" src=\"http:\/\/tmp.warp-poligon.info\/si\/wp-content\/uploads\/sites\/2\/2014\/03\/B.Zeks_D.Sonc_.jpg\" width=\"220\" height=\"165\" \/><p id=\"caption-attachment-322\" class=\"wp-caption-text\">Minister za Slovence v zamejstvu in po svetu dr. Bo\u0161tjan \u017dek\u0161 in predsednik Slovenskega doma in SSNM MZ Darko \u0160onc (od leve proti desni). Foto: a.k.m.<\/p><\/div>\n<p>[\/twocol_one] [twocol_one_last]<\/p>\n<div id=\"attachment_320\" style=\"width: 230px\" class=\"wp-caption aligncenter\"><img decoding=\"async\" aria-describedby=\"caption-attachment-320\" class=\"size-full wp-image-320\" alt=\"Slovenski veleposlanik na Hrva\u0161kem Vojko Volk in predsednik parlamentarne komisije za odnose s Slovenci v zamejstvu in po svetu Miro Petek (od leve proti desni). Foto: a.k.m.\" src=\"http:\/\/tmp.warp-poligon.info\/si\/wp-content\/uploads\/sites\/2\/2014\/03\/V.Volk_M.Petek_.jpg\" width=\"220\" height=\"165\" \/><p id=\"caption-attachment-320\" class=\"wp-caption-text\">Slovenski veleposlanik na Hrva\u0161kem Vojko Volk in predsednik parlamentarne komisije za odnose s Slovenci v zamejstvu in po svetu Miro Petek (od leve proti desni). Foto: a.k.m.<\/p><\/div>\n<p>[\/twocol_one_last]<\/p>\n","protected":false},"excerpt":{"rendered":"<p>Ob slovenskem kulturnem prazniku je bila sve\u010dano predstavljena dolgo pri\u010dakovana monografija Slovenski umetniki na hrva\u0161kih odrih. Napisali so jo Branko He\u0107imovi\u0107, Marija Barbieri in Henrik Neubauer. Predsednik Slovenskega doma, Zagreb in SSNM MZ Darko \u0160onc je v nagovoru ponosno poudaril, da se je monografija dolgo rojevala in da je rezultat ve\u010dletnega znanstvenega dela vrhunskih poznavalcev [&hellip;]<\/p>\n","protected":false},"author":1,"featured_media":331,"comment_status":"closed","ping_status":"open","sticky":false,"template":"","format":"standard","meta":{"footnotes":""},"categories":[5],"tags":[],"yoast_head":"<!-- This site is optimized with the Yoast SEO plugin v21.9.1 - https:\/\/yoast.com\/wordpress\/plugins\/seo\/ -->\n<title>Slovenski kulturni praznik, Zagreb\u0161ko lutkovno gledali\u0161\u010de | Slovenski dom in Svet slovenske nacionalne manj\u0161ine Mesta Zagreb<\/title>\n<meta name=\"robots\" content=\"index, follow, max-snippet:-1, max-image-preview:large, max-video-preview:-1\" \/>\n<link rel=\"canonical\" href=\"http:\/\/tmp.warp-poligon.info\/si\/slovenski-kulturni-praznik-zagrebsko-lutkovno-gledalisce\/\" \/>\n<meta property=\"og:locale\" content=\"sl_SI\" \/>\n<meta property=\"og:type\" content=\"article\" \/>\n<meta property=\"og:title\" content=\"Slovenski kulturni praznik, Zagreb\u0161ko lutkovno gledali\u0161\u010de | Slovenski dom in Svet slovenske nacionalne manj\u0161ine Mesta Zagreb\" \/>\n<meta property=\"og:description\" content=\"Ob slovenskem kulturnem prazniku je bila sve\u010dano predstavljena dolgo pri\u010dakovana monografija Slovenski umetniki na hrva\u0161kih odrih. Napisali so jo Branko He\u0107imovi\u0107, Marija Barbieri in Henrik Neubauer. Predsednik Slovenskega doma, Zagreb in SSNM MZ Darko \u0160onc je v nagovoru ponosno poudaril, da se je monografija dolgo rojevala in da je rezultat ve\u010dletnega znanstvenega dela vrhunskih poznavalcev [&hellip;]\" \/>\n<meta property=\"og:url\" content=\"http:\/\/tmp.warp-poligon.info\/si\/slovenski-kulturni-praznik-zagrebsko-lutkovno-gledalisce\/\" \/>\n<meta property=\"og:site_name\" content=\"Slovenski dom in Svet slovenske nacionalne manj\u0161ine Mesta Zagreb\" \/>\n<meta property=\"article:published_time\" content=\"2011-02-11T07:00:16+00:00\" \/>\n<meta property=\"article:modified_time\" content=\"2014-03-31T19:55:11+00:00\" \/>\n<meta property=\"og:image\" content=\"http:\/\/tmp.warp-poligon.info\/si\/wp-content\/uploads\/sites\/2\/2011\/02\/dr.France_Preseren.jpg\" \/>\n\t<meta property=\"og:image:width\" content=\"295\" \/>\n\t<meta property=\"og:image:height\" content=\"325\" \/>\n\t<meta property=\"og:image:type\" content=\"image\/jpeg\" \/>\n<meta name=\"author\" content=\"edin.dji\" \/>\n<meta name=\"twitter:label1\" content=\"Written by\" \/>\n\t<meta name=\"twitter:data1\" content=\"edin.dji\" \/>\n\t<meta name=\"twitter:label2\" content=\"Est. reading time\" \/>\n\t<meta name=\"twitter:data2\" content=\"3 minute\" \/>\n<script type=\"application\/ld+json\" class=\"yoast-schema-graph\">{\"@context\":\"https:\/\/schema.org\",\"@graph\":[{\"@type\":\"WebPage\",\"@id\":\"http:\/\/tmp.warp-poligon.info\/si\/slovenski-kulturni-praznik-zagrebsko-lutkovno-gledalisce\/\",\"url\":\"http:\/\/tmp.warp-poligon.info\/si\/slovenski-kulturni-praznik-zagrebsko-lutkovno-gledalisce\/\",\"name\":\"Slovenski kulturni praznik, Zagreb\u0161ko lutkovno gledali\u0161\u010de | Slovenski dom in Svet slovenske nacionalne manj\u0161ine Mesta Zagreb\",\"isPartOf\":{\"@id\":\"http:\/\/tmp.warp-poligon.info\/si\/#website\"},\"datePublished\":\"2011-02-11T07:00:16+00:00\",\"dateModified\":\"2014-03-31T19:55:11+00:00\",\"author\":{\"@id\":\"http:\/\/tmp.warp-poligon.info\/si\/#\/schema\/person\/6676f710a91979474558fea82bc41a0a\"},\"breadcrumb\":{\"@id\":\"http:\/\/tmp.warp-poligon.info\/si\/slovenski-kulturni-praznik-zagrebsko-lutkovno-gledalisce\/#breadcrumb\"},\"inLanguage\":\"sl-SI\",\"potentialAction\":[{\"@type\":\"ReadAction\",\"target\":[\"http:\/\/tmp.warp-poligon.info\/si\/slovenski-kulturni-praznik-zagrebsko-lutkovno-gledalisce\/\"]}]},{\"@type\":\"BreadcrumbList\",\"@id\":\"http:\/\/tmp.warp-poligon.info\/si\/slovenski-kulturni-praznik-zagrebsko-lutkovno-gledalisce\/#breadcrumb\",\"itemListElement\":[{\"@type\":\"ListItem\",\"position\":1,\"name\":\"Home\",\"item\":\"http:\/\/tmp.warp-poligon.info\/si\/\"},{\"@type\":\"ListItem\",\"position\":2,\"name\":\"Slovenski kulturni praznik, Zagreb\u0161ko lutkovno gledali\u0161\u010de\"}]},{\"@type\":\"WebSite\",\"@id\":\"http:\/\/tmp.warp-poligon.info\/si\/#website\",\"url\":\"http:\/\/tmp.warp-poligon.info\/si\/\",\"name\":\"Slovenski dom in Svet slovenske nacionalne manj\u0161ine Mesta Zagreb\",\"description\":\"\",\"potentialAction\":[{\"@type\":\"SearchAction\",\"target\":{\"@type\":\"EntryPoint\",\"urlTemplate\":\"http:\/\/tmp.warp-poligon.info\/si\/?s={search_term_string}\"},\"query-input\":\"required name=search_term_string\"}],\"inLanguage\":\"sl-SI\"},{\"@type\":\"Person\",\"@id\":\"http:\/\/tmp.warp-poligon.info\/si\/#\/schema\/person\/6676f710a91979474558fea82bc41a0a\",\"name\":\"edin.dji\",\"image\":{\"@type\":\"ImageObject\",\"inLanguage\":\"sl-SI\",\"@id\":\"http:\/\/tmp.warp-poligon.info\/si\/#\/schema\/person\/image\/\",\"url\":\"http:\/\/0.gravatar.com\/avatar\/6136fa88afb87b83090822617871c230?s=96&d=mm&r=g\",\"contentUrl\":\"http:\/\/0.gravatar.com\/avatar\/6136fa88afb87b83090822617871c230?s=96&d=mm&r=g\",\"caption\":\"edin.dji\"},\"url\":\"http:\/\/tmp.warp-poligon.info\/si\/author\/edin-dji\/\"}]}<\/script>\n<!-- \/ Yoast SEO plugin. -->","yoast_head_json":{"title":"Slovenski kulturni praznik, Zagreb\u0161ko lutkovno gledali\u0161\u010de | Slovenski dom in Svet slovenske nacionalne manj\u0161ine Mesta Zagreb","robots":{"index":"index","follow":"follow","max-snippet":"max-snippet:-1","max-image-preview":"max-image-preview:large","max-video-preview":"max-video-preview:-1"},"canonical":"http:\/\/tmp.warp-poligon.info\/si\/slovenski-kulturni-praznik-zagrebsko-lutkovno-gledalisce\/","og_locale":"sl_SI","og_type":"article","og_title":"Slovenski kulturni praznik, Zagreb\u0161ko lutkovno gledali\u0161\u010de | Slovenski dom in Svet slovenske nacionalne manj\u0161ine Mesta Zagreb","og_description":"Ob slovenskem kulturnem prazniku je bila sve\u010dano predstavljena dolgo pri\u010dakovana monografija Slovenski umetniki na hrva\u0161kih odrih. Napisali so jo Branko He\u0107imovi\u0107, Marija Barbieri in Henrik Neubauer. Predsednik Slovenskega doma, Zagreb in SSNM MZ Darko \u0160onc je v nagovoru ponosno poudaril, da se je monografija dolgo rojevala in da je rezultat ve\u010dletnega znanstvenega dela vrhunskih poznavalcev [&hellip;]","og_url":"http:\/\/tmp.warp-poligon.info\/si\/slovenski-kulturni-praznik-zagrebsko-lutkovno-gledalisce\/","og_site_name":"Slovenski dom in Svet slovenske nacionalne manj\u0161ine Mesta Zagreb","article_published_time":"2011-02-11T07:00:16+00:00","article_modified_time":"2014-03-31T19:55:11+00:00","og_image":[{"width":295,"height":325,"url":"http:\/\/tmp.warp-poligon.info\/si\/wp-content\/uploads\/sites\/2\/2011\/02\/dr.France_Preseren.jpg","type":"image\/jpeg"}],"author":"edin.dji","twitter_misc":{"Written by":"edin.dji","Est. reading time":"3 minute"},"schema":{"@context":"https:\/\/schema.org","@graph":[{"@type":"WebPage","@id":"http:\/\/tmp.warp-poligon.info\/si\/slovenski-kulturni-praznik-zagrebsko-lutkovno-gledalisce\/","url":"http:\/\/tmp.warp-poligon.info\/si\/slovenski-kulturni-praznik-zagrebsko-lutkovno-gledalisce\/","name":"Slovenski kulturni praznik, Zagreb\u0161ko lutkovno gledali\u0161\u010de | Slovenski dom in Svet slovenske nacionalne manj\u0161ine Mesta Zagreb","isPartOf":{"@id":"http:\/\/tmp.warp-poligon.info\/si\/#website"},"datePublished":"2011-02-11T07:00:16+00:00","dateModified":"2014-03-31T19:55:11+00:00","author":{"@id":"http:\/\/tmp.warp-poligon.info\/si\/#\/schema\/person\/6676f710a91979474558fea82bc41a0a"},"breadcrumb":{"@id":"http:\/\/tmp.warp-poligon.info\/si\/slovenski-kulturni-praznik-zagrebsko-lutkovno-gledalisce\/#breadcrumb"},"inLanguage":"sl-SI","potentialAction":[{"@type":"ReadAction","target":["http:\/\/tmp.warp-poligon.info\/si\/slovenski-kulturni-praznik-zagrebsko-lutkovno-gledalisce\/"]}]},{"@type":"BreadcrumbList","@id":"http:\/\/tmp.warp-poligon.info\/si\/slovenski-kulturni-praznik-zagrebsko-lutkovno-gledalisce\/#breadcrumb","itemListElement":[{"@type":"ListItem","position":1,"name":"Home","item":"http:\/\/tmp.warp-poligon.info\/si\/"},{"@type":"ListItem","position":2,"name":"Slovenski kulturni praznik, Zagreb\u0161ko lutkovno gledali\u0161\u010de"}]},{"@type":"WebSite","@id":"http:\/\/tmp.warp-poligon.info\/si\/#website","url":"http:\/\/tmp.warp-poligon.info\/si\/","name":"Slovenski dom in Svet slovenske nacionalne manj\u0161ine Mesta Zagreb","description":"","potentialAction":[{"@type":"SearchAction","target":{"@type":"EntryPoint","urlTemplate":"http:\/\/tmp.warp-poligon.info\/si\/?s={search_term_string}"},"query-input":"required name=search_term_string"}],"inLanguage":"sl-SI"},{"@type":"Person","@id":"http:\/\/tmp.warp-poligon.info\/si\/#\/schema\/person\/6676f710a91979474558fea82bc41a0a","name":"edin.dji","image":{"@type":"ImageObject","inLanguage":"sl-SI","@id":"http:\/\/tmp.warp-poligon.info\/si\/#\/schema\/person\/image\/","url":"http:\/\/0.gravatar.com\/avatar\/6136fa88afb87b83090822617871c230?s=96&d=mm&r=g","contentUrl":"http:\/\/0.gravatar.com\/avatar\/6136fa88afb87b83090822617871c230?s=96&d=mm&r=g","caption":"edin.dji"},"url":"http:\/\/tmp.warp-poligon.info\/si\/author\/edin-dji\/"}]}},"_links":{"self":[{"href":"http:\/\/tmp.warp-poligon.info\/si\/wp-json\/wp\/v2\/posts\/319"}],"collection":[{"href":"http:\/\/tmp.warp-poligon.info\/si\/wp-json\/wp\/v2\/posts"}],"about":[{"href":"http:\/\/tmp.warp-poligon.info\/si\/wp-json\/wp\/v2\/types\/post"}],"author":[{"embeddable":true,"href":"http:\/\/tmp.warp-poligon.info\/si\/wp-json\/wp\/v2\/users\/1"}],"replies":[{"embeddable":true,"href":"http:\/\/tmp.warp-poligon.info\/si\/wp-json\/wp\/v2\/comments?post=319"}],"version-history":[{"count":4,"href":"http:\/\/tmp.warp-poligon.info\/si\/wp-json\/wp\/v2\/posts\/319\/revisions"}],"predecessor-version":[{"id":330,"href":"http:\/\/tmp.warp-poligon.info\/si\/wp-json\/wp\/v2\/posts\/319\/revisions\/330"}],"wp:featuredmedia":[{"embeddable":true,"href":"http:\/\/tmp.warp-poligon.info\/si\/wp-json\/wp\/v2\/media\/331"}],"wp:attachment":[{"href":"http:\/\/tmp.warp-poligon.info\/si\/wp-json\/wp\/v2\/media?parent=319"}],"wp:term":[{"taxonomy":"category","embeddable":true,"href":"http:\/\/tmp.warp-poligon.info\/si\/wp-json\/wp\/v2\/categories?post=319"},{"taxonomy":"post_tag","embeddable":true,"href":"http:\/\/tmp.warp-poligon.info\/si\/wp-json\/wp\/v2\/tags?post=319"}],"curies":[{"name":"wp","href":"https:\/\/api.w.org\/{rel}","templated":true}]}}