{"id":3388,"date":"2018-11-22T12:17:44","date_gmt":"2018-11-22T11:17:44","guid":{"rendered":"http:\/\/tmp.warp-poligon.info\/si\/?p=3388"},"modified":"2018-11-22T13:22:31","modified_gmt":"2018-11-22T12:22:31","slug":"28-11-2018-ob-19-uri-razstava-fotografij-stanka-vrtovca-slovenski-dom-masarykova131-zagreb","status":"publish","type":"post","link":"http:\/\/tmp.warp-poligon.info\/si\/28-11-2018-ob-19-uri-razstava-fotografij-stanka-vrtovca-slovenski-dom-masarykova131-zagreb\/","title":{"rendered":"28.11.2018 ob 19. uri: razstava fotografij Stanka Vrtovca. Slovenski dom, Masarykova13\/1, Zagreb"},"content":{"rendered":"<p><span lang=\"sl\">Na razstavi bojo v sodelovanju z Moderno galerijo razstavljene fotografije Stanka Vrtovca, ki jih je njegov brat Sa\u0161a Vrtovec podaril Moderni galeriji.<\/span><\/p>\n<p><em>\u00bbStanko ni bil le izjemen \u010dlovek in nenavadna pojava, ampak tudi klju\u010d za razumevanje sodobne hrva\u0161ke fotografije,\u00ab <\/em>so besede, s katerimi je Ivan Posavec, eden najbolj\u0161ih sodobnih hrva\u0161kih fotografov, na kratko opisal svojega prijatelja Stanka Vrtovca, samozatajevanega in tihega \u010dloveka, ki se je pred letom dni \u00bbposlovil\u00ab enako tiho, kot je \u017eivel. (Iz predgovora kataloga razstave)<\/p>\n<p><strong><a href=\"http:\/\/tmp.warp-poligon.info\/si\/wp-content\/uploads\/sites\/2\/2018\/11\/Vabilo-Stanko-Vrtovec.pdf\">Vabilo Stanko Vrtovec<\/a><\/strong>\u00a0(701 KB pdf).<\/p>\n","protected":false},"excerpt":{"rendered":"<p>Na razstavi bojo v sodelovanju z Moderno galerijo razstavljene fotografije Stanka Vrtovca, ki jih je njegov brat Sa\u0161a Vrtovec podaril Moderni galeriji. \u00bbStanko ni bil le izjemen \u010dlovek in nenavadna pojava, ampak tudi klju\u010d za razumevanje sodobne hrva\u0161ke fotografije,\u00ab so besede, s katerimi je Ivan Posavec, eden najbolj\u0161ih sodobnih hrva\u0161kih fotografov, na kratko opisal svojega [&hellip;]<\/p>\n","protected":false},"author":3,"featured_media":0,"comment_status":"closed","ping_status":"open","sticky":false,"template":"","format":"standard","meta":{"footnotes":""},"categories":[3],"tags":[],"yoast_head":"<!-- This site is optimized with the Yoast SEO plugin v21.9.1 - https:\/\/yoast.com\/wordpress\/plugins\/seo\/ -->\n<title>28.11.2018 ob 19. uri: razstava fotografij Stanka Vrtovca. Slovenski dom, Masarykova13\/1, Zagreb | Slovenski dom in Svet slovenske nacionalne manj\u0161ine Mesta Zagreb<\/title>\n<meta name=\"robots\" content=\"index, follow, max-snippet:-1, max-image-preview:large, max-video-preview:-1\" \/>\n<link rel=\"canonical\" href=\"http:\/\/tmp.warp-poligon.info\/si\/28-11-2018-ob-19-uri-razstava-fotografij-stanka-vrtovca-slovenski-dom-masarykova131-zagreb\/\" \/>\n<meta property=\"og:locale\" content=\"sl_SI\" \/>\n<meta property=\"og:type\" content=\"article\" \/>\n<meta property=\"og:title\" content=\"28.11.2018 ob 19. uri: razstava fotografij Stanka Vrtovca. Slovenski dom, Masarykova13\/1, Zagreb | Slovenski dom in Svet slovenske nacionalne manj\u0161ine Mesta Zagreb\" \/>\n<meta property=\"og:description\" content=\"Na razstavi bojo v sodelovanju z Moderno galerijo razstavljene fotografije Stanka Vrtovca, ki jih je njegov brat Sa\u0161a Vrtovec podaril Moderni galeriji. \u00bbStanko ni bil le izjemen \u010dlovek in nenavadna pojava, ampak tudi klju\u010d za razumevanje sodobne hrva\u0161ke fotografije,\u00ab so besede, s katerimi je Ivan Posavec, eden najbolj\u0161ih sodobnih hrva\u0161kih fotografov, na kratko opisal svojega [&hellip;]\" \/>\n<meta property=\"og:url\" content=\"http:\/\/tmp.warp-poligon.info\/si\/28-11-2018-ob-19-uri-razstava-fotografij-stanka-vrtovca-slovenski-dom-masarykova131-zagreb\/\" \/>\n<meta property=\"og:site_name\" content=\"Slovenski dom in Svet slovenske nacionalne manj\u0161ine Mesta Zagreb\" \/>\n<meta property=\"article:published_time\" content=\"2018-11-22T11:17:44+00:00\" \/>\n<meta property=\"article:modified_time\" content=\"2018-11-22T12:22:31+00:00\" \/>\n<meta name=\"author\" content=\"agata\" \/>\n<meta name=\"twitter:label1\" content=\"Written by\" \/>\n\t<meta name=\"twitter:data1\" content=\"agata\" \/>\n<script type=\"application\/ld+json\" class=\"yoast-schema-graph\">{\"@context\":\"https:\/\/schema.org\",\"@graph\":[{\"@type\":\"WebPage\",\"@id\":\"http:\/\/tmp.warp-poligon.info\/si\/28-11-2018-ob-19-uri-razstava-fotografij-stanka-vrtovca-slovenski-dom-masarykova131-zagreb\/\",\"url\":\"http:\/\/tmp.warp-poligon.info\/si\/28-11-2018-ob-19-uri-razstava-fotografij-stanka-vrtovca-slovenski-dom-masarykova131-zagreb\/\",\"name\":\"28.11.2018 ob 19. uri: razstava fotografij Stanka Vrtovca. Slovenski dom, Masarykova13\/1, Zagreb | Slovenski dom in Svet slovenske nacionalne manj\u0161ine Mesta Zagreb\",\"isPartOf\":{\"@id\":\"http:\/\/tmp.warp-poligon.info\/si\/#website\"},\"datePublished\":\"2018-11-22T11:17:44+00:00\",\"dateModified\":\"2018-11-22T12:22:31+00:00\",\"author\":{\"@id\":\"http:\/\/tmp.warp-poligon.info\/si\/#\/schema\/person\/a34ecc40aa73e6dd78780facef777d32\"},\"breadcrumb\":{\"@id\":\"http:\/\/tmp.warp-poligon.info\/si\/28-11-2018-ob-19-uri-razstava-fotografij-stanka-vrtovca-slovenski-dom-masarykova131-zagreb\/#breadcrumb\"},\"inLanguage\":\"sl-SI\",\"potentialAction\":[{\"@type\":\"ReadAction\",\"target\":[\"http:\/\/tmp.warp-poligon.info\/si\/28-11-2018-ob-19-uri-razstava-fotografij-stanka-vrtovca-slovenski-dom-masarykova131-zagreb\/\"]}]},{\"@type\":\"BreadcrumbList\",\"@id\":\"http:\/\/tmp.warp-poligon.info\/si\/28-11-2018-ob-19-uri-razstava-fotografij-stanka-vrtovca-slovenski-dom-masarykova131-zagreb\/#breadcrumb\",\"itemListElement\":[{\"@type\":\"ListItem\",\"position\":1,\"name\":\"Home\",\"item\":\"http:\/\/tmp.warp-poligon.info\/si\/\"},{\"@type\":\"ListItem\",\"position\":2,\"name\":\"28.11.2018 ob 19. uri: razstava fotografij Stanka Vrtovca. Slovenski dom, Masarykova13\/1, Zagreb\"}]},{\"@type\":\"WebSite\",\"@id\":\"http:\/\/tmp.warp-poligon.info\/si\/#website\",\"url\":\"http:\/\/tmp.warp-poligon.info\/si\/\",\"name\":\"Slovenski dom in Svet slovenske nacionalne manj\u0161ine Mesta Zagreb\",\"description\":\"\",\"potentialAction\":[{\"@type\":\"SearchAction\",\"target\":{\"@type\":\"EntryPoint\",\"urlTemplate\":\"http:\/\/tmp.warp-poligon.info\/si\/?s={search_term_string}\"},\"query-input\":\"required name=search_term_string\"}],\"inLanguage\":\"sl-SI\"},{\"@type\":\"Person\",\"@id\":\"http:\/\/tmp.warp-poligon.info\/si\/#\/schema\/person\/a34ecc40aa73e6dd78780facef777d32\",\"name\":\"agata\",\"image\":{\"@type\":\"ImageObject\",\"inLanguage\":\"sl-SI\",\"@id\":\"http:\/\/tmp.warp-poligon.info\/si\/#\/schema\/person\/image\/\",\"url\":\"http:\/\/1.gravatar.com\/avatar\/42c070b2dbf14a48e0639733f946c907?s=96&d=mm&r=g\",\"contentUrl\":\"http:\/\/1.gravatar.com\/avatar\/42c070b2dbf14a48e0639733f946c907?s=96&d=mm&r=g\",\"caption\":\"agata\"},\"url\":\"http:\/\/tmp.warp-poligon.info\/si\/author\/agata\/\"}]}<\/script>\n<!-- \/ Yoast SEO plugin. -->","yoast_head_json":{"title":"28.11.2018 ob 19. uri: razstava fotografij Stanka Vrtovca. Slovenski dom, Masarykova13\/1, Zagreb | Slovenski dom in Svet slovenske nacionalne manj\u0161ine Mesta Zagreb","robots":{"index":"index","follow":"follow","max-snippet":"max-snippet:-1","max-image-preview":"max-image-preview:large","max-video-preview":"max-video-preview:-1"},"canonical":"http:\/\/tmp.warp-poligon.info\/si\/28-11-2018-ob-19-uri-razstava-fotografij-stanka-vrtovca-slovenski-dom-masarykova131-zagreb\/","og_locale":"sl_SI","og_type":"article","og_title":"28.11.2018 ob 19. uri: razstava fotografij Stanka Vrtovca. Slovenski dom, Masarykova13\/1, Zagreb | Slovenski dom in Svet slovenske nacionalne manj\u0161ine Mesta Zagreb","og_description":"Na razstavi bojo v sodelovanju z Moderno galerijo razstavljene fotografije Stanka Vrtovca, ki jih je njegov brat Sa\u0161a Vrtovec podaril Moderni galeriji. \u00bbStanko ni bil le izjemen \u010dlovek in nenavadna pojava, ampak tudi klju\u010d za razumevanje sodobne hrva\u0161ke fotografije,\u00ab so besede, s katerimi je Ivan Posavec, eden najbolj\u0161ih sodobnih hrva\u0161kih fotografov, na kratko opisal svojega [&hellip;]","og_url":"http:\/\/tmp.warp-poligon.info\/si\/28-11-2018-ob-19-uri-razstava-fotografij-stanka-vrtovca-slovenski-dom-masarykova131-zagreb\/","og_site_name":"Slovenski dom in Svet slovenske nacionalne manj\u0161ine Mesta Zagreb","article_published_time":"2018-11-22T11:17:44+00:00","article_modified_time":"2018-11-22T12:22:31+00:00","author":"agata","twitter_misc":{"Written by":"agata"},"schema":{"@context":"https:\/\/schema.org","@graph":[{"@type":"WebPage","@id":"http:\/\/tmp.warp-poligon.info\/si\/28-11-2018-ob-19-uri-razstava-fotografij-stanka-vrtovca-slovenski-dom-masarykova131-zagreb\/","url":"http:\/\/tmp.warp-poligon.info\/si\/28-11-2018-ob-19-uri-razstava-fotografij-stanka-vrtovca-slovenski-dom-masarykova131-zagreb\/","name":"28.11.2018 ob 19. uri: razstava fotografij Stanka Vrtovca. Slovenski dom, Masarykova13\/1, Zagreb | Slovenski dom in Svet slovenske nacionalne manj\u0161ine Mesta Zagreb","isPartOf":{"@id":"http:\/\/tmp.warp-poligon.info\/si\/#website"},"datePublished":"2018-11-22T11:17:44+00:00","dateModified":"2018-11-22T12:22:31+00:00","author":{"@id":"http:\/\/tmp.warp-poligon.info\/si\/#\/schema\/person\/a34ecc40aa73e6dd78780facef777d32"},"breadcrumb":{"@id":"http:\/\/tmp.warp-poligon.info\/si\/28-11-2018-ob-19-uri-razstava-fotografij-stanka-vrtovca-slovenski-dom-masarykova131-zagreb\/#breadcrumb"},"inLanguage":"sl-SI","potentialAction":[{"@type":"ReadAction","target":["http:\/\/tmp.warp-poligon.info\/si\/28-11-2018-ob-19-uri-razstava-fotografij-stanka-vrtovca-slovenski-dom-masarykova131-zagreb\/"]}]},{"@type":"BreadcrumbList","@id":"http:\/\/tmp.warp-poligon.info\/si\/28-11-2018-ob-19-uri-razstava-fotografij-stanka-vrtovca-slovenski-dom-masarykova131-zagreb\/#breadcrumb","itemListElement":[{"@type":"ListItem","position":1,"name":"Home","item":"http:\/\/tmp.warp-poligon.info\/si\/"},{"@type":"ListItem","position":2,"name":"28.11.2018 ob 19. uri: razstava fotografij Stanka Vrtovca. Slovenski dom, Masarykova13\/1, Zagreb"}]},{"@type":"WebSite","@id":"http:\/\/tmp.warp-poligon.info\/si\/#website","url":"http:\/\/tmp.warp-poligon.info\/si\/","name":"Slovenski dom in Svet slovenske nacionalne manj\u0161ine Mesta Zagreb","description":"","potentialAction":[{"@type":"SearchAction","target":{"@type":"EntryPoint","urlTemplate":"http:\/\/tmp.warp-poligon.info\/si\/?s={search_term_string}"},"query-input":"required name=search_term_string"}],"inLanguage":"sl-SI"},{"@type":"Person","@id":"http:\/\/tmp.warp-poligon.info\/si\/#\/schema\/person\/a34ecc40aa73e6dd78780facef777d32","name":"agata","image":{"@type":"ImageObject","inLanguage":"sl-SI","@id":"http:\/\/tmp.warp-poligon.info\/si\/#\/schema\/person\/image\/","url":"http:\/\/1.gravatar.com\/avatar\/42c070b2dbf14a48e0639733f946c907?s=96&d=mm&r=g","contentUrl":"http:\/\/1.gravatar.com\/avatar\/42c070b2dbf14a48e0639733f946c907?s=96&d=mm&r=g","caption":"agata"},"url":"http:\/\/tmp.warp-poligon.info\/si\/author\/agata\/"}]}},"_links":{"self":[{"href":"http:\/\/tmp.warp-poligon.info\/si\/wp-json\/wp\/v2\/posts\/3388"}],"collection":[{"href":"http:\/\/tmp.warp-poligon.info\/si\/wp-json\/wp\/v2\/posts"}],"about":[{"href":"http:\/\/tmp.warp-poligon.info\/si\/wp-json\/wp\/v2\/types\/post"}],"author":[{"embeddable":true,"href":"http:\/\/tmp.warp-poligon.info\/si\/wp-json\/wp\/v2\/users\/3"}],"replies":[{"embeddable":true,"href":"http:\/\/tmp.warp-poligon.info\/si\/wp-json\/wp\/v2\/comments?post=3388"}],"version-history":[{"count":4,"href":"http:\/\/tmp.warp-poligon.info\/si\/wp-json\/wp\/v2\/posts\/3388\/revisions"}],"predecessor-version":[{"id":3393,"href":"http:\/\/tmp.warp-poligon.info\/si\/wp-json\/wp\/v2\/posts\/3388\/revisions\/3393"}],"wp:attachment":[{"href":"http:\/\/tmp.warp-poligon.info\/si\/wp-json\/wp\/v2\/media?parent=3388"}],"wp:term":[{"taxonomy":"category","embeddable":true,"href":"http:\/\/tmp.warp-poligon.info\/si\/wp-json\/wp\/v2\/categories?post=3388"},{"taxonomy":"post_tag","embeddable":true,"href":"http:\/\/tmp.warp-poligon.info\/si\/wp-json\/wp\/v2\/tags?post=3388"}],"curies":[{"name":"wp","href":"https:\/\/api.w.org\/{rel}","templated":true}]}}