{"id":3437,"date":"2018-12-06T10:55:10","date_gmt":"2018-12-06T09:55:10","guid":{"rendered":"http:\/\/tmp.warp-poligon.info\/si\/?p=3437"},"modified":"2018-12-21T11:08:30","modified_gmt":"2018-12-21T10:08:30","slug":"ziva-poezija","status":"publish","type":"post","link":"http:\/\/tmp.warp-poligon.info\/si\/ziva-poezija\/","title":{"rendered":"\u017diva poezija"},"content":{"rendered":"<p>Zagreb &#8211;\u00a0V Slovenskem domu so se za\u010deli literarni ve\u010deri, katerih gostitelj je dramski umetnik, knji\u017eevnik in bard hrva\u0161ke poezije <strong>Enes Ki\u0161evi\u0107<\/strong>. V spro\u0161\u010denem vzdu\u0161ju bo v sodelovanju z zdru\u017eenjem <em>Ritam misli<\/em> iz Vara\u017edina za ljubitelje poezije in glasbe enkrat mese\u010dno predstavili avtorje iz Hrva\u0161ke in Slovenije. Tokratni voditelji so bili Enes Ki\u0161evi\u0107, <strong>Ljubica Ribi\u0107<\/strong> in <strong>Milan Novak<\/strong>, prvi gost pa knji\u017eevnik, kantavtor in glasbenik<strong> Bojan Sedmak<\/strong> iz Maribora.<\/p>\n<p>Danes je Slovenski dom obiskal tudi Miklav\u017e, ki je najmlaj\u0161im pripadnikom slovenske skupnosti delil darila, slovenska veleposlanica <strong>Smiljana Knez<\/strong> pa jim je brala slovenske pravljice. (akm)<\/p>\n<p>Ve\u010d v Novem odmevu 68.<\/p>\n<p>Foto: Nino Lah, Jana Kocbek<\/p>\n\n\t\t<style type=\"text\/css\">\n\t\t\t#gallery-1 {\n\t\t\t\tmargin: auto;\n\t\t\t}\n\t\t\t#gallery-1 .gallery-item {\n\t\t\t\tfloat: left;\n\t\t\t\tmargin-top: 10px;\n\t\t\t\ttext-align: center;\n\t\t\t\twidth: 33%;\n\t\t\t}\n\t\t\t#gallery-1 img {\n\t\t\t\tborder: 2px solid #cfcfcf;\n\t\t\t}\n\t\t\t#gallery-1 .gallery-caption {\n\t\t\t\tmargin-left: 0;\n\t\t\t}\n\t\t\t\/* see gallery_shortcode() in wp-includes\/media.php *\/\n\t\t<\/style>\n\t\t<div id='gallery-1' class='gallery galleryid-3437 gallery-columns-3 gallery-size-medium'><dl class='gallery-item'>\n\t\t\t<dt class='gallery-icon landscape'>\n\t\t\t\t<a href='http:\/\/tmp.warp-poligon.info\/si\/wp-content\/uploads\/sites\/2\/2018\/12\/Ziva-poezija2.jpg'><img decoding=\"async\" width=\"300\" height=\"200\" src=\"http:\/\/tmp.warp-poligon.info\/si\/wp-content\/uploads\/sites\/2\/2018\/12\/Ziva-poezija2-300x200.jpg\" class=\"attachment-medium size-medium\" alt=\"\" aria-describedby=\"gallery-1-3440\" srcset=\"http:\/\/tmp.warp-poligon.info\/si\/wp-content\/uploads\/sites\/2\/2018\/12\/Ziva-poezija2-200x133.jpg 200w, http:\/\/tmp.warp-poligon.info\/si\/wp-content\/uploads\/sites\/2\/2018\/12\/Ziva-poezija2-300x200.jpg 300w, http:\/\/tmp.warp-poligon.info\/si\/wp-content\/uploads\/sites\/2\/2018\/12\/Ziva-poezija2-400x267.jpg 400w, http:\/\/tmp.warp-poligon.info\/si\/wp-content\/uploads\/sites\/2\/2018\/12\/Ziva-poezija2-600x400.jpg 600w, http:\/\/tmp.warp-poligon.info\/si\/wp-content\/uploads\/sites\/2\/2018\/12\/Ziva-poezija2.jpg 700w\" sizes=\"(max-width: 300px) 100vw, 300px\" \/><\/a>\n\t\t\t<\/dt>\n\t\t\t\t<dd class='wp-caption-text gallery-caption' id='gallery-1-3440'>\n\t\t\t\tAja Ki\u0161evi\u0107, predsednik Slovenskega doma in SSNM MZ Darko \u0160onc, Ljubica Ribi\u0107 (z leve).\n\t\t\t\t<\/dd><\/dl><dl class='gallery-item'>\n\t\t\t<dt class='gallery-icon portrait'>\n\t\t\t\t<a href='http:\/\/tmp.warp-poligon.info\/si\/wp-content\/uploads\/sites\/2\/2018\/12\/Ziva-poezija5.jpg'><img decoding=\"async\" width=\"200\" height=\"300\" src=\"http:\/\/tmp.warp-poligon.info\/si\/wp-content\/uploads\/sites\/2\/2018\/12\/Ziva-poezija5-200x300.jpg\" class=\"attachment-medium size-medium\" alt=\"\" aria-describedby=\"gallery-1-3443\" srcset=\"http:\/\/tmp.warp-poligon.info\/si\/wp-content\/uploads\/sites\/2\/2018\/12\/Ziva-poezija5-200x300.jpg 200w, http:\/\/tmp.warp-poligon.info\/si\/wp-content\/uploads\/sites\/2\/2018\/12\/Ziva-poezija5-400x599.jpg 400w, http:\/\/tmp.warp-poligon.info\/si\/wp-content\/uploads\/sites\/2\/2018\/12\/Ziva-poezija5-600x899.jpg 600w, http:\/\/tmp.warp-poligon.info\/si\/wp-content\/uploads\/sites\/2\/2018\/12\/Ziva-poezija5-683x1024.jpg 683w, http:\/\/tmp.warp-poligon.info\/si\/wp-content\/uploads\/sites\/2\/2018\/12\/Ziva-poezija5.jpg 700w\" sizes=\"(max-width: 200px) 100vw, 200px\" \/><\/a>\n\t\t\t<\/dt>\n\t\t\t\t<dd class='wp-caption-text gallery-caption' id='gallery-1-3443'>\n\t\t\t\tEnes Ki\u0161evi\u0107\n\t\t\t\t<\/dd><\/dl><dl class='gallery-item'>\n\t\t\t<dt class='gallery-icon landscape'>\n\t\t\t\t<a href='http:\/\/tmp.warp-poligon.info\/si\/wp-content\/uploads\/sites\/2\/2018\/12\/Ziva-poezija3.jpg'><img decoding=\"async\" width=\"300\" height=\"200\" src=\"http:\/\/tmp.warp-poligon.info\/si\/wp-content\/uploads\/sites\/2\/2018\/12\/Ziva-poezija3-300x200.jpg\" class=\"attachment-medium size-medium\" alt=\"\" aria-describedby=\"gallery-1-3441\" srcset=\"http:\/\/tmp.warp-poligon.info\/si\/wp-content\/uploads\/sites\/2\/2018\/12\/Ziva-poezija3-200x133.jpg 200w, http:\/\/tmp.warp-poligon.info\/si\/wp-content\/uploads\/sites\/2\/2018\/12\/Ziva-poezija3-300x200.jpg 300w, http:\/\/tmp.warp-poligon.info\/si\/wp-content\/uploads\/sites\/2\/2018\/12\/Ziva-poezija3-400x267.jpg 400w, http:\/\/tmp.warp-poligon.info\/si\/wp-content\/uploads\/sites\/2\/2018\/12\/Ziva-poezija3-600x400.jpg 600w, http:\/\/tmp.warp-poligon.info\/si\/wp-content\/uploads\/sites\/2\/2018\/12\/Ziva-poezija3.jpg 700w\" sizes=\"(max-width: 300px) 100vw, 300px\" \/><\/a>\n\t\t\t<\/dt>\n\t\t\t\t<dd class='wp-caption-text gallery-caption' id='gallery-1-3441'>\n\t\t\t\tMilan Novak, Ljubica Ribi\u0107, Bojan Sedmak (z leve).\n\t\t\t\t<\/dd><\/dl><br style=\"clear: both\" \/><dl class='gallery-item'>\n\t\t\t<dt class='gallery-icon portrait'>\n\t\t\t\t<a href='http:\/\/tmp.warp-poligon.info\/si\/wp-content\/uploads\/sites\/2\/2018\/12\/Ziva-poezija6.jpg'><img decoding=\"async\" width=\"200\" height=\"300\" src=\"http:\/\/tmp.warp-poligon.info\/si\/wp-content\/uploads\/sites\/2\/2018\/12\/Ziva-poezija6-200x300.jpg\" class=\"attachment-medium size-medium\" alt=\"\" aria-describedby=\"gallery-1-3444\" srcset=\"http:\/\/tmp.warp-poligon.info\/si\/wp-content\/uploads\/sites\/2\/2018\/12\/Ziva-poezija6-200x300.jpg 200w, http:\/\/tmp.warp-poligon.info\/si\/wp-content\/uploads\/sites\/2\/2018\/12\/Ziva-poezija6-400x599.jpg 400w, http:\/\/tmp.warp-poligon.info\/si\/wp-content\/uploads\/sites\/2\/2018\/12\/Ziva-poezija6-600x899.jpg 600w, http:\/\/tmp.warp-poligon.info\/si\/wp-content\/uploads\/sites\/2\/2018\/12\/Ziva-poezija6-683x1024.jpg 683w, http:\/\/tmp.warp-poligon.info\/si\/wp-content\/uploads\/sites\/2\/2018\/12\/Ziva-poezija6.jpg 700w\" sizes=\"(max-width: 200px) 100vw, 200px\" \/><\/a>\n\t\t\t<\/dt>\n\t\t\t\t<dd class='wp-caption-text gallery-caption' id='gallery-1-3444'>\n\t\t\t\tBojan Sedmak\n\t\t\t\t<\/dd><\/dl><dl class='gallery-item'>\n\t\t\t<dt class='gallery-icon landscape'>\n\t\t\t\t<a href='http:\/\/tmp.warp-poligon.info\/si\/wp-content\/uploads\/sites\/2\/2018\/12\/Ziva-poezija4.jpg'><img decoding=\"async\" width=\"300\" height=\"200\" src=\"http:\/\/tmp.warp-poligon.info\/si\/wp-content\/uploads\/sites\/2\/2018\/12\/Ziva-poezija4-300x200.jpg\" class=\"attachment-medium size-medium\" alt=\"\" srcset=\"http:\/\/tmp.warp-poligon.info\/si\/wp-content\/uploads\/sites\/2\/2018\/12\/Ziva-poezija4-200x133.jpg 200w, http:\/\/tmp.warp-poligon.info\/si\/wp-content\/uploads\/sites\/2\/2018\/12\/Ziva-poezija4-300x200.jpg 300w, http:\/\/tmp.warp-poligon.info\/si\/wp-content\/uploads\/sites\/2\/2018\/12\/Ziva-poezija4-400x267.jpg 400w, http:\/\/tmp.warp-poligon.info\/si\/wp-content\/uploads\/sites\/2\/2018\/12\/Ziva-poezija4-600x400.jpg 600w, http:\/\/tmp.warp-poligon.info\/si\/wp-content\/uploads\/sites\/2\/2018\/12\/Ziva-poezija4.jpg 700w\" sizes=\"(max-width: 300px) 100vw, 300px\" \/><\/a>\n\t\t\t<\/dt><\/dl><dl class='gallery-item'>\n\t\t\t<dt class='gallery-icon portrait'>\n\t\t\t\t<a href='http:\/\/tmp.warp-poligon.info\/si\/wp-content\/uploads\/sites\/2\/2018\/12\/Miklavz.jpg'><img decoding=\"async\" width=\"225\" height=\"300\" src=\"http:\/\/tmp.warp-poligon.info\/si\/wp-content\/uploads\/sites\/2\/2018\/12\/Miklavz-225x300.jpg\" class=\"attachment-medium size-medium\" alt=\"\" srcset=\"http:\/\/tmp.warp-poligon.info\/si\/wp-content\/uploads\/sites\/2\/2018\/12\/Miklavz-200x267.jpg 200w, http:\/\/tmp.warp-poligon.info\/si\/wp-content\/uploads\/sites\/2\/2018\/12\/Miklavz-225x300.jpg 225w, http:\/\/tmp.warp-poligon.info\/si\/wp-content\/uploads\/sites\/2\/2018\/12\/Miklavz-400x533.jpg 400w, http:\/\/tmp.warp-poligon.info\/si\/wp-content\/uploads\/sites\/2\/2018\/12\/Miklavz-600x800.jpg 600w, http:\/\/tmp.warp-poligon.info\/si\/wp-content\/uploads\/sites\/2\/2018\/12\/Miklavz.jpg 700w\" sizes=\"(max-width: 225px) 100vw, 225px\" \/><\/a>\n\t\t\t<\/dt><\/dl><br style=\"clear: both\" \/>\n\t\t<\/div>\n\n","protected":false},"excerpt":{"rendered":"<p>Zagreb &#8211;\u00a0V Slovenskem domu so se za\u010deli literarni ve\u010deri, katerih gostitelj je dramski umetnik, knji\u017eevnik in bard hrva\u0161ke poezije Enes Ki\u0161evi\u0107. V spro\u0161\u010denem vzdu\u0161ju bo v sodelovanju z zdru\u017eenjem Ritam misli iz Vara\u017edina za ljubitelje poezije in glasbe enkrat mese\u010dno predstavili avtorje iz Hrva\u0161ke in Slovenije. Tokratni voditelji so bili Enes Ki\u0161evi\u0107, Ljubica Ribi\u0107 in [&hellip;]<\/p>\n","protected":false},"author":3,"featured_media":3438,"comment_status":"closed","ping_status":"open","sticky":false,"template":"","format":"standard","meta":{"footnotes":""},"categories":[5],"tags":[],"yoast_head":"<!-- This site is optimized with the Yoast SEO plugin v21.9.1 - https:\/\/yoast.com\/wordpress\/plugins\/seo\/ -->\n<title>\u017diva poezija | Slovenski dom in Svet slovenske nacionalne manj\u0161ine Mesta Zagreb<\/title>\n<meta name=\"robots\" content=\"index, follow, max-snippet:-1, max-image-preview:large, max-video-preview:-1\" \/>\n<link rel=\"canonical\" href=\"http:\/\/tmp.warp-poligon.info\/si\/ziva-poezija\/\" \/>\n<meta property=\"og:locale\" content=\"sl_SI\" \/>\n<meta property=\"og:type\" content=\"article\" \/>\n<meta property=\"og:title\" content=\"\u017diva poezija | Slovenski dom in Svet slovenske nacionalne manj\u0161ine Mesta Zagreb\" \/>\n<meta property=\"og:description\" content=\"Zagreb &#8211;\u00a0V Slovenskem domu so se za\u010deli literarni ve\u010deri, katerih gostitelj je dramski umetnik, knji\u017eevnik in bard hrva\u0161ke poezije Enes Ki\u0161evi\u0107. V spro\u0161\u010denem vzdu\u0161ju bo v sodelovanju z zdru\u017eenjem Ritam misli iz Vara\u017edina za ljubitelje poezije in glasbe enkrat mese\u010dno predstavili avtorje iz Hrva\u0161ke in Slovenije. Tokratni voditelji so bili Enes Ki\u0161evi\u0107, Ljubica Ribi\u0107 in [&hellip;]\" \/>\n<meta property=\"og:url\" content=\"http:\/\/tmp.warp-poligon.info\/si\/ziva-poezija\/\" \/>\n<meta property=\"og:site_name\" content=\"Slovenski dom in Svet slovenske nacionalne manj\u0161ine Mesta Zagreb\" \/>\n<meta property=\"article:published_time\" content=\"2018-12-06T09:55:10+00:00\" \/>\n<meta property=\"article:modified_time\" content=\"2018-12-21T10:08:30+00:00\" \/>\n<meta property=\"og:image\" content=\"http:\/\/tmp.warp-poligon.info\/si\/wp-content\/uploads\/sites\/2\/2018\/12\/Ziva-poezija_naslovnica.jpg\" \/>\n\t<meta property=\"og:image:width\" content=\"1780\" \/>\n\t<meta property=\"og:image:height\" content=\"831\" \/>\n\t<meta property=\"og:image:type\" content=\"image\/jpeg\" \/>\n<meta name=\"author\" content=\"agata\" \/>\n<meta name=\"twitter:label1\" content=\"Written by\" \/>\n\t<meta name=\"twitter:data1\" content=\"agata\" \/>\n\t<meta name=\"twitter:label2\" content=\"Est. reading time\" \/>\n\t<meta name=\"twitter:data2\" content=\"1 minuta\" \/>\n<script type=\"application\/ld+json\" class=\"yoast-schema-graph\">{\"@context\":\"https:\/\/schema.org\",\"@graph\":[{\"@type\":\"WebPage\",\"@id\":\"http:\/\/tmp.warp-poligon.info\/si\/ziva-poezija\/\",\"url\":\"http:\/\/tmp.warp-poligon.info\/si\/ziva-poezija\/\",\"name\":\"\u017diva poezija | Slovenski dom in Svet slovenske nacionalne manj\u0161ine Mesta Zagreb\",\"isPartOf\":{\"@id\":\"http:\/\/tmp.warp-poligon.info\/si\/#website\"},\"datePublished\":\"2018-12-06T09:55:10+00:00\",\"dateModified\":\"2018-12-21T10:08:30+00:00\",\"author\":{\"@id\":\"http:\/\/tmp.warp-poligon.info\/si\/#\/schema\/person\/a34ecc40aa73e6dd78780facef777d32\"},\"breadcrumb\":{\"@id\":\"http:\/\/tmp.warp-poligon.info\/si\/ziva-poezija\/#breadcrumb\"},\"inLanguage\":\"sl-SI\",\"potentialAction\":[{\"@type\":\"ReadAction\",\"target\":[\"http:\/\/tmp.warp-poligon.info\/si\/ziva-poezija\/\"]}]},{\"@type\":\"BreadcrumbList\",\"@id\":\"http:\/\/tmp.warp-poligon.info\/si\/ziva-poezija\/#breadcrumb\",\"itemListElement\":[{\"@type\":\"ListItem\",\"position\":1,\"name\":\"Home\",\"item\":\"http:\/\/tmp.warp-poligon.info\/si\/\"},{\"@type\":\"ListItem\",\"position\":2,\"name\":\"\u017diva poezija\"}]},{\"@type\":\"WebSite\",\"@id\":\"http:\/\/tmp.warp-poligon.info\/si\/#website\",\"url\":\"http:\/\/tmp.warp-poligon.info\/si\/\",\"name\":\"Slovenski dom in Svet slovenske nacionalne manj\u0161ine Mesta Zagreb\",\"description\":\"\",\"potentialAction\":[{\"@type\":\"SearchAction\",\"target\":{\"@type\":\"EntryPoint\",\"urlTemplate\":\"http:\/\/tmp.warp-poligon.info\/si\/?s={search_term_string}\"},\"query-input\":\"required name=search_term_string\"}],\"inLanguage\":\"sl-SI\"},{\"@type\":\"Person\",\"@id\":\"http:\/\/tmp.warp-poligon.info\/si\/#\/schema\/person\/a34ecc40aa73e6dd78780facef777d32\",\"name\":\"agata\",\"image\":{\"@type\":\"ImageObject\",\"inLanguage\":\"sl-SI\",\"@id\":\"http:\/\/tmp.warp-poligon.info\/si\/#\/schema\/person\/image\/\",\"url\":\"http:\/\/1.gravatar.com\/avatar\/42c070b2dbf14a48e0639733f946c907?s=96&d=mm&r=g\",\"contentUrl\":\"http:\/\/1.gravatar.com\/avatar\/42c070b2dbf14a48e0639733f946c907?s=96&d=mm&r=g\",\"caption\":\"agata\"},\"url\":\"http:\/\/tmp.warp-poligon.info\/si\/author\/agata\/\"}]}<\/script>\n<!-- \/ Yoast SEO plugin. -->","yoast_head_json":{"title":"\u017diva poezija | Slovenski dom in Svet slovenske nacionalne manj\u0161ine Mesta Zagreb","robots":{"index":"index","follow":"follow","max-snippet":"max-snippet:-1","max-image-preview":"max-image-preview:large","max-video-preview":"max-video-preview:-1"},"canonical":"http:\/\/tmp.warp-poligon.info\/si\/ziva-poezija\/","og_locale":"sl_SI","og_type":"article","og_title":"\u017diva poezija | Slovenski dom in Svet slovenske nacionalne manj\u0161ine Mesta Zagreb","og_description":"Zagreb &#8211;\u00a0V Slovenskem domu so se za\u010deli literarni ve\u010deri, katerih gostitelj je dramski umetnik, knji\u017eevnik in bard hrva\u0161ke poezije Enes Ki\u0161evi\u0107. V spro\u0161\u010denem vzdu\u0161ju bo v sodelovanju z zdru\u017eenjem Ritam misli iz Vara\u017edina za ljubitelje poezije in glasbe enkrat mese\u010dno predstavili avtorje iz Hrva\u0161ke in Slovenije. Tokratni voditelji so bili Enes Ki\u0161evi\u0107, Ljubica Ribi\u0107 in [&hellip;]","og_url":"http:\/\/tmp.warp-poligon.info\/si\/ziva-poezija\/","og_site_name":"Slovenski dom in Svet slovenske nacionalne manj\u0161ine Mesta Zagreb","article_published_time":"2018-12-06T09:55:10+00:00","article_modified_time":"2018-12-21T10:08:30+00:00","og_image":[{"width":1780,"height":831,"url":"http:\/\/tmp.warp-poligon.info\/si\/wp-content\/uploads\/sites\/2\/2018\/12\/Ziva-poezija_naslovnica.jpg","type":"image\/jpeg"}],"author":"agata","twitter_misc":{"Written by":"agata","Est. reading time":"1 minuta"},"schema":{"@context":"https:\/\/schema.org","@graph":[{"@type":"WebPage","@id":"http:\/\/tmp.warp-poligon.info\/si\/ziva-poezija\/","url":"http:\/\/tmp.warp-poligon.info\/si\/ziva-poezija\/","name":"\u017diva poezija | Slovenski dom in Svet slovenske nacionalne manj\u0161ine Mesta Zagreb","isPartOf":{"@id":"http:\/\/tmp.warp-poligon.info\/si\/#website"},"datePublished":"2018-12-06T09:55:10+00:00","dateModified":"2018-12-21T10:08:30+00:00","author":{"@id":"http:\/\/tmp.warp-poligon.info\/si\/#\/schema\/person\/a34ecc40aa73e6dd78780facef777d32"},"breadcrumb":{"@id":"http:\/\/tmp.warp-poligon.info\/si\/ziva-poezija\/#breadcrumb"},"inLanguage":"sl-SI","potentialAction":[{"@type":"ReadAction","target":["http:\/\/tmp.warp-poligon.info\/si\/ziva-poezija\/"]}]},{"@type":"BreadcrumbList","@id":"http:\/\/tmp.warp-poligon.info\/si\/ziva-poezija\/#breadcrumb","itemListElement":[{"@type":"ListItem","position":1,"name":"Home","item":"http:\/\/tmp.warp-poligon.info\/si\/"},{"@type":"ListItem","position":2,"name":"\u017diva poezija"}]},{"@type":"WebSite","@id":"http:\/\/tmp.warp-poligon.info\/si\/#website","url":"http:\/\/tmp.warp-poligon.info\/si\/","name":"Slovenski dom in Svet slovenske nacionalne manj\u0161ine Mesta Zagreb","description":"","potentialAction":[{"@type":"SearchAction","target":{"@type":"EntryPoint","urlTemplate":"http:\/\/tmp.warp-poligon.info\/si\/?s={search_term_string}"},"query-input":"required name=search_term_string"}],"inLanguage":"sl-SI"},{"@type":"Person","@id":"http:\/\/tmp.warp-poligon.info\/si\/#\/schema\/person\/a34ecc40aa73e6dd78780facef777d32","name":"agata","image":{"@type":"ImageObject","inLanguage":"sl-SI","@id":"http:\/\/tmp.warp-poligon.info\/si\/#\/schema\/person\/image\/","url":"http:\/\/1.gravatar.com\/avatar\/42c070b2dbf14a48e0639733f946c907?s=96&d=mm&r=g","contentUrl":"http:\/\/1.gravatar.com\/avatar\/42c070b2dbf14a48e0639733f946c907?s=96&d=mm&r=g","caption":"agata"},"url":"http:\/\/tmp.warp-poligon.info\/si\/author\/agata\/"}]}},"_links":{"self":[{"href":"http:\/\/tmp.warp-poligon.info\/si\/wp-json\/wp\/v2\/posts\/3437"}],"collection":[{"href":"http:\/\/tmp.warp-poligon.info\/si\/wp-json\/wp\/v2\/posts"}],"about":[{"href":"http:\/\/tmp.warp-poligon.info\/si\/wp-json\/wp\/v2\/types\/post"}],"author":[{"embeddable":true,"href":"http:\/\/tmp.warp-poligon.info\/si\/wp-json\/wp\/v2\/users\/3"}],"replies":[{"embeddable":true,"href":"http:\/\/tmp.warp-poligon.info\/si\/wp-json\/wp\/v2\/comments?post=3437"}],"version-history":[{"count":1,"href":"http:\/\/tmp.warp-poligon.info\/si\/wp-json\/wp\/v2\/posts\/3437\/revisions"}],"predecessor-version":[{"id":3447,"href":"http:\/\/tmp.warp-poligon.info\/si\/wp-json\/wp\/v2\/posts\/3437\/revisions\/3447"}],"wp:featuredmedia":[{"embeddable":true,"href":"http:\/\/tmp.warp-poligon.info\/si\/wp-json\/wp\/v2\/media\/3438"}],"wp:attachment":[{"href":"http:\/\/tmp.warp-poligon.info\/si\/wp-json\/wp\/v2\/media?parent=3437"}],"wp:term":[{"taxonomy":"category","embeddable":true,"href":"http:\/\/tmp.warp-poligon.info\/si\/wp-json\/wp\/v2\/categories?post=3437"},{"taxonomy":"post_tag","embeddable":true,"href":"http:\/\/tmp.warp-poligon.info\/si\/wp-json\/wp\/v2\/tags?post=3437"}],"curies":[{"name":"wp","href":"https:\/\/api.w.org\/{rel}","templated":true}]}}