{"id":3568,"date":"2019-02-06T12:59:49","date_gmt":"2019-02-06T11:59:49","guid":{"rendered":"http:\/\/tmp.warp-poligon.info\/si\/?p=3568"},"modified":"2019-02-11T13:18:57","modified_gmt":"2019-02-11T12:18:57","slug":"najvecji-slovenski-pesnik-v-hisi-senoa","status":"publish","type":"post","link":"http:\/\/tmp.warp-poligon.info\/si\/najvecji-slovenski-pesnik-v-hisi-senoa\/","title":{"rendered":"Najve\u010dji slovenski pesnik v Hi\u0161i \u0160enoa"},"content":{"rendered":"<p>Zagreb &#8211;\u00a0Na predve\u010der slovenskega kulturnega praznika \u2013 Pre\u0161ernovega dne je v Hi\u0161i \u0160enoa potekal pogovorni ve\u010der o Francetu Pre\u0161ernu, \u00a0Nagelj s Pre\u0161ernovega groba. O najve\u010djem slovenskem pesniku sta se pogovarjala dr. Marijan Dovi\u0107, literarni zgodovinar, vi\u0161ji znanstveni sodelavec in izredni profesor na In\u0161titutu za slovensko literaturo in literarne vede ZRC SAZU in Zvonko Kova\u010d, redni profesor na Filozofski fakulteti v Zagrebu, s Katedre za slovenski jezik in knji\u017eevnost.<\/p>\n<p>Tema pogovora je bil tudi velikan hrva\u0161ke literature August \u0160enoa, ki je v povesti Nagelj s pesnikovega groba opisal svoje obiske Gorenjske, v drugi polovici 19. Stoletja, ko sta s prijateljem obiskala tudi Pre\u0161ernov grob v Kranju. Takrat se je \u0160enoa sre\u010dal s Pre\u0161ernovimi Poezijami in se navdu\u0161il nad slovenskim pesnikom. Beseda je tekla tudi o drugih slovenskih in hrva\u0161kih knji\u017eevnikih in o slovenskih knji\u017eevnikih, ki so pustili sled v hrva\u0161ki knji\u017eevnosti.<\/p>\n<p>\u0160tevilne obiskovalce so nagovorili predsednik HAZU Velimir Neidhardt, knji\u017eevnik in redni \u010dlan Razreda za knji\u017eevnost HAZU Pavao Pavli\u010di\u0107, slovenska veleposlanica na Hrva\u0161kem Smiljana Knez in naslednica in varuhinja dedi\u0161\u010dine Augusta \u0160enoe in njegove dru\u017eine Jasmina Reis. (akm)<\/p>\n<p>Ve\u010d v Novem odmevu 69.<\/p>\n<p>Foto: akm<\/p>\n\n\t\t<style type=\"text\/css\">\n\t\t\t#gallery-1 {\n\t\t\t\tmargin: auto;\n\t\t\t}\n\t\t\t#gallery-1 .gallery-item {\n\t\t\t\tfloat: left;\n\t\t\t\tmargin-top: 10px;\n\t\t\t\ttext-align: center;\n\t\t\t\twidth: 33%;\n\t\t\t}\n\t\t\t#gallery-1 img {\n\t\t\t\tborder: 2px solid #cfcfcf;\n\t\t\t}\n\t\t\t#gallery-1 .gallery-caption {\n\t\t\t\tmargin-left: 0;\n\t\t\t}\n\t\t\t\/* see gallery_shortcode() in wp-includes\/media.php *\/\n\t\t<\/style>\n\t\t<div id='gallery-1' class='gallery galleryid-3568 gallery-columns-3 gallery-size-medium'><dl class='gallery-item'>\n\t\t\t<dt class='gallery-icon landscape'>\n\t\t\t\t<a href='http:\/\/tmp.warp-poligon.info\/si\/wp-content\/uploads\/sites\/2\/2019\/02\/Marijan-Dovic_Zvonko-Kovac.jpg'><img decoding=\"async\" width=\"300\" height=\"225\" src=\"http:\/\/tmp.warp-poligon.info\/si\/wp-content\/uploads\/sites\/2\/2019\/02\/Marijan-Dovic_Zvonko-Kovac-300x225.jpg\" class=\"attachment-medium size-medium\" alt=\"\" aria-describedby=\"gallery-1-3575\" srcset=\"http:\/\/tmp.warp-poligon.info\/si\/wp-content\/uploads\/sites\/2\/2019\/02\/Marijan-Dovic_Zvonko-Kovac-200x150.jpg 200w, http:\/\/tmp.warp-poligon.info\/si\/wp-content\/uploads\/sites\/2\/2019\/02\/Marijan-Dovic_Zvonko-Kovac-300x225.jpg 300w, http:\/\/tmp.warp-poligon.info\/si\/wp-content\/uploads\/sites\/2\/2019\/02\/Marijan-Dovic_Zvonko-Kovac-400x300.jpg 400w, http:\/\/tmp.warp-poligon.info\/si\/wp-content\/uploads\/sites\/2\/2019\/02\/Marijan-Dovic_Zvonko-Kovac-600x450.jpg 600w, http:\/\/tmp.warp-poligon.info\/si\/wp-content\/uploads\/sites\/2\/2019\/02\/Marijan-Dovic_Zvonko-Kovac.jpg 700w\" sizes=\"(max-width: 300px) 100vw, 300px\" \/><\/a>\n\t\t\t<\/dt>\n\t\t\t\t<dd class='wp-caption-text gallery-caption' id='gallery-1-3575'>\n\t\t\t\tDr. Marijan Dovi\u0107, avtor monografije Pre\u0161eren po Pre\u0161ernu (2017.) &#8211; prve knji\u017ene \u0161tudije Pre\u0161ernovega \u00bbposmrtnega \u017eivljenja\u00ab v slovenskem kulturnem prostoru in dr. Zvonko Kova\u010d (z leve).\n\t\t\t\t<\/dd><\/dl><dl class='gallery-item'>\n\t\t\t<dt class='gallery-icon landscape'>\n\t\t\t\t<a href='http:\/\/tmp.warp-poligon.info\/si\/wp-content\/uploads\/sites\/2\/2019\/02\/Hisa-Senoa1.jpg'><img decoding=\"async\" width=\"300\" height=\"225\" src=\"http:\/\/tmp.warp-poligon.info\/si\/wp-content\/uploads\/sites\/2\/2019\/02\/Hisa-Senoa1-300x225.jpg\" class=\"attachment-medium size-medium\" alt=\"\" aria-describedby=\"gallery-1-3573\" srcset=\"http:\/\/tmp.warp-poligon.info\/si\/wp-content\/uploads\/sites\/2\/2019\/02\/Hisa-Senoa1-200x150.jpg 200w, http:\/\/tmp.warp-poligon.info\/si\/wp-content\/uploads\/sites\/2\/2019\/02\/Hisa-Senoa1-300x225.jpg 300w, http:\/\/tmp.warp-poligon.info\/si\/wp-content\/uploads\/sites\/2\/2019\/02\/Hisa-Senoa1-400x300.jpg 400w, http:\/\/tmp.warp-poligon.info\/si\/wp-content\/uploads\/sites\/2\/2019\/02\/Hisa-Senoa1-600x450.jpg 600w, http:\/\/tmp.warp-poligon.info\/si\/wp-content\/uploads\/sites\/2\/2019\/02\/Hisa-Senoa1.jpg 700w\" sizes=\"(max-width: 300px) 100vw, 300px\" \/><\/a>\n\t\t\t<\/dt>\n\t\t\t\t<dd class='wp-caption-text gallery-caption' id='gallery-1-3573'>\n\t\t\t\tPredsednik Slovenskega doma in SSNM MZ Darko \u0160onc, Velimir Neidhardt, Smiljana Knez, Pavao Pavli\u010di\u0107 (z leve).\n\t\t\t\t<\/dd><\/dl><dl class='gallery-item'>\n\t\t\t<dt class='gallery-icon landscape'>\n\t\t\t\t<a href='http:\/\/tmp.warp-poligon.info\/si\/wp-content\/uploads\/sites\/2\/2019\/02\/Hisa-Senoa.jpg'><img decoding=\"async\" width=\"300\" height=\"225\" src=\"http:\/\/tmp.warp-poligon.info\/si\/wp-content\/uploads\/sites\/2\/2019\/02\/Hisa-Senoa-300x225.jpg\" class=\"attachment-medium size-medium\" alt=\"\" srcset=\"http:\/\/tmp.warp-poligon.info\/si\/wp-content\/uploads\/sites\/2\/2019\/02\/Hisa-Senoa-200x150.jpg 200w, http:\/\/tmp.warp-poligon.info\/si\/wp-content\/uploads\/sites\/2\/2019\/02\/Hisa-Senoa-300x225.jpg 300w, http:\/\/tmp.warp-poligon.info\/si\/wp-content\/uploads\/sites\/2\/2019\/02\/Hisa-Senoa-400x300.jpg 400w, http:\/\/tmp.warp-poligon.info\/si\/wp-content\/uploads\/sites\/2\/2019\/02\/Hisa-Senoa-600x450.jpg 600w, http:\/\/tmp.warp-poligon.info\/si\/wp-content\/uploads\/sites\/2\/2019\/02\/Hisa-Senoa.jpg 700w\" sizes=\"(max-width: 300px) 100vw, 300px\" \/><\/a>\n\t\t\t<\/dt><\/dl><br style=\"clear: both\" \/><dl class='gallery-item'>\n\t\t\t<dt class='gallery-icon landscape'>\n\t\t\t\t<a href='http:\/\/tmp.warp-poligon.info\/si\/wp-content\/uploads\/sites\/2\/2019\/02\/Hisa-Senoa_obcinstvo.jpg'><img decoding=\"async\" width=\"300\" height=\"225\" src=\"http:\/\/tmp.warp-poligon.info\/si\/wp-content\/uploads\/sites\/2\/2019\/02\/Hisa-Senoa_obcinstvo-300x225.jpg\" class=\"attachment-medium size-medium\" alt=\"\" srcset=\"http:\/\/tmp.warp-poligon.info\/si\/wp-content\/uploads\/sites\/2\/2019\/02\/Hisa-Senoa_obcinstvo-200x150.jpg 200w, http:\/\/tmp.warp-poligon.info\/si\/wp-content\/uploads\/sites\/2\/2019\/02\/Hisa-Senoa_obcinstvo-300x225.jpg 300w, http:\/\/tmp.warp-poligon.info\/si\/wp-content\/uploads\/sites\/2\/2019\/02\/Hisa-Senoa_obcinstvo-400x300.jpg 400w, http:\/\/tmp.warp-poligon.info\/si\/wp-content\/uploads\/sites\/2\/2019\/02\/Hisa-Senoa_obcinstvo-600x450.jpg 600w, http:\/\/tmp.warp-poligon.info\/si\/wp-content\/uploads\/sites\/2\/2019\/02\/Hisa-Senoa_obcinstvo.jpg 700w\" sizes=\"(max-width: 300px) 100vw, 300px\" \/><\/a>\n\t\t\t<\/dt><\/dl><dl class='gallery-item'>\n\t\t\t<dt class='gallery-icon landscape'>\n\t\t\t\t<a href='http:\/\/tmp.warp-poligon.info\/si\/wp-content\/uploads\/sites\/2\/2019\/02\/Karanfil-s-pjesnikova-groba_HAZU_SAZU.jpg'><img decoding=\"async\" width=\"300\" height=\"225\" src=\"http:\/\/tmp.warp-poligon.info\/si\/wp-content\/uploads\/sites\/2\/2019\/02\/Karanfil-s-pjesnikova-groba_HAZU_SAZU-300x225.jpg\" class=\"attachment-medium size-medium\" alt=\"\" srcset=\"http:\/\/tmp.warp-poligon.info\/si\/wp-content\/uploads\/sites\/2\/2019\/02\/Karanfil-s-pjesnikova-groba_HAZU_SAZU-200x150.jpg 200w, http:\/\/tmp.warp-poligon.info\/si\/wp-content\/uploads\/sites\/2\/2019\/02\/Karanfil-s-pjesnikova-groba_HAZU_SAZU-300x225.jpg 300w, http:\/\/tmp.warp-poligon.info\/si\/wp-content\/uploads\/sites\/2\/2019\/02\/Karanfil-s-pjesnikova-groba_HAZU_SAZU-400x300.jpg 400w, http:\/\/tmp.warp-poligon.info\/si\/wp-content\/uploads\/sites\/2\/2019\/02\/Karanfil-s-pjesnikova-groba_HAZU_SAZU-600x450.jpg 600w, http:\/\/tmp.warp-poligon.info\/si\/wp-content\/uploads\/sites\/2\/2019\/02\/Karanfil-s-pjesnikova-groba_HAZU_SAZU.jpg 700w\" sizes=\"(max-width: 300px) 100vw, 300px\" \/><\/a>\n\t\t\t<\/dt><\/dl><dl class='gallery-item'>\n\t\t\t<dt class='gallery-icon landscape'>\n\t\t\t\t<a href='http:\/\/tmp.warp-poligon.info\/si\/wp-content\/uploads\/sites\/2\/2019\/02\/Naglji.jpg'><img decoding=\"async\" width=\"300\" height=\"225\" src=\"http:\/\/tmp.warp-poligon.info\/si\/wp-content\/uploads\/sites\/2\/2019\/02\/Naglji-300x225.jpg\" class=\"attachment-medium size-medium\" alt=\"\" srcset=\"http:\/\/tmp.warp-poligon.info\/si\/wp-content\/uploads\/sites\/2\/2019\/02\/Naglji-200x150.jpg 200w, http:\/\/tmp.warp-poligon.info\/si\/wp-content\/uploads\/sites\/2\/2019\/02\/Naglji-300x225.jpg 300w, http:\/\/tmp.warp-poligon.info\/si\/wp-content\/uploads\/sites\/2\/2019\/02\/Naglji-400x300.jpg 400w, http:\/\/tmp.warp-poligon.info\/si\/wp-content\/uploads\/sites\/2\/2019\/02\/Naglji-600x450.jpg 600w, http:\/\/tmp.warp-poligon.info\/si\/wp-content\/uploads\/sites\/2\/2019\/02\/Naglji.jpg 700w\" sizes=\"(max-width: 300px) 100vw, 300px\" \/><\/a>\n\t\t\t<\/dt><\/dl><br style=\"clear: both\" \/><dl class='gallery-item'>\n\t\t\t<dt class='gallery-icon landscape'>\n\t\t\t\t<a href='http:\/\/tmp.warp-poligon.info\/si\/wp-content\/uploads\/sites\/2\/2019\/02\/August-Senoa_Karanfil-s-pjesnikova-groba.jpg'><img decoding=\"async\" width=\"300\" height=\"225\" src=\"http:\/\/tmp.warp-poligon.info\/si\/wp-content\/uploads\/sites\/2\/2019\/02\/August-Senoa_Karanfil-s-pjesnikova-groba-300x225.jpg\" class=\"attachment-medium size-medium\" alt=\"\" srcset=\"http:\/\/tmp.warp-poligon.info\/si\/wp-content\/uploads\/sites\/2\/2019\/02\/August-Senoa_Karanfil-s-pjesnikova-groba-200x150.jpg 200w, http:\/\/tmp.warp-poligon.info\/si\/wp-content\/uploads\/sites\/2\/2019\/02\/August-Senoa_Karanfil-s-pjesnikova-groba-300x225.jpg 300w, http:\/\/tmp.warp-poligon.info\/si\/wp-content\/uploads\/sites\/2\/2019\/02\/August-Senoa_Karanfil-s-pjesnikova-groba-400x300.jpg 400w, http:\/\/tmp.warp-poligon.info\/si\/wp-content\/uploads\/sites\/2\/2019\/02\/August-Senoa_Karanfil-s-pjesnikova-groba-600x450.jpg 600w, http:\/\/tmp.warp-poligon.info\/si\/wp-content\/uploads\/sites\/2\/2019\/02\/August-Senoa_Karanfil-s-pjesnikova-groba.jpg 700w\" sizes=\"(max-width: 300px) 100vw, 300px\" \/><\/a>\n\t\t\t<\/dt><\/dl><dl class='gallery-item'>\n\t\t\t<dt class='gallery-icon portrait'>\n\t\t\t\t<a href='http:\/\/tmp.warp-poligon.info\/si\/wp-content\/uploads\/sites\/2\/2019\/02\/August-Senoa.jpg'><img decoding=\"async\" width=\"225\" height=\"300\" src=\"http:\/\/tmp.warp-poligon.info\/si\/wp-content\/uploads\/sites\/2\/2019\/02\/August-Senoa-225x300.jpg\" class=\"attachment-medium size-medium\" alt=\"\" srcset=\"http:\/\/tmp.warp-poligon.info\/si\/wp-content\/uploads\/sites\/2\/2019\/02\/August-Senoa-200x267.jpg 200w, http:\/\/tmp.warp-poligon.info\/si\/wp-content\/uploads\/sites\/2\/2019\/02\/August-Senoa-225x300.jpg 225w, http:\/\/tmp.warp-poligon.info\/si\/wp-content\/uploads\/sites\/2\/2019\/02\/August-Senoa-400x533.jpg 400w, http:\/\/tmp.warp-poligon.info\/si\/wp-content\/uploads\/sites\/2\/2019\/02\/August-Senoa-600x800.jpg 600w, http:\/\/tmp.warp-poligon.info\/si\/wp-content\/uploads\/sites\/2\/2019\/02\/August-Senoa.jpg 700w\" sizes=\"(max-width: 225px) 100vw, 225px\" \/><\/a>\n\t\t\t<\/dt><\/dl><dl class='gallery-item'>\n\t\t\t<dt class='gallery-icon portrait'>\n\t\t\t\t<a href='http:\/\/tmp.warp-poligon.info\/si\/wp-content\/uploads\/sites\/2\/2019\/02\/naslovnica.jpg'><img decoding=\"async\" width=\"225\" height=\"300\" src=\"http:\/\/tmp.warp-poligon.info\/si\/wp-content\/uploads\/sites\/2\/2019\/02\/naslovnica-225x300.jpg\" class=\"attachment-medium size-medium\" alt=\"\" srcset=\"http:\/\/tmp.warp-poligon.info\/si\/wp-content\/uploads\/sites\/2\/2019\/02\/naslovnica-200x267.jpg 200w, http:\/\/tmp.warp-poligon.info\/si\/wp-content\/uploads\/sites\/2\/2019\/02\/naslovnica-225x300.jpg 225w, http:\/\/tmp.warp-poligon.info\/si\/wp-content\/uploads\/sites\/2\/2019\/02\/naslovnica-400x533.jpg 400w, http:\/\/tmp.warp-poligon.info\/si\/wp-content\/uploads\/sites\/2\/2019\/02\/naslovnica-600x800.jpg 600w, http:\/\/tmp.warp-poligon.info\/si\/wp-content\/uploads\/sites\/2\/2019\/02\/naslovnica.jpg 700w\" sizes=\"(max-width: 225px) 100vw, 225px\" \/><\/a>\n\t\t\t<\/dt><\/dl><br style=\"clear: both\" \/>\n\t\t<\/div>\n\n","protected":false},"excerpt":{"rendered":"<p>Zagreb &#8211;\u00a0Na predve\u010der slovenskega kulturnega praznika \u2013 Pre\u0161ernovega dne je v Hi\u0161i \u0160enoa potekal pogovorni ve\u010der o Francetu Pre\u0161ernu, \u00a0Nagelj s Pre\u0161ernovega groba. O najve\u010djem slovenskem pesniku sta se pogovarjala dr. Marijan Dovi\u0107, literarni zgodovinar, vi\u0161ji znanstveni sodelavec in izredni profesor na In\u0161titutu za slovensko literaturo in literarne vede ZRC SAZU in Zvonko Kova\u010d, redni [&hellip;]<\/p>\n","protected":false},"author":3,"featured_media":3581,"comment_status":"closed","ping_status":"open","sticky":false,"template":"","format":"standard","meta":{"footnotes":""},"categories":[5],"tags":[],"yoast_head":"<!-- This site is optimized with the Yoast SEO plugin v21.9.1 - https:\/\/yoast.com\/wordpress\/plugins\/seo\/ -->\n<title>Najve\u010dji slovenski pesnik v Hi\u0161i \u0160enoa | Slovenski dom in Svet slovenske nacionalne manj\u0161ine Mesta Zagreb<\/title>\n<meta name=\"description\" content=\"Zagreb - Na predve\u010der slovenskega kulturnega praznika \u2013 Pre\u0161ernovega dne je v Hi\u0161i \u0160enoa potekal pogovorni ve\u010der o Francetu Pre\u0161ernu, Nagelj s Pre\u0161ernovega groba. O najve\u010djem slovenskem pesniku sta se pogovarjala dr. Marijan Dovi\u0107, literarni zgodovinar, vi\u0161ji znanstveni sodelavec in izredni profesor na In\u0161titutu za slovensko literaturo in literarne vede ZRC SAZU in Zvonko Kova\u010d, redni profesor na Filozofski fakulteti v Zagrebu, s Katedre za slovenski jezik in knji\u017eevnost. Tema pogovora je bil tudi velikan hrva\u0161ke literature August \u0160enoa, ki je v povesti Nagelj s pesnikovega groba opisal svoje obiske Gorenjske, v drugi polovici 19. Stoletja, ko sta s prijateljem obiskala tudi Pre\u0161ernov grob v Kranju. Takrat se je \u0160enoa sre\u010dal s Pre\u0161ernovimi Poezijami in se navdu\u0161il nad slovenskim pesnikom. Beseda je tekla tudi o drugih slovenskih in hrva\u0161kih knji\u017eevnikih in o slovenskih knji\u017eevnikih, ki so pustili sled v hrva\u0161ki knji\u017eevnosti. \u0160tevilne obiskovalce so nagovorili predsednik HAZU Velimir Neidhardt, knji\u017eevnik in redni \u010dlan Razreda za knji\u017eevnost HAZU Pavao Pavli\u010di\u0107, slovenska veleposlanica na Hrva\u0161kem Smiljana Knez in naslednica in varuhinja dedi\u0161\u010dine Augusta \u0160enoe in njegove dru\u017eine Jasmina Reis. (akm)\" \/>\n<meta name=\"robots\" content=\"index, follow, max-snippet:-1, max-image-preview:large, max-video-preview:-1\" \/>\n<link rel=\"canonical\" href=\"http:\/\/tmp.warp-poligon.info\/si\/najvecji-slovenski-pesnik-v-hisi-senoa\/\" \/>\n<meta property=\"og:locale\" content=\"sl_SI\" \/>\n<meta property=\"og:type\" content=\"article\" \/>\n<meta property=\"og:title\" content=\"Najve\u010dji slovenski pesnik v Hi\u0161i \u0160enoa | Slovenski dom in Svet slovenske nacionalne manj\u0161ine Mesta Zagreb\" \/>\n<meta property=\"og:description\" content=\"Zagreb - Na predve\u010der slovenskega kulturnega praznika \u2013 Pre\u0161ernovega dne je v Hi\u0161i \u0160enoa potekal pogovorni ve\u010der o Francetu Pre\u0161ernu, Nagelj s Pre\u0161ernovega groba. O najve\u010djem slovenskem pesniku sta se pogovarjala dr. Marijan Dovi\u0107, literarni zgodovinar, vi\u0161ji znanstveni sodelavec in izredni profesor na In\u0161titutu za slovensko literaturo in literarne vede ZRC SAZU in Zvonko Kova\u010d, redni profesor na Filozofski fakulteti v Zagrebu, s Katedre za slovenski jezik in knji\u017eevnost. Tema pogovora je bil tudi velikan hrva\u0161ke literature August \u0160enoa, ki je v povesti Nagelj s pesnikovega groba opisal svoje obiske Gorenjske, v drugi polovici 19. Stoletja, ko sta s prijateljem obiskala tudi Pre\u0161ernov grob v Kranju. Takrat se je \u0160enoa sre\u010dal s Pre\u0161ernovimi Poezijami in se navdu\u0161il nad slovenskim pesnikom. Beseda je tekla tudi o drugih slovenskih in hrva\u0161kih knji\u017eevnikih in o slovenskih knji\u017eevnikih, ki so pustili sled v hrva\u0161ki knji\u017eevnosti. \u0160tevilne obiskovalce so nagovorili predsednik HAZU Velimir Neidhardt, knji\u017eevnik in redni \u010dlan Razreda za knji\u017eevnost HAZU Pavao Pavli\u010di\u0107, slovenska veleposlanica na Hrva\u0161kem Smiljana Knez in naslednica in varuhinja dedi\u0161\u010dine Augusta \u0160enoe in njegove dru\u017eine Jasmina Reis. (akm)\" \/>\n<meta property=\"og:url\" content=\"http:\/\/tmp.warp-poligon.info\/si\/najvecji-slovenski-pesnik-v-hisi-senoa\/\" \/>\n<meta property=\"og:site_name\" content=\"Slovenski dom in Svet slovenske nacionalne manj\u0161ine Mesta Zagreb\" \/>\n<meta property=\"article:published_time\" content=\"2019-02-06T11:59:49+00:00\" \/>\n<meta property=\"article:modified_time\" content=\"2019-02-11T12:18:57+00:00\" \/>\n<meta property=\"og:image\" content=\"http:\/\/tmp.warp-poligon.info\/si\/wp-content\/uploads\/sites\/2\/2019\/02\/presernov-dan-n-1.png\" \/>\n\t<meta property=\"og:image:width\" content=\"767\" \/>\n\t<meta property=\"og:image:height\" content=\"512\" \/>\n\t<meta property=\"og:image:type\" content=\"image\/png\" \/>\n<meta name=\"author\" content=\"agata\" \/>\n<meta name=\"twitter:label1\" content=\"Written by\" \/>\n\t<meta name=\"twitter:data1\" content=\"agata\" \/>\n\t<meta name=\"twitter:label2\" content=\"Est. reading time\" \/>\n\t<meta name=\"twitter:data2\" content=\"1 minuta\" \/>\n<script type=\"application\/ld+json\" class=\"yoast-schema-graph\">{\"@context\":\"https:\/\/schema.org\",\"@graph\":[{\"@type\":\"WebPage\",\"@id\":\"http:\/\/tmp.warp-poligon.info\/si\/najvecji-slovenski-pesnik-v-hisi-senoa\/\",\"url\":\"http:\/\/tmp.warp-poligon.info\/si\/najvecji-slovenski-pesnik-v-hisi-senoa\/\",\"name\":\"Najve\u010dji slovenski pesnik v Hi\u0161i \u0160enoa | Slovenski dom in Svet slovenske nacionalne manj\u0161ine Mesta Zagreb\",\"isPartOf\":{\"@id\":\"http:\/\/tmp.warp-poligon.info\/si\/#website\"},\"datePublished\":\"2019-02-06T11:59:49+00:00\",\"dateModified\":\"2019-02-11T12:18:57+00:00\",\"author\":{\"@id\":\"http:\/\/tmp.warp-poligon.info\/si\/#\/schema\/person\/a34ecc40aa73e6dd78780facef777d32\"},\"description\":\"Zagreb - Na predve\u010der slovenskega kulturnega praznika \u2013 Pre\u0161ernovega dne je v Hi\u0161i \u0160enoa potekal pogovorni ve\u010der o Francetu Pre\u0161ernu, Nagelj s Pre\u0161ernovega groba. O najve\u010djem slovenskem pesniku sta se pogovarjala dr. Marijan Dovi\u0107, literarni zgodovinar, vi\u0161ji znanstveni sodelavec in izredni profesor na In\u0161titutu za slovensko literaturo in literarne vede ZRC SAZU in Zvonko Kova\u010d, redni profesor na Filozofski fakulteti v Zagrebu, s Katedre za slovenski jezik in knji\u017eevnost. Tema pogovora je bil tudi velikan hrva\u0161ke literature August \u0160enoa, ki je v povesti Nagelj s pesnikovega groba opisal svoje obiske Gorenjske, v drugi polovici 19. Stoletja, ko sta s prijateljem obiskala tudi Pre\u0161ernov grob v Kranju. Takrat se je \u0160enoa sre\u010dal s Pre\u0161ernovimi Poezijami in se navdu\u0161il nad slovenskim pesnikom. Beseda je tekla tudi o drugih slovenskih in hrva\u0161kih knji\u017eevnikih in o slovenskih knji\u017eevnikih, ki so pustili sled v hrva\u0161ki knji\u017eevnosti. \u0160tevilne obiskovalce so nagovorili predsednik HAZU Velimir Neidhardt, knji\u017eevnik in redni \u010dlan Razreda za knji\u017eevnost HAZU Pavao Pavli\u010di\u0107, slovenska veleposlanica na Hrva\u0161kem Smiljana Knez in naslednica in varuhinja dedi\u0161\u010dine Augusta \u0160enoe in njegove dru\u017eine Jasmina Reis. (akm)\",\"breadcrumb\":{\"@id\":\"http:\/\/tmp.warp-poligon.info\/si\/najvecji-slovenski-pesnik-v-hisi-senoa\/#breadcrumb\"},\"inLanguage\":\"sl-SI\",\"potentialAction\":[{\"@type\":\"ReadAction\",\"target\":[\"http:\/\/tmp.warp-poligon.info\/si\/najvecji-slovenski-pesnik-v-hisi-senoa\/\"]}]},{\"@type\":\"BreadcrumbList\",\"@id\":\"http:\/\/tmp.warp-poligon.info\/si\/najvecji-slovenski-pesnik-v-hisi-senoa\/#breadcrumb\",\"itemListElement\":[{\"@type\":\"ListItem\",\"position\":1,\"name\":\"Home\",\"item\":\"http:\/\/tmp.warp-poligon.info\/si\/\"},{\"@type\":\"ListItem\",\"position\":2,\"name\":\"Najve\u010dji slovenski pesnik v Hi\u0161i \u0160enoa\"}]},{\"@type\":\"WebSite\",\"@id\":\"http:\/\/tmp.warp-poligon.info\/si\/#website\",\"url\":\"http:\/\/tmp.warp-poligon.info\/si\/\",\"name\":\"Slovenski dom in Svet slovenske nacionalne manj\u0161ine Mesta Zagreb\",\"description\":\"\",\"potentialAction\":[{\"@type\":\"SearchAction\",\"target\":{\"@type\":\"EntryPoint\",\"urlTemplate\":\"http:\/\/tmp.warp-poligon.info\/si\/?s={search_term_string}\"},\"query-input\":\"required name=search_term_string\"}],\"inLanguage\":\"sl-SI\"},{\"@type\":\"Person\",\"@id\":\"http:\/\/tmp.warp-poligon.info\/si\/#\/schema\/person\/a34ecc40aa73e6dd78780facef777d32\",\"name\":\"agata\",\"image\":{\"@type\":\"ImageObject\",\"inLanguage\":\"sl-SI\",\"@id\":\"http:\/\/tmp.warp-poligon.info\/si\/#\/schema\/person\/image\/\",\"url\":\"http:\/\/1.gravatar.com\/avatar\/42c070b2dbf14a48e0639733f946c907?s=96&d=mm&r=g\",\"contentUrl\":\"http:\/\/1.gravatar.com\/avatar\/42c070b2dbf14a48e0639733f946c907?s=96&d=mm&r=g\",\"caption\":\"agata\"},\"url\":\"http:\/\/tmp.warp-poligon.info\/si\/author\/agata\/\"}]}<\/script>\n<!-- \/ Yoast SEO plugin. -->","yoast_head_json":{"title":"Najve\u010dji slovenski pesnik v Hi\u0161i \u0160enoa | Slovenski dom in Svet slovenske nacionalne manj\u0161ine Mesta Zagreb","description":"Zagreb - Na predve\u010der slovenskega kulturnega praznika \u2013 Pre\u0161ernovega dne je v Hi\u0161i \u0160enoa potekal pogovorni ve\u010der o Francetu Pre\u0161ernu, Nagelj s Pre\u0161ernovega groba. O najve\u010djem slovenskem pesniku sta se pogovarjala dr. Marijan Dovi\u0107, literarni zgodovinar, vi\u0161ji znanstveni sodelavec in izredni profesor na In\u0161titutu za slovensko literaturo in literarne vede ZRC SAZU in Zvonko Kova\u010d, redni profesor na Filozofski fakulteti v Zagrebu, s Katedre za slovenski jezik in knji\u017eevnost. Tema pogovora je bil tudi velikan hrva\u0161ke literature August \u0160enoa, ki je v povesti Nagelj s pesnikovega groba opisal svoje obiske Gorenjske, v drugi polovici 19. Stoletja, ko sta s prijateljem obiskala tudi Pre\u0161ernov grob v Kranju. Takrat se je \u0160enoa sre\u010dal s Pre\u0161ernovimi Poezijami in se navdu\u0161il nad slovenskim pesnikom. Beseda je tekla tudi o drugih slovenskih in hrva\u0161kih knji\u017eevnikih in o slovenskih knji\u017eevnikih, ki so pustili sled v hrva\u0161ki knji\u017eevnosti. \u0160tevilne obiskovalce so nagovorili predsednik HAZU Velimir Neidhardt, knji\u017eevnik in redni \u010dlan Razreda za knji\u017eevnost HAZU Pavao Pavli\u010di\u0107, slovenska veleposlanica na Hrva\u0161kem Smiljana Knez in naslednica in varuhinja dedi\u0161\u010dine Augusta \u0160enoe in njegove dru\u017eine Jasmina Reis. (akm)","robots":{"index":"index","follow":"follow","max-snippet":"max-snippet:-1","max-image-preview":"max-image-preview:large","max-video-preview":"max-video-preview:-1"},"canonical":"http:\/\/tmp.warp-poligon.info\/si\/najvecji-slovenski-pesnik-v-hisi-senoa\/","og_locale":"sl_SI","og_type":"article","og_title":"Najve\u010dji slovenski pesnik v Hi\u0161i \u0160enoa | Slovenski dom in Svet slovenske nacionalne manj\u0161ine Mesta Zagreb","og_description":"Zagreb - Na predve\u010der slovenskega kulturnega praznika \u2013 Pre\u0161ernovega dne je v Hi\u0161i \u0160enoa potekal pogovorni ve\u010der o Francetu Pre\u0161ernu, Nagelj s Pre\u0161ernovega groba. O najve\u010djem slovenskem pesniku sta se pogovarjala dr. Marijan Dovi\u0107, literarni zgodovinar, vi\u0161ji znanstveni sodelavec in izredni profesor na In\u0161titutu za slovensko literaturo in literarne vede ZRC SAZU in Zvonko Kova\u010d, redni profesor na Filozofski fakulteti v Zagrebu, s Katedre za slovenski jezik in knji\u017eevnost. Tema pogovora je bil tudi velikan hrva\u0161ke literature August \u0160enoa, ki je v povesti Nagelj s pesnikovega groba opisal svoje obiske Gorenjske, v drugi polovici 19. Stoletja, ko sta s prijateljem obiskala tudi Pre\u0161ernov grob v Kranju. Takrat se je \u0160enoa sre\u010dal s Pre\u0161ernovimi Poezijami in se navdu\u0161il nad slovenskim pesnikom. Beseda je tekla tudi o drugih slovenskih in hrva\u0161kih knji\u017eevnikih in o slovenskih knji\u017eevnikih, ki so pustili sled v hrva\u0161ki knji\u017eevnosti. \u0160tevilne obiskovalce so nagovorili predsednik HAZU Velimir Neidhardt, knji\u017eevnik in redni \u010dlan Razreda za knji\u017eevnost HAZU Pavao Pavli\u010di\u0107, slovenska veleposlanica na Hrva\u0161kem Smiljana Knez in naslednica in varuhinja dedi\u0161\u010dine Augusta \u0160enoe in njegove dru\u017eine Jasmina Reis. (akm)","og_url":"http:\/\/tmp.warp-poligon.info\/si\/najvecji-slovenski-pesnik-v-hisi-senoa\/","og_site_name":"Slovenski dom in Svet slovenske nacionalne manj\u0161ine Mesta Zagreb","article_published_time":"2019-02-06T11:59:49+00:00","article_modified_time":"2019-02-11T12:18:57+00:00","og_image":[{"width":767,"height":512,"url":"http:\/\/tmp.warp-poligon.info\/si\/wp-content\/uploads\/sites\/2\/2019\/02\/presernov-dan-n-1.png","type":"image\/png"}],"author":"agata","twitter_misc":{"Written by":"agata","Est. reading time":"1 minuta"},"schema":{"@context":"https:\/\/schema.org","@graph":[{"@type":"WebPage","@id":"http:\/\/tmp.warp-poligon.info\/si\/najvecji-slovenski-pesnik-v-hisi-senoa\/","url":"http:\/\/tmp.warp-poligon.info\/si\/najvecji-slovenski-pesnik-v-hisi-senoa\/","name":"Najve\u010dji slovenski pesnik v Hi\u0161i \u0160enoa | Slovenski dom in Svet slovenske nacionalne manj\u0161ine Mesta Zagreb","isPartOf":{"@id":"http:\/\/tmp.warp-poligon.info\/si\/#website"},"datePublished":"2019-02-06T11:59:49+00:00","dateModified":"2019-02-11T12:18:57+00:00","author":{"@id":"http:\/\/tmp.warp-poligon.info\/si\/#\/schema\/person\/a34ecc40aa73e6dd78780facef777d32"},"description":"Zagreb - Na predve\u010der slovenskega kulturnega praznika \u2013 Pre\u0161ernovega dne je v Hi\u0161i \u0160enoa potekal pogovorni ve\u010der o Francetu Pre\u0161ernu, Nagelj s Pre\u0161ernovega groba. O najve\u010djem slovenskem pesniku sta se pogovarjala dr. Marijan Dovi\u0107, literarni zgodovinar, vi\u0161ji znanstveni sodelavec in izredni profesor na In\u0161titutu za slovensko literaturo in literarne vede ZRC SAZU in Zvonko Kova\u010d, redni profesor na Filozofski fakulteti v Zagrebu, s Katedre za slovenski jezik in knji\u017eevnost. Tema pogovora je bil tudi velikan hrva\u0161ke literature August \u0160enoa, ki je v povesti Nagelj s pesnikovega groba opisal svoje obiske Gorenjske, v drugi polovici 19. Stoletja, ko sta s prijateljem obiskala tudi Pre\u0161ernov grob v Kranju. Takrat se je \u0160enoa sre\u010dal s Pre\u0161ernovimi Poezijami in se navdu\u0161il nad slovenskim pesnikom. Beseda je tekla tudi o drugih slovenskih in hrva\u0161kih knji\u017eevnikih in o slovenskih knji\u017eevnikih, ki so pustili sled v hrva\u0161ki knji\u017eevnosti. \u0160tevilne obiskovalce so nagovorili predsednik HAZU Velimir Neidhardt, knji\u017eevnik in redni \u010dlan Razreda za knji\u017eevnost HAZU Pavao Pavli\u010di\u0107, slovenska veleposlanica na Hrva\u0161kem Smiljana Knez in naslednica in varuhinja dedi\u0161\u010dine Augusta \u0160enoe in njegove dru\u017eine Jasmina Reis. (akm)","breadcrumb":{"@id":"http:\/\/tmp.warp-poligon.info\/si\/najvecji-slovenski-pesnik-v-hisi-senoa\/#breadcrumb"},"inLanguage":"sl-SI","potentialAction":[{"@type":"ReadAction","target":["http:\/\/tmp.warp-poligon.info\/si\/najvecji-slovenski-pesnik-v-hisi-senoa\/"]}]},{"@type":"BreadcrumbList","@id":"http:\/\/tmp.warp-poligon.info\/si\/najvecji-slovenski-pesnik-v-hisi-senoa\/#breadcrumb","itemListElement":[{"@type":"ListItem","position":1,"name":"Home","item":"http:\/\/tmp.warp-poligon.info\/si\/"},{"@type":"ListItem","position":2,"name":"Najve\u010dji slovenski pesnik v Hi\u0161i \u0160enoa"}]},{"@type":"WebSite","@id":"http:\/\/tmp.warp-poligon.info\/si\/#website","url":"http:\/\/tmp.warp-poligon.info\/si\/","name":"Slovenski dom in Svet slovenske nacionalne manj\u0161ine Mesta Zagreb","description":"","potentialAction":[{"@type":"SearchAction","target":{"@type":"EntryPoint","urlTemplate":"http:\/\/tmp.warp-poligon.info\/si\/?s={search_term_string}"},"query-input":"required name=search_term_string"}],"inLanguage":"sl-SI"},{"@type":"Person","@id":"http:\/\/tmp.warp-poligon.info\/si\/#\/schema\/person\/a34ecc40aa73e6dd78780facef777d32","name":"agata","image":{"@type":"ImageObject","inLanguage":"sl-SI","@id":"http:\/\/tmp.warp-poligon.info\/si\/#\/schema\/person\/image\/","url":"http:\/\/1.gravatar.com\/avatar\/42c070b2dbf14a48e0639733f946c907?s=96&d=mm&r=g","contentUrl":"http:\/\/1.gravatar.com\/avatar\/42c070b2dbf14a48e0639733f946c907?s=96&d=mm&r=g","caption":"agata"},"url":"http:\/\/tmp.warp-poligon.info\/si\/author\/agata\/"}]}},"_links":{"self":[{"href":"http:\/\/tmp.warp-poligon.info\/si\/wp-json\/wp\/v2\/posts\/3568"}],"collection":[{"href":"http:\/\/tmp.warp-poligon.info\/si\/wp-json\/wp\/v2\/posts"}],"about":[{"href":"http:\/\/tmp.warp-poligon.info\/si\/wp-json\/wp\/v2\/types\/post"}],"author":[{"embeddable":true,"href":"http:\/\/tmp.warp-poligon.info\/si\/wp-json\/wp\/v2\/users\/3"}],"replies":[{"embeddable":true,"href":"http:\/\/tmp.warp-poligon.info\/si\/wp-json\/wp\/v2\/comments?post=3568"}],"version-history":[{"count":1,"href":"http:\/\/tmp.warp-poligon.info\/si\/wp-json\/wp\/v2\/posts\/3568\/revisions"}],"predecessor-version":[{"id":3579,"href":"http:\/\/tmp.warp-poligon.info\/si\/wp-json\/wp\/v2\/posts\/3568\/revisions\/3579"}],"wp:featuredmedia":[{"embeddable":true,"href":"http:\/\/tmp.warp-poligon.info\/si\/wp-json\/wp\/v2\/media\/3581"}],"wp:attachment":[{"href":"http:\/\/tmp.warp-poligon.info\/si\/wp-json\/wp\/v2\/media?parent=3568"}],"wp:term":[{"taxonomy":"category","embeddable":true,"href":"http:\/\/tmp.warp-poligon.info\/si\/wp-json\/wp\/v2\/categories?post=3568"},{"taxonomy":"post_tag","embeddable":true,"href":"http:\/\/tmp.warp-poligon.info\/si\/wp-json\/wp\/v2\/tags?post=3568"}],"curies":[{"name":"wp","href":"https:\/\/api.w.org\/{rel}","templated":true}]}}