{"id":3997,"date":"2019-12-08T12:06:07","date_gmt":"2019-12-08T11:06:07","guid":{"rendered":"http:\/\/tmp.warp-poligon.info\/si\/?p=3997"},"modified":"2019-12-11T15:21:35","modified_gmt":"2019-12-11T14:21:35","slug":"dan-koordinacije-svetov-predstavnikov-narodnih-manjsin-mesta-zagreb-2","status":"publish","type":"post","link":"http:\/\/tmp.warp-poligon.info\/si\/dan-koordinacije-svetov-predstavnikov-narodnih-manjsin-mesta-zagreb-2\/","title":{"rendered":"Dan Koordinacije svetov in predstavnikov narodnih manj\u0161in Mesta Zagreb"},"content":{"rendered":"<p>Zagreb &#8211;\u00a0Slovesnost ob dnevu Koordinacije svetov in predstavnikov narodnih manj\u0161in Mesta Zagreb je tradicionalno potekala v Mali koncertni dvorani Vatroslava Lisinskega. Nastopali so zbor <em>Bulbuli<\/em> (Bo\u0161njaki), glasbena sekcija mladih Ady Endre (Mad\u017eari), Daniela Petkoska (Makedonci), folklorni skupini <em>Zagreba\u010dko suna\u0161ce<\/em> in <em>Jeteli\u010dek<\/em> (\u010cehi), zbor <em>Montenegro<\/em> (\u010crnogorci) ter slovenski tenorist Matic Zakonj\u0161ek, ki je ob spremljavi pianistke Dore Ivekovi\u0107 zapel pesmi Ples v rde\u010dem, Ko mislim nate in Domovini.<\/p>\n<p>Navzo\u010de so nagovorili predsednik Koordinacije svetov in predstavnikov narodnih manj\u0161in Mesta Zagreb Juraj Bahnik, predsednik Sveta za narodne manj\u0161ine RH Aleksandar Tolnauer in \u017eupan Milan Bandi\u0107. Slovesnosti s katero je obele\u017een tudi dan \u010dlovekovih pravic so se poleg pripadnikov narodnih manj\u0161in udele\u017eili tudi nekateri manj\u0161inski poslanci, predstavniki veleposlani\u0161tev ter dr\u017eavnih in mestnih institucij. (akm)<\/p>\n<p>Ve\u010d v Novem odmevu 72.<\/p>\n<p>Foto: akm<\/p>\n\n\t\t<style type=\"text\/css\">\n\t\t\t#gallery-1 {\n\t\t\t\tmargin: auto;\n\t\t\t}\n\t\t\t#gallery-1 .gallery-item {\n\t\t\t\tfloat: left;\n\t\t\t\tmargin-top: 10px;\n\t\t\t\ttext-align: center;\n\t\t\t\twidth: 33%;\n\t\t\t}\n\t\t\t#gallery-1 img {\n\t\t\t\tborder: 2px solid #cfcfcf;\n\t\t\t}\n\t\t\t#gallery-1 .gallery-caption {\n\t\t\t\tmargin-left: 0;\n\t\t\t}\n\t\t\t\/* see gallery_shortcode() in wp-includes\/media.php *\/\n\t\t<\/style>\n\t\t<div id='gallery-1' class='gallery galleryid-3997 gallery-columns-3 gallery-size-medium'><dl class='gallery-item'>\n\t\t\t<dt class='gallery-icon landscape'>\n\t\t\t\t<a href='http:\/\/tmp.warp-poligon.info\/si\/wp-content\/uploads\/sites\/2\/2019\/12\/DK1.jpg'><img decoding=\"async\" width=\"300\" height=\"225\" src=\"http:\/\/tmp.warp-poligon.info\/si\/wp-content\/uploads\/sites\/2\/2019\/12\/DK1-300x225.jpg\" class=\"attachment-medium size-medium\" alt=\"\" aria-describedby=\"gallery-1-3998\" srcset=\"http:\/\/tmp.warp-poligon.info\/si\/wp-content\/uploads\/sites\/2\/2019\/12\/DK1-200x150.jpg 200w, http:\/\/tmp.warp-poligon.info\/si\/wp-content\/uploads\/sites\/2\/2019\/12\/DK1-300x225.jpg 300w, http:\/\/tmp.warp-poligon.info\/si\/wp-content\/uploads\/sites\/2\/2019\/12\/DK1-400x300.jpg 400w, http:\/\/tmp.warp-poligon.info\/si\/wp-content\/uploads\/sites\/2\/2019\/12\/DK1-600x450.jpg 600w, http:\/\/tmp.warp-poligon.info\/si\/wp-content\/uploads\/sites\/2\/2019\/12\/DK1.jpg 700w\" sizes=\"(max-width: 300px) 100vw, 300px\" \/><\/a>\n\t\t\t<\/dt>\n\t\t\t\t<dd class='wp-caption-text gallery-caption' id='gallery-1-3998'>\n\t\t\t\tJuraj Bahnik \n\t\t\t\t<\/dd><\/dl><dl class='gallery-item'>\n\t\t\t<dt class='gallery-icon landscape'>\n\t\t\t\t<a href='http:\/\/tmp.warp-poligon.info\/si\/wp-content\/uploads\/sites\/2\/2019\/12\/DK2.jpg'><img decoding=\"async\" width=\"300\" height=\"225\" src=\"http:\/\/tmp.warp-poligon.info\/si\/wp-content\/uploads\/sites\/2\/2019\/12\/DK2-300x225.jpg\" class=\"attachment-medium size-medium\" alt=\"\" aria-describedby=\"gallery-1-3999\" srcset=\"http:\/\/tmp.warp-poligon.info\/si\/wp-content\/uploads\/sites\/2\/2019\/12\/DK2-200x150.jpg 200w, http:\/\/tmp.warp-poligon.info\/si\/wp-content\/uploads\/sites\/2\/2019\/12\/DK2-300x225.jpg 300w, http:\/\/tmp.warp-poligon.info\/si\/wp-content\/uploads\/sites\/2\/2019\/12\/DK2-400x300.jpg 400w, http:\/\/tmp.warp-poligon.info\/si\/wp-content\/uploads\/sites\/2\/2019\/12\/DK2-600x450.jpg 600w, http:\/\/tmp.warp-poligon.info\/si\/wp-content\/uploads\/sites\/2\/2019\/12\/DK2.jpg 700w\" sizes=\"(max-width: 300px) 100vw, 300px\" \/><\/a>\n\t\t\t<\/dt>\n\t\t\t\t<dd class='wp-caption-text gallery-caption' id='gallery-1-3999'>\n\t\t\t\tAleksandar Tolnauer\n\t\t\t\t<\/dd><\/dl><dl class='gallery-item'>\n\t\t\t<dt class='gallery-icon landscape'>\n\t\t\t\t<a href='http:\/\/tmp.warp-poligon.info\/si\/wp-content\/uploads\/sites\/2\/2019\/12\/DK3.jpg'><img decoding=\"async\" width=\"300\" height=\"225\" src=\"http:\/\/tmp.warp-poligon.info\/si\/wp-content\/uploads\/sites\/2\/2019\/12\/DK3-300x225.jpg\" class=\"attachment-medium size-medium\" alt=\"\" aria-describedby=\"gallery-1-4000\" srcset=\"http:\/\/tmp.warp-poligon.info\/si\/wp-content\/uploads\/sites\/2\/2019\/12\/DK3-200x150.jpg 200w, http:\/\/tmp.warp-poligon.info\/si\/wp-content\/uploads\/sites\/2\/2019\/12\/DK3-300x225.jpg 300w, http:\/\/tmp.warp-poligon.info\/si\/wp-content\/uploads\/sites\/2\/2019\/12\/DK3-400x300.jpg 400w, http:\/\/tmp.warp-poligon.info\/si\/wp-content\/uploads\/sites\/2\/2019\/12\/DK3-600x450.jpg 600w, http:\/\/tmp.warp-poligon.info\/si\/wp-content\/uploads\/sites\/2\/2019\/12\/DK3.jpg 700w\" sizes=\"(max-width: 300px) 100vw, 300px\" \/><\/a>\n\t\t\t<\/dt>\n\t\t\t\t<dd class='wp-caption-text gallery-caption' id='gallery-1-4000'>\n\t\t\t\tMilan Bandi\u0107 \n\t\t\t\t<\/dd><\/dl><br style=\"clear: both\" \/><dl class='gallery-item'>\n\t\t\t<dt class='gallery-icon landscape'>\n\t\t\t\t<a href='http:\/\/tmp.warp-poligon.info\/si\/wp-content\/uploads\/sites\/2\/2019\/12\/DK4.jpg'><img decoding=\"async\" width=\"300\" height=\"225\" src=\"http:\/\/tmp.warp-poligon.info\/si\/wp-content\/uploads\/sites\/2\/2019\/12\/DK4-300x225.jpg\" class=\"attachment-medium size-medium\" alt=\"\" aria-describedby=\"gallery-1-4001\" srcset=\"http:\/\/tmp.warp-poligon.info\/si\/wp-content\/uploads\/sites\/2\/2019\/12\/DK4-200x150.jpg 200w, http:\/\/tmp.warp-poligon.info\/si\/wp-content\/uploads\/sites\/2\/2019\/12\/DK4-300x225.jpg 300w, http:\/\/tmp.warp-poligon.info\/si\/wp-content\/uploads\/sites\/2\/2019\/12\/DK4-400x300.jpg 400w, http:\/\/tmp.warp-poligon.info\/si\/wp-content\/uploads\/sites\/2\/2019\/12\/DK4-600x450.jpg 600w, http:\/\/tmp.warp-poligon.info\/si\/wp-content\/uploads\/sites\/2\/2019\/12\/DK4.jpg 700w\" sizes=\"(max-width: 300px) 100vw, 300px\" \/><\/a>\n\t\t\t<\/dt>\n\t\t\t\t<dd class='wp-caption-text gallery-caption' id='gallery-1-4001'>\n\t\t\t\tZbor Bulbuli \n\t\t\t\t<\/dd><\/dl><dl class='gallery-item'>\n\t\t\t<dt class='gallery-icon landscape'>\n\t\t\t\t<a href='http:\/\/tmp.warp-poligon.info\/si\/wp-content\/uploads\/sites\/2\/2019\/12\/DK5.jpg'><img decoding=\"async\" width=\"300\" height=\"225\" src=\"http:\/\/tmp.warp-poligon.info\/si\/wp-content\/uploads\/sites\/2\/2019\/12\/DK5-300x225.jpg\" class=\"attachment-medium size-medium\" alt=\"\" aria-describedby=\"gallery-1-4002\" srcset=\"http:\/\/tmp.warp-poligon.info\/si\/wp-content\/uploads\/sites\/2\/2019\/12\/DK5-200x150.jpg 200w, http:\/\/tmp.warp-poligon.info\/si\/wp-content\/uploads\/sites\/2\/2019\/12\/DK5-300x225.jpg 300w, http:\/\/tmp.warp-poligon.info\/si\/wp-content\/uploads\/sites\/2\/2019\/12\/DK5-400x300.jpg 400w, http:\/\/tmp.warp-poligon.info\/si\/wp-content\/uploads\/sites\/2\/2019\/12\/DK5-600x450.jpg 600w, http:\/\/tmp.warp-poligon.info\/si\/wp-content\/uploads\/sites\/2\/2019\/12\/DK5.jpg 700w\" sizes=\"(max-width: 300px) 100vw, 300px\" \/><\/a>\n\t\t\t<\/dt>\n\t\t\t\t<dd class='wp-caption-text gallery-caption' id='gallery-1-4002'>\n\t\t\t\tGlasbena sekcija mladih Ady Endre \n\t\t\t\t<\/dd><\/dl><dl class='gallery-item'>\n\t\t\t<dt class='gallery-icon landscape'>\n\t\t\t\t<a href='http:\/\/tmp.warp-poligon.info\/si\/wp-content\/uploads\/sites\/2\/2019\/12\/DK6.jpg'><img decoding=\"async\" width=\"300\" height=\"225\" src=\"http:\/\/tmp.warp-poligon.info\/si\/wp-content\/uploads\/sites\/2\/2019\/12\/DK6-300x225.jpg\" class=\"attachment-medium size-medium\" alt=\"\" aria-describedby=\"gallery-1-4003\" srcset=\"http:\/\/tmp.warp-poligon.info\/si\/wp-content\/uploads\/sites\/2\/2019\/12\/DK6-200x150.jpg 200w, http:\/\/tmp.warp-poligon.info\/si\/wp-content\/uploads\/sites\/2\/2019\/12\/DK6-300x225.jpg 300w, http:\/\/tmp.warp-poligon.info\/si\/wp-content\/uploads\/sites\/2\/2019\/12\/DK6-400x300.jpg 400w, http:\/\/tmp.warp-poligon.info\/si\/wp-content\/uploads\/sites\/2\/2019\/12\/DK6-600x450.jpg 600w, http:\/\/tmp.warp-poligon.info\/si\/wp-content\/uploads\/sites\/2\/2019\/12\/DK6.jpg 700w\" sizes=\"(max-width: 300px) 100vw, 300px\" \/><\/a>\n\t\t\t<\/dt>\n\t\t\t\t<dd class='wp-caption-text gallery-caption' id='gallery-1-4003'>\n\t\t\t\tDaniela Petkoska\n\t\t\t\t<\/dd><\/dl><br style=\"clear: both\" \/><dl class='gallery-item'>\n\t\t\t<dt class='gallery-icon landscape'>\n\t\t\t\t<a href='http:\/\/tmp.warp-poligon.info\/si\/wp-content\/uploads\/sites\/2\/2019\/12\/DK8.jpg'><img decoding=\"async\" width=\"300\" height=\"225\" src=\"http:\/\/tmp.warp-poligon.info\/si\/wp-content\/uploads\/sites\/2\/2019\/12\/DK8-300x225.jpg\" class=\"attachment-medium size-medium\" alt=\"\" aria-describedby=\"gallery-1-4005\" srcset=\"http:\/\/tmp.warp-poligon.info\/si\/wp-content\/uploads\/sites\/2\/2019\/12\/DK8-200x150.jpg 200w, http:\/\/tmp.warp-poligon.info\/si\/wp-content\/uploads\/sites\/2\/2019\/12\/DK8-300x225.jpg 300w, http:\/\/tmp.warp-poligon.info\/si\/wp-content\/uploads\/sites\/2\/2019\/12\/DK8-400x300.jpg 400w, http:\/\/tmp.warp-poligon.info\/si\/wp-content\/uploads\/sites\/2\/2019\/12\/DK8-600x450.jpg 600w, http:\/\/tmp.warp-poligon.info\/si\/wp-content\/uploads\/sites\/2\/2019\/12\/DK8.jpg 700w\" sizes=\"(max-width: 300px) 100vw, 300px\" \/><\/a>\n\t\t\t<\/dt>\n\t\t\t\t<dd class='wp-caption-text gallery-caption' id='gallery-1-4005'>\n\t\t\t\tZagreba\u010dko suna\u0161ce in Jeteli\u010dek \n\t\t\t\t<\/dd><\/dl><dl class='gallery-item'>\n\t\t\t<dt class='gallery-icon landscape'>\n\t\t\t\t<a href='http:\/\/tmp.warp-poligon.info\/si\/wp-content\/uploads\/sites\/2\/2019\/12\/Matic-Zakonjsek.jpg'><img decoding=\"async\" width=\"300\" height=\"200\" src=\"http:\/\/tmp.warp-poligon.info\/si\/wp-content\/uploads\/sites\/2\/2019\/12\/Matic-Zakonjsek-300x200.jpg\" class=\"attachment-medium size-medium\" alt=\"\" aria-describedby=\"gallery-1-4008\" srcset=\"http:\/\/tmp.warp-poligon.info\/si\/wp-content\/uploads\/sites\/2\/2019\/12\/Matic-Zakonjsek-200x133.jpg 200w, http:\/\/tmp.warp-poligon.info\/si\/wp-content\/uploads\/sites\/2\/2019\/12\/Matic-Zakonjsek-300x200.jpg 300w, http:\/\/tmp.warp-poligon.info\/si\/wp-content\/uploads\/sites\/2\/2019\/12\/Matic-Zakonjsek-400x267.jpg 400w, http:\/\/tmp.warp-poligon.info\/si\/wp-content\/uploads\/sites\/2\/2019\/12\/Matic-Zakonjsek-600x400.jpg 600w, http:\/\/tmp.warp-poligon.info\/si\/wp-content\/uploads\/sites\/2\/2019\/12\/Matic-Zakonjsek.jpg 700w\" sizes=\"(max-width: 300px) 100vw, 300px\" \/><\/a>\n\t\t\t<\/dt>\n\t\t\t\t<dd class='wp-caption-text gallery-caption' id='gallery-1-4008'>\n\t\t\t\tMatic Zakonj\u0161ek in Dora Ivekovi\u0107\n\t\t\t\t<\/dd><\/dl><dl class='gallery-item'>\n\t\t\t<dt class='gallery-icon landscape'>\n\t\t\t\t<a href='http:\/\/tmp.warp-poligon.info\/si\/wp-content\/uploads\/sites\/2\/2019\/12\/DK9.jpg'><img decoding=\"async\" width=\"300\" height=\"225\" src=\"http:\/\/tmp.warp-poligon.info\/si\/wp-content\/uploads\/sites\/2\/2019\/12\/DK9-300x225.jpg\" class=\"attachment-medium size-medium\" alt=\"\" aria-describedby=\"gallery-1-4006\" srcset=\"http:\/\/tmp.warp-poligon.info\/si\/wp-content\/uploads\/sites\/2\/2019\/12\/DK9-200x150.jpg 200w, http:\/\/tmp.warp-poligon.info\/si\/wp-content\/uploads\/sites\/2\/2019\/12\/DK9-300x225.jpg 300w, http:\/\/tmp.warp-poligon.info\/si\/wp-content\/uploads\/sites\/2\/2019\/12\/DK9-400x300.jpg 400w, http:\/\/tmp.warp-poligon.info\/si\/wp-content\/uploads\/sites\/2\/2019\/12\/DK9-600x450.jpg 600w, http:\/\/tmp.warp-poligon.info\/si\/wp-content\/uploads\/sites\/2\/2019\/12\/DK9.jpg 700w\" sizes=\"(max-width: 300px) 100vw, 300px\" \/><\/a>\n\t\t\t<\/dt>\n\t\t\t\t<dd class='wp-caption-text gallery-caption' id='gallery-1-4006'>\n\t\t\t\tZbor Montenegro\n\t\t\t\t<\/dd><\/dl><br style=\"clear: both\" \/>\n\t\t<\/div>\n\n","protected":false},"excerpt":{"rendered":"<p>Zagreb &#8211;\u00a0Slovesnost ob dnevu Koordinacije svetov in predstavnikov narodnih manj\u0161in Mesta Zagreb je tradicionalno potekala v Mali koncertni dvorani Vatroslava Lisinskega. Nastopali so zbor Bulbuli (Bo\u0161njaki), glasbena sekcija mladih Ady Endre (Mad\u017eari), Daniela Petkoska (Makedonci), folklorni skupini Zagreba\u010dko suna\u0161ce in Jeteli\u010dek (\u010cehi), zbor Montenegro (\u010crnogorci) ter slovenski tenorist Matic Zakonj\u0161ek, ki je ob spremljavi pianistke [&hellip;]<\/p>\n","protected":false},"author":3,"featured_media":4009,"comment_status":"closed","ping_status":"open","sticky":false,"template":"","format":"standard","meta":{"footnotes":""},"categories":[5],"tags":[],"yoast_head":"<!-- This site is optimized with the Yoast SEO plugin v21.9.1 - https:\/\/yoast.com\/wordpress\/plugins\/seo\/ -->\n<title>Dan Koordinacije svetov in predstavnikov narodnih manj\u0161in Mesta Zagreb | Slovenski dom in Svet slovenske nacionalne manj\u0161ine Mesta Zagreb<\/title>\n<meta name=\"robots\" content=\"index, follow, max-snippet:-1, max-image-preview:large, max-video-preview:-1\" \/>\n<link rel=\"canonical\" href=\"http:\/\/tmp.warp-poligon.info\/si\/dan-koordinacije-svetov-predstavnikov-narodnih-manjsin-mesta-zagreb-2\/\" \/>\n<meta property=\"og:locale\" content=\"sl_SI\" \/>\n<meta property=\"og:type\" content=\"article\" \/>\n<meta property=\"og:title\" content=\"Dan Koordinacije svetov in predstavnikov narodnih manj\u0161in Mesta Zagreb | Slovenski dom in Svet slovenske nacionalne manj\u0161ine Mesta Zagreb\" \/>\n<meta property=\"og:description\" content=\"Zagreb &#8211;\u00a0Slovesnost ob dnevu Koordinacije svetov in predstavnikov narodnih manj\u0161in Mesta Zagreb je tradicionalno potekala v Mali koncertni dvorani Vatroslava Lisinskega. Nastopali so zbor Bulbuli (Bo\u0161njaki), glasbena sekcija mladih Ady Endre (Mad\u017eari), Daniela Petkoska (Makedonci), folklorni skupini Zagreba\u010dko suna\u0161ce in Jeteli\u010dek (\u010cehi), zbor Montenegro (\u010crnogorci) ter slovenski tenorist Matic Zakonj\u0161ek, ki je ob spremljavi pianistke [&hellip;]\" \/>\n<meta property=\"og:url\" content=\"http:\/\/tmp.warp-poligon.info\/si\/dan-koordinacije-svetov-predstavnikov-narodnih-manjsin-mesta-zagreb-2\/\" \/>\n<meta property=\"og:site_name\" content=\"Slovenski dom in Svet slovenske nacionalne manj\u0161ine Mesta Zagreb\" \/>\n<meta property=\"article:published_time\" content=\"2019-12-08T11:06:07+00:00\" \/>\n<meta property=\"article:modified_time\" content=\"2019-12-11T14:21:35+00:00\" \/>\n<meta property=\"og:image\" content=\"http:\/\/tmp.warp-poligon.info\/si\/wp-content\/uploads\/sites\/2\/2019\/12\/Matic-Zakonjsek_naslovna.jpg\" \/>\n\t<meta property=\"og:image:width\" content=\"200\" \/>\n\t<meta property=\"og:image:height\" content=\"133\" \/>\n\t<meta property=\"og:image:type\" content=\"image\/jpeg\" \/>\n<meta name=\"author\" content=\"agata\" \/>\n<meta name=\"twitter:label1\" content=\"Written by\" \/>\n\t<meta name=\"twitter:data1\" content=\"agata\" \/>\n\t<meta name=\"twitter:label2\" content=\"Est. reading time\" \/>\n\t<meta name=\"twitter:data2\" content=\"1 minuta\" \/>\n<script type=\"application\/ld+json\" class=\"yoast-schema-graph\">{\"@context\":\"https:\/\/schema.org\",\"@graph\":[{\"@type\":\"WebPage\",\"@id\":\"http:\/\/tmp.warp-poligon.info\/si\/dan-koordinacije-svetov-predstavnikov-narodnih-manjsin-mesta-zagreb-2\/\",\"url\":\"http:\/\/tmp.warp-poligon.info\/si\/dan-koordinacije-svetov-predstavnikov-narodnih-manjsin-mesta-zagreb-2\/\",\"name\":\"Dan Koordinacije svetov in predstavnikov narodnih manj\u0161in Mesta Zagreb | Slovenski dom in Svet slovenske nacionalne manj\u0161ine Mesta Zagreb\",\"isPartOf\":{\"@id\":\"http:\/\/tmp.warp-poligon.info\/si\/#website\"},\"datePublished\":\"2019-12-08T11:06:07+00:00\",\"dateModified\":\"2019-12-11T14:21:35+00:00\",\"author\":{\"@id\":\"http:\/\/tmp.warp-poligon.info\/si\/#\/schema\/person\/a34ecc40aa73e6dd78780facef777d32\"},\"breadcrumb\":{\"@id\":\"http:\/\/tmp.warp-poligon.info\/si\/dan-koordinacije-svetov-predstavnikov-narodnih-manjsin-mesta-zagreb-2\/#breadcrumb\"},\"inLanguage\":\"sl-SI\",\"potentialAction\":[{\"@type\":\"ReadAction\",\"target\":[\"http:\/\/tmp.warp-poligon.info\/si\/dan-koordinacije-svetov-predstavnikov-narodnih-manjsin-mesta-zagreb-2\/\"]}]},{\"@type\":\"BreadcrumbList\",\"@id\":\"http:\/\/tmp.warp-poligon.info\/si\/dan-koordinacije-svetov-predstavnikov-narodnih-manjsin-mesta-zagreb-2\/#breadcrumb\",\"itemListElement\":[{\"@type\":\"ListItem\",\"position\":1,\"name\":\"Home\",\"item\":\"http:\/\/tmp.warp-poligon.info\/si\/\"},{\"@type\":\"ListItem\",\"position\":2,\"name\":\"Dan Koordinacije svetov in predstavnikov narodnih manj\u0161in Mesta Zagreb\"}]},{\"@type\":\"WebSite\",\"@id\":\"http:\/\/tmp.warp-poligon.info\/si\/#website\",\"url\":\"http:\/\/tmp.warp-poligon.info\/si\/\",\"name\":\"Slovenski dom in Svet slovenske nacionalne manj\u0161ine Mesta Zagreb\",\"description\":\"\",\"potentialAction\":[{\"@type\":\"SearchAction\",\"target\":{\"@type\":\"EntryPoint\",\"urlTemplate\":\"http:\/\/tmp.warp-poligon.info\/si\/?s={search_term_string}\"},\"query-input\":\"required name=search_term_string\"}],\"inLanguage\":\"sl-SI\"},{\"@type\":\"Person\",\"@id\":\"http:\/\/tmp.warp-poligon.info\/si\/#\/schema\/person\/a34ecc40aa73e6dd78780facef777d32\",\"name\":\"agata\",\"image\":{\"@type\":\"ImageObject\",\"inLanguage\":\"sl-SI\",\"@id\":\"http:\/\/tmp.warp-poligon.info\/si\/#\/schema\/person\/image\/\",\"url\":\"http:\/\/1.gravatar.com\/avatar\/42c070b2dbf14a48e0639733f946c907?s=96&d=mm&r=g\",\"contentUrl\":\"http:\/\/1.gravatar.com\/avatar\/42c070b2dbf14a48e0639733f946c907?s=96&d=mm&r=g\",\"caption\":\"agata\"},\"url\":\"http:\/\/tmp.warp-poligon.info\/si\/author\/agata\/\"}]}<\/script>\n<!-- \/ Yoast SEO plugin. -->","yoast_head_json":{"title":"Dan Koordinacije svetov in predstavnikov narodnih manj\u0161in Mesta Zagreb | Slovenski dom in Svet slovenske nacionalne manj\u0161ine Mesta Zagreb","robots":{"index":"index","follow":"follow","max-snippet":"max-snippet:-1","max-image-preview":"max-image-preview:large","max-video-preview":"max-video-preview:-1"},"canonical":"http:\/\/tmp.warp-poligon.info\/si\/dan-koordinacije-svetov-predstavnikov-narodnih-manjsin-mesta-zagreb-2\/","og_locale":"sl_SI","og_type":"article","og_title":"Dan Koordinacije svetov in predstavnikov narodnih manj\u0161in Mesta Zagreb | Slovenski dom in Svet slovenske nacionalne manj\u0161ine Mesta Zagreb","og_description":"Zagreb &#8211;\u00a0Slovesnost ob dnevu Koordinacije svetov in predstavnikov narodnih manj\u0161in Mesta Zagreb je tradicionalno potekala v Mali koncertni dvorani Vatroslava Lisinskega. Nastopali so zbor Bulbuli (Bo\u0161njaki), glasbena sekcija mladih Ady Endre (Mad\u017eari), Daniela Petkoska (Makedonci), folklorni skupini Zagreba\u010dko suna\u0161ce in Jeteli\u010dek (\u010cehi), zbor Montenegro (\u010crnogorci) ter slovenski tenorist Matic Zakonj\u0161ek, ki je ob spremljavi pianistke [&hellip;]","og_url":"http:\/\/tmp.warp-poligon.info\/si\/dan-koordinacije-svetov-predstavnikov-narodnih-manjsin-mesta-zagreb-2\/","og_site_name":"Slovenski dom in Svet slovenske nacionalne manj\u0161ine Mesta Zagreb","article_published_time":"2019-12-08T11:06:07+00:00","article_modified_time":"2019-12-11T14:21:35+00:00","og_image":[{"width":200,"height":133,"url":"http:\/\/tmp.warp-poligon.info\/si\/wp-content\/uploads\/sites\/2\/2019\/12\/Matic-Zakonjsek_naslovna.jpg","type":"image\/jpeg"}],"author":"agata","twitter_misc":{"Written by":"agata","Est. reading time":"1 minuta"},"schema":{"@context":"https:\/\/schema.org","@graph":[{"@type":"WebPage","@id":"http:\/\/tmp.warp-poligon.info\/si\/dan-koordinacije-svetov-predstavnikov-narodnih-manjsin-mesta-zagreb-2\/","url":"http:\/\/tmp.warp-poligon.info\/si\/dan-koordinacije-svetov-predstavnikov-narodnih-manjsin-mesta-zagreb-2\/","name":"Dan Koordinacije svetov in predstavnikov narodnih manj\u0161in Mesta Zagreb | Slovenski dom in Svet slovenske nacionalne manj\u0161ine Mesta Zagreb","isPartOf":{"@id":"http:\/\/tmp.warp-poligon.info\/si\/#website"},"datePublished":"2019-12-08T11:06:07+00:00","dateModified":"2019-12-11T14:21:35+00:00","author":{"@id":"http:\/\/tmp.warp-poligon.info\/si\/#\/schema\/person\/a34ecc40aa73e6dd78780facef777d32"},"breadcrumb":{"@id":"http:\/\/tmp.warp-poligon.info\/si\/dan-koordinacije-svetov-predstavnikov-narodnih-manjsin-mesta-zagreb-2\/#breadcrumb"},"inLanguage":"sl-SI","potentialAction":[{"@type":"ReadAction","target":["http:\/\/tmp.warp-poligon.info\/si\/dan-koordinacije-svetov-predstavnikov-narodnih-manjsin-mesta-zagreb-2\/"]}]},{"@type":"BreadcrumbList","@id":"http:\/\/tmp.warp-poligon.info\/si\/dan-koordinacije-svetov-predstavnikov-narodnih-manjsin-mesta-zagreb-2\/#breadcrumb","itemListElement":[{"@type":"ListItem","position":1,"name":"Home","item":"http:\/\/tmp.warp-poligon.info\/si\/"},{"@type":"ListItem","position":2,"name":"Dan Koordinacije svetov in predstavnikov narodnih manj\u0161in Mesta Zagreb"}]},{"@type":"WebSite","@id":"http:\/\/tmp.warp-poligon.info\/si\/#website","url":"http:\/\/tmp.warp-poligon.info\/si\/","name":"Slovenski dom in Svet slovenske nacionalne manj\u0161ine Mesta Zagreb","description":"","potentialAction":[{"@type":"SearchAction","target":{"@type":"EntryPoint","urlTemplate":"http:\/\/tmp.warp-poligon.info\/si\/?s={search_term_string}"},"query-input":"required name=search_term_string"}],"inLanguage":"sl-SI"},{"@type":"Person","@id":"http:\/\/tmp.warp-poligon.info\/si\/#\/schema\/person\/a34ecc40aa73e6dd78780facef777d32","name":"agata","image":{"@type":"ImageObject","inLanguage":"sl-SI","@id":"http:\/\/tmp.warp-poligon.info\/si\/#\/schema\/person\/image\/","url":"http:\/\/1.gravatar.com\/avatar\/42c070b2dbf14a48e0639733f946c907?s=96&d=mm&r=g","contentUrl":"http:\/\/1.gravatar.com\/avatar\/42c070b2dbf14a48e0639733f946c907?s=96&d=mm&r=g","caption":"agata"},"url":"http:\/\/tmp.warp-poligon.info\/si\/author\/agata\/"}]}},"_links":{"self":[{"href":"http:\/\/tmp.warp-poligon.info\/si\/wp-json\/wp\/v2\/posts\/3997"}],"collection":[{"href":"http:\/\/tmp.warp-poligon.info\/si\/wp-json\/wp\/v2\/posts"}],"about":[{"href":"http:\/\/tmp.warp-poligon.info\/si\/wp-json\/wp\/v2\/types\/post"}],"author":[{"embeddable":true,"href":"http:\/\/tmp.warp-poligon.info\/si\/wp-json\/wp\/v2\/users\/3"}],"replies":[{"embeddable":true,"href":"http:\/\/tmp.warp-poligon.info\/si\/wp-json\/wp\/v2\/comments?post=3997"}],"version-history":[{"count":1,"href":"http:\/\/tmp.warp-poligon.info\/si\/wp-json\/wp\/v2\/posts\/3997\/revisions"}],"predecessor-version":[{"id":4010,"href":"http:\/\/tmp.warp-poligon.info\/si\/wp-json\/wp\/v2\/posts\/3997\/revisions\/4010"}],"wp:featuredmedia":[{"embeddable":true,"href":"http:\/\/tmp.warp-poligon.info\/si\/wp-json\/wp\/v2\/media\/4009"}],"wp:attachment":[{"href":"http:\/\/tmp.warp-poligon.info\/si\/wp-json\/wp\/v2\/media?parent=3997"}],"wp:term":[{"taxonomy":"category","embeddable":true,"href":"http:\/\/tmp.warp-poligon.info\/si\/wp-json\/wp\/v2\/categories?post=3997"},{"taxonomy":"post_tag","embeddable":true,"href":"http:\/\/tmp.warp-poligon.info\/si\/wp-json\/wp\/v2\/tags?post=3997"}],"curies":[{"name":"wp","href":"https:\/\/api.w.org\/{rel}","templated":true}]}}