{"id":4662,"date":"2021-04-16T14:47:40","date_gmt":"2021-04-16T12:47:40","guid":{"rendered":"http:\/\/tmp.warp-poligon.info\/si\/?p=4662"},"modified":"2021-04-21T13:15:46","modified_gmt":"2021-04-21T11:15:46","slug":"v-spomin-vinko-glasnovic-1933-2021","status":"publish","type":"post","link":"http:\/\/tmp.warp-poligon.info\/si\/v-spomin-vinko-glasnovic-1933-2021\/","title":{"rendered":"V slovo Vinku Glasnovi\u0107u (1933 &#8211; 2021)"},"content":{"rendered":"<p>V Zagrebu je 15. aprila, v 88. letu starosti umrl skladatelj, dirigent, pevec in zborovodja, prof. Vinko Glasnov\u0107.<\/p>\n<p>Odli\u010den poznavalec in ljubitelj slovenske cerkvene glasbe kot tudi slovenskega jezika, je uspe\u0161no sodelovanje s Slovenskim domom Zagreb za\u010del po upokojitvi leta 1993, ko je prevzel vodenje pevskega zbora duhovne sekcije Antona Martina Slom\u0161ka. Rodil se je 6. septembra 1933 v Janjevu (Kosovo), izobra\u017eeval se je v ve\u010d mestih, med drugim v Skopju, Zagrebu in Ljubljani, kjer je diplomiral iz petja in dirigiranja pri profesorju Cirilu Cvetku na Akademiji za glasbo. Dolga leta je pou\u010deval glasbeno vzgojo in kulturo v osnovnih in glasbenih \u0161olah na Hrva\u0161kem, bil je direktor glasbene \u0161ole Vatroslava Lisinskega v Bjelovarju in osnovne \u0161ole Antuna Branka \u0160imi\u0107a v Zagrebu.<\/p>\n<p>Profesor Glasnovi\u0107 je bil zborovodja \u0161tevilnih zborov v Sloveniji in na Hrva\u0161kem, njegov obse\u017een kompozicijski opus krasi predvsem zborovska in vokalna glasba. V slovenskem jeziku je priredil in uglasbil ve\u010d Slom\u0161kovih pesmi in pesmi drugih slovenskih avtorjev, tri ma\u0161e, ki jih je sestavil v latin\u0161\u010dini, od katerih je ena posve\u010dena Antonu Martinu Slom\u0161ku, so bile na nastopih pevskega zbora duhovne sekcije Antona Martina Slom\u0161ka nepogre\u0161ljiv del repertoarja.<\/p>\n<p>Za svoje predano delo je prejel mnoge nagrade in priznanja, med drugim srebrno in zlato Gallusovo zna\u010dko Javnega sklada Republike Slovenije za kulturne dejavnosti ter Red Danice Hrva\u0161ke z likom Marka Maruli\u0107a za posebne zasluge v kulturi.<\/p>\n<p>Slovo od spo\u0161tovanega prof. Vinka Glasnovi\u0107a bo v krogu dru\u017eine. (akm)<\/p>\n\n\t\t<style type=\"text\/css\">\n\t\t\t#gallery-1 {\n\t\t\t\tmargin: auto;\n\t\t\t}\n\t\t\t#gallery-1 .gallery-item {\n\t\t\t\tfloat: left;\n\t\t\t\tmargin-top: 10px;\n\t\t\t\ttext-align: center;\n\t\t\t\twidth: 100%;\n\t\t\t}\n\t\t\t#gallery-1 img {\n\t\t\t\tborder: 2px solid #cfcfcf;\n\t\t\t}\n\t\t\t#gallery-1 .gallery-caption {\n\t\t\t\tmargin-left: 0;\n\t\t\t}\n\t\t\t\/* see gallery_shortcode() in wp-includes\/media.php *\/\n\t\t<\/style>\n\t\t<div id='gallery-1' class='gallery galleryid-4662 gallery-columns-1 gallery-size-medium'><dl class='gallery-item'>\n\t\t\t<dt class='gallery-icon landscape'>\n\t\t\t\t<a href='http:\/\/tmp.warp-poligon.info\/si\/wp-content\/uploads\/sites\/2\/2021\/04\/prof-Vinko-Glasnovic.jpg'><img decoding=\"async\" width=\"300\" height=\"225\" src=\"http:\/\/tmp.warp-poligon.info\/si\/wp-content\/uploads\/sites\/2\/2021\/04\/prof-Vinko-Glasnovic-300x225.jpg\" class=\"attachment-medium size-medium\" alt=\"\" aria-describedby=\"gallery-1-4663\" srcset=\"http:\/\/tmp.warp-poligon.info\/si\/wp-content\/uploads\/sites\/2\/2021\/04\/prof-Vinko-Glasnovic-200x150.jpg 200w, http:\/\/tmp.warp-poligon.info\/si\/wp-content\/uploads\/sites\/2\/2021\/04\/prof-Vinko-Glasnovic-300x225.jpg 300w, http:\/\/tmp.warp-poligon.info\/si\/wp-content\/uploads\/sites\/2\/2021\/04\/prof-Vinko-Glasnovic-400x300.jpg 400w, http:\/\/tmp.warp-poligon.info\/si\/wp-content\/uploads\/sites\/2\/2021\/04\/prof-Vinko-Glasnovic-600x450.jpg 600w, http:\/\/tmp.warp-poligon.info\/si\/wp-content\/uploads\/sites\/2\/2021\/04\/prof-Vinko-Glasnovic.jpg 700w\" sizes=\"(max-width: 300px) 100vw, 300px\" \/><\/a>\n\t\t\t<\/dt>\n\t\t\t\t<dd class='wp-caption-text gallery-caption' id='gallery-1-4663'>\n\t\t\t\tProf. Vinko Glasnovi\u0107 v klubu Moja de\u017eela v Slovenskem domu Zagreb. Foto: MBB\n\t\t\t\t<\/dd><\/dl><br style=\"clear: both\" \/>\n\t\t<\/div>\n\n<p>&nbsp;<\/p>\n","protected":false},"excerpt":{"rendered":"<p>V Zagrebu je 15. aprila, v 88. letu starosti umrl skladatelj, dirigent, pevec in zborovodja, prof. Vinko Glasnov\u0107. Odli\u010den poznavalec in ljubitelj slovenske cerkvene glasbe kot tudi slovenskega jezika, je uspe\u0161no sodelovanje s Slovenskim domom Zagreb za\u010del po upokojitvi leta 1993, ko je prevzel vodenje pevskega zbora duhovne sekcije Antona Martina Slom\u0161ka. Rodil se je [&hellip;]<\/p>\n","protected":false},"author":3,"featured_media":4663,"comment_status":"closed","ping_status":"open","sticky":false,"template":"","format":"standard","meta":{"footnotes":""},"categories":[5],"tags":[],"yoast_head":"<!-- This site is optimized with the Yoast SEO plugin v21.9.1 - https:\/\/yoast.com\/wordpress\/plugins\/seo\/ -->\n<title>V slovo Vinku Glasnovi\u0107u (1933 - 2021) | Slovenski dom in Svet slovenske nacionalne manj\u0161ine Mesta Zagreb<\/title>\n<meta name=\"robots\" content=\"index, follow, max-snippet:-1, max-image-preview:large, max-video-preview:-1\" \/>\n<link rel=\"canonical\" href=\"http:\/\/tmp.warp-poligon.info\/si\/v-spomin-vinko-glasnovic-1933-2021\/\" \/>\n<meta property=\"og:locale\" content=\"sl_SI\" \/>\n<meta property=\"og:type\" content=\"article\" \/>\n<meta property=\"og:title\" content=\"V slovo Vinku Glasnovi\u0107u (1933 - 2021) | Slovenski dom in Svet slovenske nacionalne manj\u0161ine Mesta Zagreb\" \/>\n<meta property=\"og:description\" content=\"V Zagrebu je 15. aprila, v 88. letu starosti umrl skladatelj, dirigent, pevec in zborovodja, prof. Vinko Glasnov\u0107. Odli\u010den poznavalec in ljubitelj slovenske cerkvene glasbe kot tudi slovenskega jezika, je uspe\u0161no sodelovanje s Slovenskim domom Zagreb za\u010del po upokojitvi leta 1993, ko je prevzel vodenje pevskega zbora duhovne sekcije Antona Martina Slom\u0161ka. Rodil se je [&hellip;]\" \/>\n<meta property=\"og:url\" content=\"http:\/\/tmp.warp-poligon.info\/si\/v-spomin-vinko-glasnovic-1933-2021\/\" \/>\n<meta property=\"og:site_name\" content=\"Slovenski dom in Svet slovenske nacionalne manj\u0161ine Mesta Zagreb\" \/>\n<meta property=\"article:published_time\" content=\"2021-04-16T12:47:40+00:00\" \/>\n<meta property=\"article:modified_time\" content=\"2021-04-21T11:15:46+00:00\" \/>\n<meta property=\"og:image\" content=\"http:\/\/tmp.warp-poligon.info\/si\/wp-content\/uploads\/sites\/2\/2021\/04\/prof-Vinko-Glasnovic.jpg\" \/>\n\t<meta property=\"og:image:width\" content=\"700\" \/>\n\t<meta property=\"og:image:height\" content=\"525\" \/>\n\t<meta property=\"og:image:type\" content=\"image\/jpeg\" \/>\n<meta name=\"author\" content=\"agata\" \/>\n<meta name=\"twitter:label1\" content=\"Written by\" \/>\n\t<meta name=\"twitter:data1\" content=\"agata\" \/>\n\t<meta name=\"twitter:label2\" content=\"Est. reading time\" \/>\n\t<meta name=\"twitter:data2\" content=\"1 minuta\" \/>\n<script type=\"application\/ld+json\" class=\"yoast-schema-graph\">{\"@context\":\"https:\/\/schema.org\",\"@graph\":[{\"@type\":\"WebPage\",\"@id\":\"http:\/\/tmp.warp-poligon.info\/si\/v-spomin-vinko-glasnovic-1933-2021\/\",\"url\":\"http:\/\/tmp.warp-poligon.info\/si\/v-spomin-vinko-glasnovic-1933-2021\/\",\"name\":\"V slovo Vinku Glasnovi\u0107u (1933 - 2021) | Slovenski dom in Svet slovenske nacionalne manj\u0161ine Mesta Zagreb\",\"isPartOf\":{\"@id\":\"http:\/\/tmp.warp-poligon.info\/si\/#website\"},\"datePublished\":\"2021-04-16T12:47:40+00:00\",\"dateModified\":\"2021-04-21T11:15:46+00:00\",\"author\":{\"@id\":\"http:\/\/tmp.warp-poligon.info\/si\/#\/schema\/person\/a34ecc40aa73e6dd78780facef777d32\"},\"breadcrumb\":{\"@id\":\"http:\/\/tmp.warp-poligon.info\/si\/v-spomin-vinko-glasnovic-1933-2021\/#breadcrumb\"},\"inLanguage\":\"sl-SI\",\"potentialAction\":[{\"@type\":\"ReadAction\",\"target\":[\"http:\/\/tmp.warp-poligon.info\/si\/v-spomin-vinko-glasnovic-1933-2021\/\"]}]},{\"@type\":\"BreadcrumbList\",\"@id\":\"http:\/\/tmp.warp-poligon.info\/si\/v-spomin-vinko-glasnovic-1933-2021\/#breadcrumb\",\"itemListElement\":[{\"@type\":\"ListItem\",\"position\":1,\"name\":\"Home\",\"item\":\"http:\/\/tmp.warp-poligon.info\/si\/\"},{\"@type\":\"ListItem\",\"position\":2,\"name\":\"V slovo Vinku Glasnovi\u0107u (1933 &#8211; 2021)\"}]},{\"@type\":\"WebSite\",\"@id\":\"http:\/\/tmp.warp-poligon.info\/si\/#website\",\"url\":\"http:\/\/tmp.warp-poligon.info\/si\/\",\"name\":\"Slovenski dom in Svet slovenske nacionalne manj\u0161ine Mesta Zagreb\",\"description\":\"\",\"potentialAction\":[{\"@type\":\"SearchAction\",\"target\":{\"@type\":\"EntryPoint\",\"urlTemplate\":\"http:\/\/tmp.warp-poligon.info\/si\/?s={search_term_string}\"},\"query-input\":\"required name=search_term_string\"}],\"inLanguage\":\"sl-SI\"},{\"@type\":\"Person\",\"@id\":\"http:\/\/tmp.warp-poligon.info\/si\/#\/schema\/person\/a34ecc40aa73e6dd78780facef777d32\",\"name\":\"agata\",\"image\":{\"@type\":\"ImageObject\",\"inLanguage\":\"sl-SI\",\"@id\":\"http:\/\/tmp.warp-poligon.info\/si\/#\/schema\/person\/image\/\",\"url\":\"http:\/\/1.gravatar.com\/avatar\/42c070b2dbf14a48e0639733f946c907?s=96&d=mm&r=g\",\"contentUrl\":\"http:\/\/1.gravatar.com\/avatar\/42c070b2dbf14a48e0639733f946c907?s=96&d=mm&r=g\",\"caption\":\"agata\"},\"url\":\"http:\/\/tmp.warp-poligon.info\/si\/author\/agata\/\"}]}<\/script>\n<!-- \/ Yoast SEO plugin. -->","yoast_head_json":{"title":"V slovo Vinku Glasnovi\u0107u (1933 - 2021) | Slovenski dom in Svet slovenske nacionalne manj\u0161ine Mesta Zagreb","robots":{"index":"index","follow":"follow","max-snippet":"max-snippet:-1","max-image-preview":"max-image-preview:large","max-video-preview":"max-video-preview:-1"},"canonical":"http:\/\/tmp.warp-poligon.info\/si\/v-spomin-vinko-glasnovic-1933-2021\/","og_locale":"sl_SI","og_type":"article","og_title":"V slovo Vinku Glasnovi\u0107u (1933 - 2021) | Slovenski dom in Svet slovenske nacionalne manj\u0161ine Mesta Zagreb","og_description":"V Zagrebu je 15. aprila, v 88. letu starosti umrl skladatelj, dirigent, pevec in zborovodja, prof. Vinko Glasnov\u0107. Odli\u010den poznavalec in ljubitelj slovenske cerkvene glasbe kot tudi slovenskega jezika, je uspe\u0161no sodelovanje s Slovenskim domom Zagreb za\u010del po upokojitvi leta 1993, ko je prevzel vodenje pevskega zbora duhovne sekcije Antona Martina Slom\u0161ka. Rodil se je [&hellip;]","og_url":"http:\/\/tmp.warp-poligon.info\/si\/v-spomin-vinko-glasnovic-1933-2021\/","og_site_name":"Slovenski dom in Svet slovenske nacionalne manj\u0161ine Mesta Zagreb","article_published_time":"2021-04-16T12:47:40+00:00","article_modified_time":"2021-04-21T11:15:46+00:00","og_image":[{"width":700,"height":525,"url":"http:\/\/tmp.warp-poligon.info\/si\/wp-content\/uploads\/sites\/2\/2021\/04\/prof-Vinko-Glasnovic.jpg","type":"image\/jpeg"}],"author":"agata","twitter_misc":{"Written by":"agata","Est. reading time":"1 minuta"},"schema":{"@context":"https:\/\/schema.org","@graph":[{"@type":"WebPage","@id":"http:\/\/tmp.warp-poligon.info\/si\/v-spomin-vinko-glasnovic-1933-2021\/","url":"http:\/\/tmp.warp-poligon.info\/si\/v-spomin-vinko-glasnovic-1933-2021\/","name":"V slovo Vinku Glasnovi\u0107u (1933 - 2021) | Slovenski dom in Svet slovenske nacionalne manj\u0161ine Mesta Zagreb","isPartOf":{"@id":"http:\/\/tmp.warp-poligon.info\/si\/#website"},"datePublished":"2021-04-16T12:47:40+00:00","dateModified":"2021-04-21T11:15:46+00:00","author":{"@id":"http:\/\/tmp.warp-poligon.info\/si\/#\/schema\/person\/a34ecc40aa73e6dd78780facef777d32"},"breadcrumb":{"@id":"http:\/\/tmp.warp-poligon.info\/si\/v-spomin-vinko-glasnovic-1933-2021\/#breadcrumb"},"inLanguage":"sl-SI","potentialAction":[{"@type":"ReadAction","target":["http:\/\/tmp.warp-poligon.info\/si\/v-spomin-vinko-glasnovic-1933-2021\/"]}]},{"@type":"BreadcrumbList","@id":"http:\/\/tmp.warp-poligon.info\/si\/v-spomin-vinko-glasnovic-1933-2021\/#breadcrumb","itemListElement":[{"@type":"ListItem","position":1,"name":"Home","item":"http:\/\/tmp.warp-poligon.info\/si\/"},{"@type":"ListItem","position":2,"name":"V slovo Vinku Glasnovi\u0107u (1933 &#8211; 2021)"}]},{"@type":"WebSite","@id":"http:\/\/tmp.warp-poligon.info\/si\/#website","url":"http:\/\/tmp.warp-poligon.info\/si\/","name":"Slovenski dom in Svet slovenske nacionalne manj\u0161ine Mesta Zagreb","description":"","potentialAction":[{"@type":"SearchAction","target":{"@type":"EntryPoint","urlTemplate":"http:\/\/tmp.warp-poligon.info\/si\/?s={search_term_string}"},"query-input":"required name=search_term_string"}],"inLanguage":"sl-SI"},{"@type":"Person","@id":"http:\/\/tmp.warp-poligon.info\/si\/#\/schema\/person\/a34ecc40aa73e6dd78780facef777d32","name":"agata","image":{"@type":"ImageObject","inLanguage":"sl-SI","@id":"http:\/\/tmp.warp-poligon.info\/si\/#\/schema\/person\/image\/","url":"http:\/\/1.gravatar.com\/avatar\/42c070b2dbf14a48e0639733f946c907?s=96&d=mm&r=g","contentUrl":"http:\/\/1.gravatar.com\/avatar\/42c070b2dbf14a48e0639733f946c907?s=96&d=mm&r=g","caption":"agata"},"url":"http:\/\/tmp.warp-poligon.info\/si\/author\/agata\/"}]}},"_links":{"self":[{"href":"http:\/\/tmp.warp-poligon.info\/si\/wp-json\/wp\/v2\/posts\/4662"}],"collection":[{"href":"http:\/\/tmp.warp-poligon.info\/si\/wp-json\/wp\/v2\/posts"}],"about":[{"href":"http:\/\/tmp.warp-poligon.info\/si\/wp-json\/wp\/v2\/types\/post"}],"author":[{"embeddable":true,"href":"http:\/\/tmp.warp-poligon.info\/si\/wp-json\/wp\/v2\/users\/3"}],"replies":[{"embeddable":true,"href":"http:\/\/tmp.warp-poligon.info\/si\/wp-json\/wp\/v2\/comments?post=4662"}],"version-history":[{"count":7,"href":"http:\/\/tmp.warp-poligon.info\/si\/wp-json\/wp\/v2\/posts\/4662\/revisions"}],"predecessor-version":[{"id":4670,"href":"http:\/\/tmp.warp-poligon.info\/si\/wp-json\/wp\/v2\/posts\/4662\/revisions\/4670"}],"wp:featuredmedia":[{"embeddable":true,"href":"http:\/\/tmp.warp-poligon.info\/si\/wp-json\/wp\/v2\/media\/4663"}],"wp:attachment":[{"href":"http:\/\/tmp.warp-poligon.info\/si\/wp-json\/wp\/v2\/media?parent=4662"}],"wp:term":[{"taxonomy":"category","embeddable":true,"href":"http:\/\/tmp.warp-poligon.info\/si\/wp-json\/wp\/v2\/categories?post=4662"},{"taxonomy":"post_tag","embeddable":true,"href":"http:\/\/tmp.warp-poligon.info\/si\/wp-json\/wp\/v2\/tags?post=4662"}],"curies":[{"name":"wp","href":"https:\/\/api.w.org\/{rel}","templated":true}]}}