{"id":4744,"date":"2021-05-10T12:29:01","date_gmt":"2021-05-10T10:29:01","guid":{"rendered":"http:\/\/tmp.warp-poligon.info\/si\/?p=4744"},"modified":"2021-05-10T13:33:02","modified_gmt":"2021-05-10T11:33:02","slug":"ivan-cankar-genij-slovenske-besede","status":"publish","type":"post","link":"http:\/\/tmp.warp-poligon.info\/si\/ivan-cankar-genij-slovenske-besede\/","title":{"rendered":"Ivan Cankar \u2013 genij slovenske besede"},"content":{"rendered":"<p>Na dana\u0161nji dan, 10. maja pred 145. leti se je na Vrhniki rodil najve\u010dji slovenski pisatelj in dramatik Ivan Cankar.<\/p>\n<p>V literarnem obdobju moderne je uveljavil nov na\u010din pisanja v katerem prevladuje \u010dlovekov notranji svet, a tudi zavest o socialno in materialno zatiranem narodu in celotnem \u010dlove\u0161tvu. Za intimne teme je najve\u010d uporabljal \u010drtice, dru\u017ebeno kriti\u010dne teme pa je obravnaval v noveli, romanu ali drami.<\/p>\n<p>Najpomembnej\u0161a dela: Vinjete (1899), Nina (1906), Hlapec Jernej in njegova pravica (1907), Kurent (1909), Milan in Milena (1913) in Podobe iz sanj (1917); romani: Na klancu (1902), Kri\u017e na gori (1904), Hi\u0161a Marije Pomo\u010dnice (1904) in Martin Ka\u010dur (1906); drame: Romanti\u010dne du\u0161e (1897), Jakob Ruda (1900), Za narodov blagor (1901), Kralj na Betajnovi (1902), Pohuj\u0161anje v dolini \u0161entflorjanski (1908), Hlapci (1910) in Lepa Vida (1912); pesni\u0161ka zbirka Erotika (1899), pomembna za oblikovanje slovenskega modernizma. Pisal je tudi eseje ter kriti\u010dna in polemi\u010dna dela.<\/p>\n<p>Ivan Cankar je po dalj\u0161i bolezni umrl v de\u017eelni bolni\u0161nici v Ljubljani. \u00a0Bil je star le 42 let. Pokopali so ga na ljubljanskih \u017dalah v t. i. Grobnici Moderne, kjer sta pokopana tudi njegova prijatelja iz mladosti Dragotin Kette in Josip Murn Aleksandrov, kot tudi Oton \u017dupan\u010di\u010d.<\/p>\n<p>Spominska hi\u0161a Ivana Cankarja: <a href=\"https:\/\/www.visitvrhnika.si\/si\/kaj-poceti\/vrhnika-cankarjevo-mesto\/cankarjeva-spominska-hisa\">https:\/\/www.visitvrhnika.si\/si\/kaj-poceti\/vrhnika-cankarjevo-mesto\/cankarjeva-spominska-hisa<\/a><\/p>\n<p>Foto: SSNM MZ<\/p>\n\n\t\t<style type=\"text\/css\">\n\t\t\t#gallery-1 {\n\t\t\t\tmargin: auto;\n\t\t\t}\n\t\t\t#gallery-1 .gallery-item {\n\t\t\t\tfloat: left;\n\t\t\t\tmargin-top: 10px;\n\t\t\t\ttext-align: center;\n\t\t\t\twidth: 50%;\n\t\t\t}\n\t\t\t#gallery-1 img {\n\t\t\t\tborder: 2px solid #cfcfcf;\n\t\t\t}\n\t\t\t#gallery-1 .gallery-caption {\n\t\t\t\tmargin-left: 0;\n\t\t\t}\n\t\t\t\/* see gallery_shortcode() in wp-includes\/media.php *\/\n\t\t<\/style>\n\t\t<div id='gallery-1' class='gallery galleryid-4744 gallery-columns-2 gallery-size-medium'><dl class='gallery-item'>\n\t\t\t<dt class='gallery-icon landscape'>\n\t\t\t\t<a href='http:\/\/tmp.warp-poligon.info\/si\/wp-content\/uploads\/sites\/2\/2021\/05\/Ivan-Cankar_rojstna-hi\u0161a-Vrhnika.jpg'><img decoding=\"async\" width=\"300\" height=\"225\" src=\"http:\/\/tmp.warp-poligon.info\/si\/wp-content\/uploads\/sites\/2\/2021\/05\/Ivan-Cankar_rojstna-hi\u0161a-Vrhnika-300x225.jpg\" class=\"attachment-medium size-medium\" alt=\"\" aria-describedby=\"gallery-1-4745\" srcset=\"http:\/\/tmp.warp-poligon.info\/si\/wp-content\/uploads\/sites\/2\/2021\/05\/Ivan-Cankar_rojstna-hi\u0161a-Vrhnika-200x150.jpg 200w, http:\/\/tmp.warp-poligon.info\/si\/wp-content\/uploads\/sites\/2\/2021\/05\/Ivan-Cankar_rojstna-hi\u0161a-Vrhnika-300x225.jpg 300w, http:\/\/tmp.warp-poligon.info\/si\/wp-content\/uploads\/sites\/2\/2021\/05\/Ivan-Cankar_rojstna-hi\u0161a-Vrhnika-400x300.jpg 400w, http:\/\/tmp.warp-poligon.info\/si\/wp-content\/uploads\/sites\/2\/2021\/05\/Ivan-Cankar_rojstna-hi\u0161a-Vrhnika-600x450.jpg 600w, http:\/\/tmp.warp-poligon.info\/si\/wp-content\/uploads\/sites\/2\/2021\/05\/Ivan-Cankar_rojstna-hi\u0161a-Vrhnika.jpg 700w\" sizes=\"(max-width: 300px) 100vw, 300px\" \/><\/a>\n\t\t\t<\/dt>\n\t\t\t\t<dd class='wp-caption-text gallery-caption' id='gallery-1-4745'>\n\t\t\t\tRojstna hi\u0161a Ivana Cankarja.\n\t\t\t\t<\/dd><\/dl><dl class='gallery-item'>\n\t\t\t<dt class='gallery-icon landscape'>\n\t\t\t\t<a href='http:\/\/tmp.warp-poligon.info\/si\/wp-content\/uploads\/sites\/2\/2021\/05\/spomenik-Ivan-Cankar.jpg'><img decoding=\"async\" width=\"300\" height=\"225\" src=\"http:\/\/tmp.warp-poligon.info\/si\/wp-content\/uploads\/sites\/2\/2021\/05\/spomenik-Ivan-Cankar-300x225.jpg\" class=\"attachment-medium size-medium\" alt=\"\" aria-describedby=\"gallery-1-4746\" srcset=\"http:\/\/tmp.warp-poligon.info\/si\/wp-content\/uploads\/sites\/2\/2021\/05\/spomenik-Ivan-Cankar-200x150.jpg 200w, http:\/\/tmp.warp-poligon.info\/si\/wp-content\/uploads\/sites\/2\/2021\/05\/spomenik-Ivan-Cankar-300x225.jpg 300w, http:\/\/tmp.warp-poligon.info\/si\/wp-content\/uploads\/sites\/2\/2021\/05\/spomenik-Ivan-Cankar-400x300.jpg 400w, http:\/\/tmp.warp-poligon.info\/si\/wp-content\/uploads\/sites\/2\/2021\/05\/spomenik-Ivan-Cankar-600x450.jpg 600w, http:\/\/tmp.warp-poligon.info\/si\/wp-content\/uploads\/sites\/2\/2021\/05\/spomenik-Ivan-Cankar.jpg 700w\" sizes=\"(max-width: 300px) 100vw, 300px\" \/><\/a>\n\t\t\t<\/dt>\n\t\t\t\t<dd class='wp-caption-text gallery-caption' id='gallery-1-4746'>\n\t\t\t\tSpomenik Cankarju na Cankarjevi ulici v sredi\u0161\u010du Vrhnike. \n\t\t\t\t<\/dd><\/dl><br style=\"clear: both\" \/>\n\t\t<\/div>\n\n","protected":false},"excerpt":{"rendered":"<p>Na dana\u0161nji dan, 10. maja pred 145. leti se je na Vrhniki rodil najve\u010dji slovenski pisatelj in dramatik Ivan Cankar. V literarnem obdobju moderne je uveljavil nov na\u010din pisanja v katerem prevladuje \u010dlovekov notranji svet, a tudi zavest o socialno in materialno zatiranem narodu in celotnem \u010dlove\u0161tvu. Za intimne teme je najve\u010d uporabljal \u010drtice, dru\u017ebeno [&hellip;]<\/p>\n","protected":false},"author":3,"featured_media":4747,"comment_status":"closed","ping_status":"open","sticky":false,"template":"","format":"standard","meta":{"footnotes":""},"categories":[5],"tags":[],"yoast_head":"<!-- This site is optimized with the Yoast SEO plugin v21.9.1 - https:\/\/yoast.com\/wordpress\/plugins\/seo\/ -->\n<title>Ivan Cankar \u2013 genij slovenske besede | Slovenski dom in Svet slovenske nacionalne manj\u0161ine Mesta Zagreb<\/title>\n<meta name=\"robots\" content=\"index, follow, max-snippet:-1, max-image-preview:large, max-video-preview:-1\" \/>\n<link rel=\"canonical\" href=\"http:\/\/tmp.warp-poligon.info\/si\/ivan-cankar-genij-slovenske-besede\/\" \/>\n<meta property=\"og:locale\" content=\"sl_SI\" \/>\n<meta property=\"og:type\" content=\"article\" \/>\n<meta property=\"og:title\" content=\"Ivan Cankar \u2013 genij slovenske besede | Slovenski dom in Svet slovenske nacionalne manj\u0161ine Mesta Zagreb\" \/>\n<meta property=\"og:description\" content=\"Na dana\u0161nji dan, 10. maja pred 145. leti se je na Vrhniki rodil najve\u010dji slovenski pisatelj in dramatik Ivan Cankar. V literarnem obdobju moderne je uveljavil nov na\u010din pisanja v katerem prevladuje \u010dlovekov notranji svet, a tudi zavest o socialno in materialno zatiranem narodu in celotnem \u010dlove\u0161tvu. Za intimne teme je najve\u010d uporabljal \u010drtice, dru\u017ebeno [&hellip;]\" \/>\n<meta property=\"og:url\" content=\"http:\/\/tmp.warp-poligon.info\/si\/ivan-cankar-genij-slovenske-besede\/\" \/>\n<meta property=\"og:site_name\" content=\"Slovenski dom in Svet slovenske nacionalne manj\u0161ine Mesta Zagreb\" \/>\n<meta property=\"article:published_time\" content=\"2021-05-10T10:29:01+00:00\" \/>\n<meta property=\"article:modified_time\" content=\"2021-05-10T11:33:02+00:00\" \/>\n<meta property=\"og:image\" content=\"http:\/\/tmp.warp-poligon.info\/si\/wp-content\/uploads\/sites\/2\/2021\/05\/Ivan-Cankar.jpg\" \/>\n\t<meta property=\"og:image:width\" content=\"700\" \/>\n\t<meta property=\"og:image:height\" content=\"525\" \/>\n\t<meta property=\"og:image:type\" content=\"image\/jpeg\" \/>\n<meta name=\"author\" content=\"agata\" \/>\n<meta name=\"twitter:label1\" content=\"Written by\" \/>\n\t<meta name=\"twitter:data1\" content=\"agata\" \/>\n\t<meta name=\"twitter:label2\" content=\"Est. reading time\" \/>\n\t<meta name=\"twitter:data2\" content=\"1 minuta\" \/>\n<script type=\"application\/ld+json\" class=\"yoast-schema-graph\">{\"@context\":\"https:\/\/schema.org\",\"@graph\":[{\"@type\":\"WebPage\",\"@id\":\"http:\/\/tmp.warp-poligon.info\/si\/ivan-cankar-genij-slovenske-besede\/\",\"url\":\"http:\/\/tmp.warp-poligon.info\/si\/ivan-cankar-genij-slovenske-besede\/\",\"name\":\"Ivan Cankar \u2013 genij slovenske besede | Slovenski dom in Svet slovenske nacionalne manj\u0161ine Mesta Zagreb\",\"isPartOf\":{\"@id\":\"http:\/\/tmp.warp-poligon.info\/si\/#website\"},\"datePublished\":\"2021-05-10T10:29:01+00:00\",\"dateModified\":\"2021-05-10T11:33:02+00:00\",\"author\":{\"@id\":\"http:\/\/tmp.warp-poligon.info\/si\/#\/schema\/person\/a34ecc40aa73e6dd78780facef777d32\"},\"breadcrumb\":{\"@id\":\"http:\/\/tmp.warp-poligon.info\/si\/ivan-cankar-genij-slovenske-besede\/#breadcrumb\"},\"inLanguage\":\"sl-SI\",\"potentialAction\":[{\"@type\":\"ReadAction\",\"target\":[\"http:\/\/tmp.warp-poligon.info\/si\/ivan-cankar-genij-slovenske-besede\/\"]}]},{\"@type\":\"BreadcrumbList\",\"@id\":\"http:\/\/tmp.warp-poligon.info\/si\/ivan-cankar-genij-slovenske-besede\/#breadcrumb\",\"itemListElement\":[{\"@type\":\"ListItem\",\"position\":1,\"name\":\"Home\",\"item\":\"http:\/\/tmp.warp-poligon.info\/si\/\"},{\"@type\":\"ListItem\",\"position\":2,\"name\":\"Ivan Cankar \u2013 genij slovenske besede\"}]},{\"@type\":\"WebSite\",\"@id\":\"http:\/\/tmp.warp-poligon.info\/si\/#website\",\"url\":\"http:\/\/tmp.warp-poligon.info\/si\/\",\"name\":\"Slovenski dom in Svet slovenske nacionalne manj\u0161ine Mesta Zagreb\",\"description\":\"\",\"potentialAction\":[{\"@type\":\"SearchAction\",\"target\":{\"@type\":\"EntryPoint\",\"urlTemplate\":\"http:\/\/tmp.warp-poligon.info\/si\/?s={search_term_string}\"},\"query-input\":\"required name=search_term_string\"}],\"inLanguage\":\"sl-SI\"},{\"@type\":\"Person\",\"@id\":\"http:\/\/tmp.warp-poligon.info\/si\/#\/schema\/person\/a34ecc40aa73e6dd78780facef777d32\",\"name\":\"agata\",\"image\":{\"@type\":\"ImageObject\",\"inLanguage\":\"sl-SI\",\"@id\":\"http:\/\/tmp.warp-poligon.info\/si\/#\/schema\/person\/image\/\",\"url\":\"http:\/\/1.gravatar.com\/avatar\/42c070b2dbf14a48e0639733f946c907?s=96&d=mm&r=g\",\"contentUrl\":\"http:\/\/1.gravatar.com\/avatar\/42c070b2dbf14a48e0639733f946c907?s=96&d=mm&r=g\",\"caption\":\"agata\"},\"url\":\"http:\/\/tmp.warp-poligon.info\/si\/author\/agata\/\"}]}<\/script>\n<!-- \/ Yoast SEO plugin. -->","yoast_head_json":{"title":"Ivan Cankar \u2013 genij slovenske besede | Slovenski dom in Svet slovenske nacionalne manj\u0161ine Mesta Zagreb","robots":{"index":"index","follow":"follow","max-snippet":"max-snippet:-1","max-image-preview":"max-image-preview:large","max-video-preview":"max-video-preview:-1"},"canonical":"http:\/\/tmp.warp-poligon.info\/si\/ivan-cankar-genij-slovenske-besede\/","og_locale":"sl_SI","og_type":"article","og_title":"Ivan Cankar \u2013 genij slovenske besede | Slovenski dom in Svet slovenske nacionalne manj\u0161ine Mesta Zagreb","og_description":"Na dana\u0161nji dan, 10. maja pred 145. leti se je na Vrhniki rodil najve\u010dji slovenski pisatelj in dramatik Ivan Cankar. V literarnem obdobju moderne je uveljavil nov na\u010din pisanja v katerem prevladuje \u010dlovekov notranji svet, a tudi zavest o socialno in materialno zatiranem narodu in celotnem \u010dlove\u0161tvu. Za intimne teme je najve\u010d uporabljal \u010drtice, dru\u017ebeno [&hellip;]","og_url":"http:\/\/tmp.warp-poligon.info\/si\/ivan-cankar-genij-slovenske-besede\/","og_site_name":"Slovenski dom in Svet slovenske nacionalne manj\u0161ine Mesta Zagreb","article_published_time":"2021-05-10T10:29:01+00:00","article_modified_time":"2021-05-10T11:33:02+00:00","og_image":[{"width":700,"height":525,"url":"http:\/\/tmp.warp-poligon.info\/si\/wp-content\/uploads\/sites\/2\/2021\/05\/Ivan-Cankar.jpg","type":"image\/jpeg"}],"author":"agata","twitter_misc":{"Written by":"agata","Est. reading time":"1 minuta"},"schema":{"@context":"https:\/\/schema.org","@graph":[{"@type":"WebPage","@id":"http:\/\/tmp.warp-poligon.info\/si\/ivan-cankar-genij-slovenske-besede\/","url":"http:\/\/tmp.warp-poligon.info\/si\/ivan-cankar-genij-slovenske-besede\/","name":"Ivan Cankar \u2013 genij slovenske besede | Slovenski dom in Svet slovenske nacionalne manj\u0161ine Mesta Zagreb","isPartOf":{"@id":"http:\/\/tmp.warp-poligon.info\/si\/#website"},"datePublished":"2021-05-10T10:29:01+00:00","dateModified":"2021-05-10T11:33:02+00:00","author":{"@id":"http:\/\/tmp.warp-poligon.info\/si\/#\/schema\/person\/a34ecc40aa73e6dd78780facef777d32"},"breadcrumb":{"@id":"http:\/\/tmp.warp-poligon.info\/si\/ivan-cankar-genij-slovenske-besede\/#breadcrumb"},"inLanguage":"sl-SI","potentialAction":[{"@type":"ReadAction","target":["http:\/\/tmp.warp-poligon.info\/si\/ivan-cankar-genij-slovenske-besede\/"]}]},{"@type":"BreadcrumbList","@id":"http:\/\/tmp.warp-poligon.info\/si\/ivan-cankar-genij-slovenske-besede\/#breadcrumb","itemListElement":[{"@type":"ListItem","position":1,"name":"Home","item":"http:\/\/tmp.warp-poligon.info\/si\/"},{"@type":"ListItem","position":2,"name":"Ivan Cankar \u2013 genij slovenske besede"}]},{"@type":"WebSite","@id":"http:\/\/tmp.warp-poligon.info\/si\/#website","url":"http:\/\/tmp.warp-poligon.info\/si\/","name":"Slovenski dom in Svet slovenske nacionalne manj\u0161ine Mesta Zagreb","description":"","potentialAction":[{"@type":"SearchAction","target":{"@type":"EntryPoint","urlTemplate":"http:\/\/tmp.warp-poligon.info\/si\/?s={search_term_string}"},"query-input":"required name=search_term_string"}],"inLanguage":"sl-SI"},{"@type":"Person","@id":"http:\/\/tmp.warp-poligon.info\/si\/#\/schema\/person\/a34ecc40aa73e6dd78780facef777d32","name":"agata","image":{"@type":"ImageObject","inLanguage":"sl-SI","@id":"http:\/\/tmp.warp-poligon.info\/si\/#\/schema\/person\/image\/","url":"http:\/\/1.gravatar.com\/avatar\/42c070b2dbf14a48e0639733f946c907?s=96&d=mm&r=g","contentUrl":"http:\/\/1.gravatar.com\/avatar\/42c070b2dbf14a48e0639733f946c907?s=96&d=mm&r=g","caption":"agata"},"url":"http:\/\/tmp.warp-poligon.info\/si\/author\/agata\/"}]}},"_links":{"self":[{"href":"http:\/\/tmp.warp-poligon.info\/si\/wp-json\/wp\/v2\/posts\/4744"}],"collection":[{"href":"http:\/\/tmp.warp-poligon.info\/si\/wp-json\/wp\/v2\/posts"}],"about":[{"href":"http:\/\/tmp.warp-poligon.info\/si\/wp-json\/wp\/v2\/types\/post"}],"author":[{"embeddable":true,"href":"http:\/\/tmp.warp-poligon.info\/si\/wp-json\/wp\/v2\/users\/3"}],"replies":[{"embeddable":true,"href":"http:\/\/tmp.warp-poligon.info\/si\/wp-json\/wp\/v2\/comments?post=4744"}],"version-history":[{"count":5,"href":"http:\/\/tmp.warp-poligon.info\/si\/wp-json\/wp\/v2\/posts\/4744\/revisions"}],"predecessor-version":[{"id":4752,"href":"http:\/\/tmp.warp-poligon.info\/si\/wp-json\/wp\/v2\/posts\/4744\/revisions\/4752"}],"wp:featuredmedia":[{"embeddable":true,"href":"http:\/\/tmp.warp-poligon.info\/si\/wp-json\/wp\/v2\/media\/4747"}],"wp:attachment":[{"href":"http:\/\/tmp.warp-poligon.info\/si\/wp-json\/wp\/v2\/media?parent=4744"}],"wp:term":[{"taxonomy":"category","embeddable":true,"href":"http:\/\/tmp.warp-poligon.info\/si\/wp-json\/wp\/v2\/categories?post=4744"},{"taxonomy":"post_tag","embeddable":true,"href":"http:\/\/tmp.warp-poligon.info\/si\/wp-json\/wp\/v2\/tags?post=4744"}],"curies":[{"name":"wp","href":"https:\/\/api.w.org\/{rel}","templated":true}]}}