{"id":4868,"date":"2021-06-28T11:26:37","date_gmt":"2021-06-28T09:26:37","guid":{"rendered":"http:\/\/tmp.warp-poligon.info\/si\/?p=4868"},"modified":"2021-06-29T15:06:35","modified_gmt":"2021-06-29T13:06:35","slug":"ministrica-helena-jaklitsch-obiskala-slovenski-dom-zagreb","status":"publish","type":"post","link":"http:\/\/tmp.warp-poligon.info\/si\/ministrica-helena-jaklitsch-obiskala-slovenski-dom-zagreb\/","title":{"rendered":"Obisk ministrice Jaklitsch v Slovenskem domu Zagreb"},"content":{"rendered":"<p>Zagreb &#8211; Ministrica za Slovence v zamejstvu in po svetu dr. Helena Jaklitsch je danes pred sve\u010danim odkritjem doprsnega kipa Bojana Stupice obiskala Slovenski dom Zagreb, kjer se je sestala s predsednikom dru\u0161tva Darkom \u0160oncem in \u010dlani upravnega odbora. Predsednik je ministrici, ki je prvi\u010d obiskala slovensko skupnost v Zagrebu za\u017eelel dobrodo\u0161lico in ji v dalj\u0161em razgovoru predstavil zgodovino in delovanje najstarej\u0161ega dru\u0161tva Slovencev v Evropi, ki neprekinjeno deluje \u017ee 92 let. Ob tem je izpostavil, kak\u0161no je bilo stanje po dveh potresih in kako je potekala sanacija dru\u0161tvenih prostorov. Ob tej prilo\u017enosti se je zahvalil Uradu za pomo\u010d, ki je bila namenjena za sanacijo, hkrati pa je poudaril, da ogrevanje \u0161e vedno ni popravljeno. Trenutno je najve\u010dji imperativ odkup dru\u0161tvenih prostorov, ki so v lasti hrva\u0161ke vlade. \u017de nekaj \u010dasa traja intenzivno prizadevanje za odkup po pravni poti v katerega so vklju\u010dene vse ustrezne in\u0161titucije. Hrva\u0161ka vlada si je v svojem Operativnem programu za albansko, bo\u0161nja\u0161ko, \u010drnogorsko, makedonsko in slovensko narodno manj\u0161ino za obdobje 2021-2024 zadala: \u201eda bo obravnavala odkup ali darovanje prostorov Kulturno prosvetnega dru\u0161tva Slovenski dom Zagreb.\u201c \u201eZa pomo\u010d smo se obrnili tudi na predsednika slovenske vlade Janeza Jan\u0161o, ob tej prilo\u017enosti bi za pomo\u010d prosili tudi Urad\u201c, je izpostavil Darko \u0160onc.<br \/>\nMinistrica je bila vesela, da se je lahko dru\u017eila z zagreb\u0161kimi Slovenci in jim \u010destitala 30-obletnico samostojnosti Slovenije. Pozorno je prisluhnila \u010dlanom upravnega odbora, ki so jo med drugim seznanili s potekom dru\u0161tvenih aktivnosti v \u010dasu epidemije korona-virusa in ji predstavili dru\u0161tveno glasilo Novi odmev. Med drugim jo je zanimalo tudi vpra\u0161anje udejstvovanja mladih in je predlagala, da se najdejo re\u0161itve kako jih pritegniti v dru\u0161tvene aktivnosti. Ministrica je na koncu pohvalila delovanje slovenske skupnosti v Zagrebu, in se zahvalila za sre\u010danje, ogledala si je tudi dru\u0161tvene prostore. (akm)<\/p>\n<p>Ve\u010d v Novem odmevu 76.<\/p>\n<p>Foto: akm<\/p>\n\n\t\t<style type=\"text\/css\">\n\t\t\t#gallery-1 {\n\t\t\t\tmargin: auto;\n\t\t\t}\n\t\t\t#gallery-1 .gallery-item {\n\t\t\t\tfloat: left;\n\t\t\t\tmargin-top: 10px;\n\t\t\t\ttext-align: center;\n\t\t\t\twidth: 33%;\n\t\t\t}\n\t\t\t#gallery-1 img {\n\t\t\t\tborder: 2px solid #cfcfcf;\n\t\t\t}\n\t\t\t#gallery-1 .gallery-caption {\n\t\t\t\tmargin-left: 0;\n\t\t\t}\n\t\t\t\/* see gallery_shortcode() in wp-includes\/media.php *\/\n\t\t<\/style>\n\t\t<div id='gallery-1' class='gallery galleryid-4868 gallery-columns-3 gallery-size-medium'><dl class='gallery-item'>\n\t\t\t<dt class='gallery-icon landscape'>\n\t\t\t\t<a href='http:\/\/tmp.warp-poligon.info\/si\/wp-content\/uploads\/sites\/2\/2021\/06\/Ministrica-Jaklitsch-in-predsednik.jpg'><img decoding=\"async\" width=\"300\" height=\"225\" src=\"http:\/\/tmp.warp-poligon.info\/si\/wp-content\/uploads\/sites\/2\/2021\/06\/Ministrica-Jaklitsch-in-predsednik-300x225.jpg\" class=\"attachment-medium size-medium\" alt=\"\" aria-describedby=\"gallery-1-4887\" srcset=\"http:\/\/tmp.warp-poligon.info\/si\/wp-content\/uploads\/sites\/2\/2021\/06\/Ministrica-Jaklitsch-in-predsednik-200x150.jpg 200w, http:\/\/tmp.warp-poligon.info\/si\/wp-content\/uploads\/sites\/2\/2021\/06\/Ministrica-Jaklitsch-in-predsednik-300x225.jpg 300w, http:\/\/tmp.warp-poligon.info\/si\/wp-content\/uploads\/sites\/2\/2021\/06\/Ministrica-Jaklitsch-in-predsednik-400x300.jpg 400w, http:\/\/tmp.warp-poligon.info\/si\/wp-content\/uploads\/sites\/2\/2021\/06\/Ministrica-Jaklitsch-in-predsednik-600x450.jpg 600w, http:\/\/tmp.warp-poligon.info\/si\/wp-content\/uploads\/sites\/2\/2021\/06\/Ministrica-Jaklitsch-in-predsednik.jpg 700w\" sizes=\"(max-width: 300px) 100vw, 300px\" \/><\/a>\n\t\t\t<\/dt>\n\t\t\t\t<dd class='wp-caption-text gallery-caption' id='gallery-1-4887'>\n\t\t\t\tMinistrica za Slovence v zamejstvu in po svetu dr. Helena Jaklitsch in predsednik Slovenskega doma Zagreb Darko \u0160onc.\n\t\t\t\t<\/dd><\/dl><dl class='gallery-item'>\n\t\t\t<dt class='gallery-icon landscape'>\n\t\t\t\t<a href='http:\/\/tmp.warp-poligon.info\/si\/wp-content\/uploads\/sites\/2\/2021\/06\/Ministrica-in-clani-UO-SDZ.jpg'><img decoding=\"async\" width=\"300\" height=\"225\" src=\"http:\/\/tmp.warp-poligon.info\/si\/wp-content\/uploads\/sites\/2\/2021\/06\/Ministrica-in-clani-UO-SDZ-300x225.jpg\" class=\"attachment-medium size-medium\" alt=\"\" aria-describedby=\"gallery-1-4886\" srcset=\"http:\/\/tmp.warp-poligon.info\/si\/wp-content\/uploads\/sites\/2\/2021\/06\/Ministrica-in-clani-UO-SDZ-200x150.jpg 200w, http:\/\/tmp.warp-poligon.info\/si\/wp-content\/uploads\/sites\/2\/2021\/06\/Ministrica-in-clani-UO-SDZ-300x225.jpg 300w, http:\/\/tmp.warp-poligon.info\/si\/wp-content\/uploads\/sites\/2\/2021\/06\/Ministrica-in-clani-UO-SDZ-400x300.jpg 400w, http:\/\/tmp.warp-poligon.info\/si\/wp-content\/uploads\/sites\/2\/2021\/06\/Ministrica-in-clani-UO-SDZ-600x450.jpg 600w, http:\/\/tmp.warp-poligon.info\/si\/wp-content\/uploads\/sites\/2\/2021\/06\/Ministrica-in-clani-UO-SDZ.jpg 700w\" sizes=\"(max-width: 300px) 100vw, 300px\" \/><\/a>\n\t\t\t<\/dt>\n\t\t\t\t<dd class='wp-caption-text gallery-caption' id='gallery-1-4886'>\n\t\t\t\tSre\u010danje s \u010dlani upravnega odbora Slovenski dom Zagreb, ki sta se ga udele\u017eila tudi veleposlanik Republike Slovenije Vojislav \u0160uc in minister svetovalec Matja\u017e Marko. \n\t\t\t\t<\/dd><\/dl><dl class='gallery-item'>\n\t\t\t<dt class='gallery-icon landscape'>\n\t\t\t\t<a href='http:\/\/tmp.warp-poligon.info\/si\/wp-content\/uploads\/sites\/2\/2021\/06\/Ogled-Slovenskega-doma-Zagreb.jpg'><img decoding=\"async\" width=\"300\" height=\"225\" src=\"http:\/\/tmp.warp-poligon.info\/si\/wp-content\/uploads\/sites\/2\/2021\/06\/Ogled-Slovenskega-doma-Zagreb-300x225.jpg\" class=\"attachment-medium size-medium\" alt=\"\" srcset=\"http:\/\/tmp.warp-poligon.info\/si\/wp-content\/uploads\/sites\/2\/2021\/06\/Ogled-Slovenskega-doma-Zagreb-200x150.jpg 200w, http:\/\/tmp.warp-poligon.info\/si\/wp-content\/uploads\/sites\/2\/2021\/06\/Ogled-Slovenskega-doma-Zagreb-300x225.jpg 300w, http:\/\/tmp.warp-poligon.info\/si\/wp-content\/uploads\/sites\/2\/2021\/06\/Ogled-Slovenskega-doma-Zagreb-400x300.jpg 400w, http:\/\/tmp.warp-poligon.info\/si\/wp-content\/uploads\/sites\/2\/2021\/06\/Ogled-Slovenskega-doma-Zagreb-600x450.jpg 600w, http:\/\/tmp.warp-poligon.info\/si\/wp-content\/uploads\/sites\/2\/2021\/06\/Ogled-Slovenskega-doma-Zagreb.jpg 700w\" sizes=\"(max-width: 300px) 100vw, 300px\" \/><\/a>\n\t\t\t<\/dt><\/dl><br style=\"clear: both\" \/>\n\t\t<\/div>\n\n","protected":false},"excerpt":{"rendered":"<p>Zagreb &#8211; Ministrica za Slovence v zamejstvu in po svetu dr. Helena Jaklitsch je danes pred sve\u010danim odkritjem doprsnega kipa Bojana Stupice obiskala Slovenski dom Zagreb, kjer se je sestala s predsednikom dru\u0161tva Darkom \u0160oncem in \u010dlani upravnega odbora. Predsednik je ministrici, ki je prvi\u010d obiskala slovensko skupnost v Zagrebu za\u017eelel dobrodo\u0161lico in ji v [&hellip;]<\/p>\n","protected":false},"author":3,"featured_media":4887,"comment_status":"closed","ping_status":"open","sticky":false,"template":"","format":"standard","meta":{"footnotes":""},"categories":[5],"tags":[],"yoast_head":"<!-- This site is optimized with the Yoast SEO plugin v21.9.1 - https:\/\/yoast.com\/wordpress\/plugins\/seo\/ -->\n<title>Obisk ministrice Jaklitsch v Slovenskem domu Zagreb | Slovenski dom in Svet slovenske nacionalne manj\u0161ine Mesta Zagreb<\/title>\n<meta name=\"robots\" content=\"index, follow, max-snippet:-1, max-image-preview:large, max-video-preview:-1\" \/>\n<link rel=\"canonical\" href=\"http:\/\/tmp.warp-poligon.info\/si\/ministrica-helena-jaklitsch-obiskala-slovenski-dom-zagreb\/\" \/>\n<meta property=\"og:locale\" content=\"sl_SI\" \/>\n<meta property=\"og:type\" content=\"article\" \/>\n<meta property=\"og:title\" content=\"Obisk ministrice Jaklitsch v Slovenskem domu Zagreb | Slovenski dom in Svet slovenske nacionalne manj\u0161ine Mesta Zagreb\" \/>\n<meta property=\"og:description\" content=\"Zagreb &#8211; Ministrica za Slovence v zamejstvu in po svetu dr. Helena Jaklitsch je danes pred sve\u010danim odkritjem doprsnega kipa Bojana Stupice obiskala Slovenski dom Zagreb, kjer se je sestala s predsednikom dru\u0161tva Darkom \u0160oncem in \u010dlani upravnega odbora. Predsednik je ministrici, ki je prvi\u010d obiskala slovensko skupnost v Zagrebu za\u017eelel dobrodo\u0161lico in ji v [&hellip;]\" \/>\n<meta property=\"og:url\" content=\"http:\/\/tmp.warp-poligon.info\/si\/ministrica-helena-jaklitsch-obiskala-slovenski-dom-zagreb\/\" \/>\n<meta property=\"og:site_name\" content=\"Slovenski dom in Svet slovenske nacionalne manj\u0161ine Mesta Zagreb\" \/>\n<meta property=\"article:published_time\" content=\"2021-06-28T09:26:37+00:00\" \/>\n<meta property=\"article:modified_time\" content=\"2021-06-29T13:06:35+00:00\" \/>\n<meta property=\"og:image\" content=\"http:\/\/tmp.warp-poligon.info\/si\/wp-content\/uploads\/sites\/2\/2021\/06\/Ministrica-Jaklitsch-in-predsednik.jpg\" \/>\n\t<meta property=\"og:image:width\" content=\"700\" \/>\n\t<meta property=\"og:image:height\" content=\"525\" \/>\n\t<meta property=\"og:image:type\" content=\"image\/jpeg\" \/>\n<meta name=\"author\" content=\"agata\" \/>\n<meta name=\"twitter:label1\" content=\"Written by\" \/>\n\t<meta name=\"twitter:data1\" content=\"agata\" \/>\n\t<meta name=\"twitter:label2\" content=\"Est. reading time\" \/>\n\t<meta name=\"twitter:data2\" content=\"2 minuti\" \/>\n<script type=\"application\/ld+json\" class=\"yoast-schema-graph\">{\"@context\":\"https:\/\/schema.org\",\"@graph\":[{\"@type\":\"WebPage\",\"@id\":\"http:\/\/tmp.warp-poligon.info\/si\/ministrica-helena-jaklitsch-obiskala-slovenski-dom-zagreb\/\",\"url\":\"http:\/\/tmp.warp-poligon.info\/si\/ministrica-helena-jaklitsch-obiskala-slovenski-dom-zagreb\/\",\"name\":\"Obisk ministrice Jaklitsch v Slovenskem domu Zagreb | Slovenski dom in Svet slovenske nacionalne manj\u0161ine Mesta Zagreb\",\"isPartOf\":{\"@id\":\"http:\/\/tmp.warp-poligon.info\/si\/#website\"},\"datePublished\":\"2021-06-28T09:26:37+00:00\",\"dateModified\":\"2021-06-29T13:06:35+00:00\",\"author\":{\"@id\":\"http:\/\/tmp.warp-poligon.info\/si\/#\/schema\/person\/a34ecc40aa73e6dd78780facef777d32\"},\"breadcrumb\":{\"@id\":\"http:\/\/tmp.warp-poligon.info\/si\/ministrica-helena-jaklitsch-obiskala-slovenski-dom-zagreb\/#breadcrumb\"},\"inLanguage\":\"sl-SI\",\"potentialAction\":[{\"@type\":\"ReadAction\",\"target\":[\"http:\/\/tmp.warp-poligon.info\/si\/ministrica-helena-jaklitsch-obiskala-slovenski-dom-zagreb\/\"]}]},{\"@type\":\"BreadcrumbList\",\"@id\":\"http:\/\/tmp.warp-poligon.info\/si\/ministrica-helena-jaklitsch-obiskala-slovenski-dom-zagreb\/#breadcrumb\",\"itemListElement\":[{\"@type\":\"ListItem\",\"position\":1,\"name\":\"Home\",\"item\":\"http:\/\/tmp.warp-poligon.info\/si\/\"},{\"@type\":\"ListItem\",\"position\":2,\"name\":\"Obisk ministrice Jaklitsch v Slovenskem domu Zagreb\"}]},{\"@type\":\"WebSite\",\"@id\":\"http:\/\/tmp.warp-poligon.info\/si\/#website\",\"url\":\"http:\/\/tmp.warp-poligon.info\/si\/\",\"name\":\"Slovenski dom in Svet slovenske nacionalne manj\u0161ine Mesta Zagreb\",\"description\":\"\",\"potentialAction\":[{\"@type\":\"SearchAction\",\"target\":{\"@type\":\"EntryPoint\",\"urlTemplate\":\"http:\/\/tmp.warp-poligon.info\/si\/?s={search_term_string}\"},\"query-input\":\"required name=search_term_string\"}],\"inLanguage\":\"sl-SI\"},{\"@type\":\"Person\",\"@id\":\"http:\/\/tmp.warp-poligon.info\/si\/#\/schema\/person\/a34ecc40aa73e6dd78780facef777d32\",\"name\":\"agata\",\"image\":{\"@type\":\"ImageObject\",\"inLanguage\":\"sl-SI\",\"@id\":\"http:\/\/tmp.warp-poligon.info\/si\/#\/schema\/person\/image\/\",\"url\":\"http:\/\/1.gravatar.com\/avatar\/42c070b2dbf14a48e0639733f946c907?s=96&d=mm&r=g\",\"contentUrl\":\"http:\/\/1.gravatar.com\/avatar\/42c070b2dbf14a48e0639733f946c907?s=96&d=mm&r=g\",\"caption\":\"agata\"},\"url\":\"http:\/\/tmp.warp-poligon.info\/si\/author\/agata\/\"}]}<\/script>\n<!-- \/ Yoast SEO plugin. -->","yoast_head_json":{"title":"Obisk ministrice Jaklitsch v Slovenskem domu Zagreb | Slovenski dom in Svet slovenske nacionalne manj\u0161ine Mesta Zagreb","robots":{"index":"index","follow":"follow","max-snippet":"max-snippet:-1","max-image-preview":"max-image-preview:large","max-video-preview":"max-video-preview:-1"},"canonical":"http:\/\/tmp.warp-poligon.info\/si\/ministrica-helena-jaklitsch-obiskala-slovenski-dom-zagreb\/","og_locale":"sl_SI","og_type":"article","og_title":"Obisk ministrice Jaklitsch v Slovenskem domu Zagreb | Slovenski dom in Svet slovenske nacionalne manj\u0161ine Mesta Zagreb","og_description":"Zagreb &#8211; Ministrica za Slovence v zamejstvu in po svetu dr. Helena Jaklitsch je danes pred sve\u010danim odkritjem doprsnega kipa Bojana Stupice obiskala Slovenski dom Zagreb, kjer se je sestala s predsednikom dru\u0161tva Darkom \u0160oncem in \u010dlani upravnega odbora. Predsednik je ministrici, ki je prvi\u010d obiskala slovensko skupnost v Zagrebu za\u017eelel dobrodo\u0161lico in ji v [&hellip;]","og_url":"http:\/\/tmp.warp-poligon.info\/si\/ministrica-helena-jaklitsch-obiskala-slovenski-dom-zagreb\/","og_site_name":"Slovenski dom in Svet slovenske nacionalne manj\u0161ine Mesta Zagreb","article_published_time":"2021-06-28T09:26:37+00:00","article_modified_time":"2021-06-29T13:06:35+00:00","og_image":[{"width":700,"height":525,"url":"http:\/\/tmp.warp-poligon.info\/si\/wp-content\/uploads\/sites\/2\/2021\/06\/Ministrica-Jaklitsch-in-predsednik.jpg","type":"image\/jpeg"}],"author":"agata","twitter_misc":{"Written by":"agata","Est. reading time":"2 minuti"},"schema":{"@context":"https:\/\/schema.org","@graph":[{"@type":"WebPage","@id":"http:\/\/tmp.warp-poligon.info\/si\/ministrica-helena-jaklitsch-obiskala-slovenski-dom-zagreb\/","url":"http:\/\/tmp.warp-poligon.info\/si\/ministrica-helena-jaklitsch-obiskala-slovenski-dom-zagreb\/","name":"Obisk ministrice Jaklitsch v Slovenskem domu Zagreb | Slovenski dom in Svet slovenske nacionalne manj\u0161ine Mesta Zagreb","isPartOf":{"@id":"http:\/\/tmp.warp-poligon.info\/si\/#website"},"datePublished":"2021-06-28T09:26:37+00:00","dateModified":"2021-06-29T13:06:35+00:00","author":{"@id":"http:\/\/tmp.warp-poligon.info\/si\/#\/schema\/person\/a34ecc40aa73e6dd78780facef777d32"},"breadcrumb":{"@id":"http:\/\/tmp.warp-poligon.info\/si\/ministrica-helena-jaklitsch-obiskala-slovenski-dom-zagreb\/#breadcrumb"},"inLanguage":"sl-SI","potentialAction":[{"@type":"ReadAction","target":["http:\/\/tmp.warp-poligon.info\/si\/ministrica-helena-jaklitsch-obiskala-slovenski-dom-zagreb\/"]}]},{"@type":"BreadcrumbList","@id":"http:\/\/tmp.warp-poligon.info\/si\/ministrica-helena-jaklitsch-obiskala-slovenski-dom-zagreb\/#breadcrumb","itemListElement":[{"@type":"ListItem","position":1,"name":"Home","item":"http:\/\/tmp.warp-poligon.info\/si\/"},{"@type":"ListItem","position":2,"name":"Obisk ministrice Jaklitsch v Slovenskem domu Zagreb"}]},{"@type":"WebSite","@id":"http:\/\/tmp.warp-poligon.info\/si\/#website","url":"http:\/\/tmp.warp-poligon.info\/si\/","name":"Slovenski dom in Svet slovenske nacionalne manj\u0161ine Mesta Zagreb","description":"","potentialAction":[{"@type":"SearchAction","target":{"@type":"EntryPoint","urlTemplate":"http:\/\/tmp.warp-poligon.info\/si\/?s={search_term_string}"},"query-input":"required name=search_term_string"}],"inLanguage":"sl-SI"},{"@type":"Person","@id":"http:\/\/tmp.warp-poligon.info\/si\/#\/schema\/person\/a34ecc40aa73e6dd78780facef777d32","name":"agata","image":{"@type":"ImageObject","inLanguage":"sl-SI","@id":"http:\/\/tmp.warp-poligon.info\/si\/#\/schema\/person\/image\/","url":"http:\/\/1.gravatar.com\/avatar\/42c070b2dbf14a48e0639733f946c907?s=96&d=mm&r=g","contentUrl":"http:\/\/1.gravatar.com\/avatar\/42c070b2dbf14a48e0639733f946c907?s=96&d=mm&r=g","caption":"agata"},"url":"http:\/\/tmp.warp-poligon.info\/si\/author\/agata\/"}]}},"_links":{"self":[{"href":"http:\/\/tmp.warp-poligon.info\/si\/wp-json\/wp\/v2\/posts\/4868"}],"collection":[{"href":"http:\/\/tmp.warp-poligon.info\/si\/wp-json\/wp\/v2\/posts"}],"about":[{"href":"http:\/\/tmp.warp-poligon.info\/si\/wp-json\/wp\/v2\/types\/post"}],"author":[{"embeddable":true,"href":"http:\/\/tmp.warp-poligon.info\/si\/wp-json\/wp\/v2\/users\/3"}],"replies":[{"embeddable":true,"href":"http:\/\/tmp.warp-poligon.info\/si\/wp-json\/wp\/v2\/comments?post=4868"}],"version-history":[{"count":19,"href":"http:\/\/tmp.warp-poligon.info\/si\/wp-json\/wp\/v2\/posts\/4868\/revisions"}],"predecessor-version":[{"id":4905,"href":"http:\/\/tmp.warp-poligon.info\/si\/wp-json\/wp\/v2\/posts\/4868\/revisions\/4905"}],"wp:featuredmedia":[{"embeddable":true,"href":"http:\/\/tmp.warp-poligon.info\/si\/wp-json\/wp\/v2\/media\/4887"}],"wp:attachment":[{"href":"http:\/\/tmp.warp-poligon.info\/si\/wp-json\/wp\/v2\/media?parent=4868"}],"wp:term":[{"taxonomy":"category","embeddable":true,"href":"http:\/\/tmp.warp-poligon.info\/si\/wp-json\/wp\/v2\/categories?post=4868"},{"taxonomy":"post_tag","embeddable":true,"href":"http:\/\/tmp.warp-poligon.info\/si\/wp-json\/wp\/v2\/tags?post=4868"}],"curies":[{"name":"wp","href":"https:\/\/api.w.org\/{rel}","templated":true}]}}