{"id":4940,"date":"2021-06-12T12:44:16","date_gmt":"2021-06-12T10:44:16","guid":{"rendered":"http:\/\/tmp.warp-poligon.info\/si\/?p=4940"},"modified":"2021-07-06T13:59:16","modified_gmt":"2021-07-06T11:59:16","slug":"slovenska-poezija-v-samoborju","status":"publish","type":"post","link":"http:\/\/tmp.warp-poligon.info\/si\/slovenska-poezija-v-samoborju\/","title":{"rendered":"Slovenska poezija v Samoborju"},"content":{"rendered":"<p>Samobor &#8211; V Samoborju je tradicionalno potekal \u017ee 32. ve\u010der hrva\u0161ke ljubezenske poezije, letos pod imenom \u017denska je najve\u010dje bogastvo v \u017eivljenju. Sre\u010danje pesnikov se je za\u010delo na Ljubi\u010dinem grobu in se nadaljevalo v Prehodu hrva\u0161kih pesnikov, kjer so slovesno odkrili plo\u0161\u010do z verzi pesnika Enesa Ki\u0161evi\u0107a. Svoje verze so nato v galeriji Prica recitirali znani hrva\u0161ki pesniki ob glasbi kantavtorice Lidije Bajuk. Pesem \u010cakam te, slovenske pesnice iz Kopra Slavice Jarkovi\u010d, ki se festivala \u017eal ni mogla udele\u017eiti, je prebrala \u010dlanica Slovenskega doma Zagreb Marjeta Trkman Kravar. Promovirane so bile tudi zbirke hrva\u0161ke ljubezenske poezije iz leta 2020 in 2021. (akm)<\/p>\n<p>Ve\u010d v Novem odmevu 76.<\/p>\n<p>Foto: mm, akm<\/p>\n<p style=\"text-align: center\"><strong>\u010cakam te.<\/strong><br \/>\n<strong>Na preprogi biserne rose,<\/strong><br \/>\n<strong>med zlatimi prameni jutranjega sonca.<\/strong><\/p>\n<p style=\"text-align: center\"><strong>Sli\u0161im te.<\/strong><br \/>\n<strong>Tvoj dih objema moje telo<\/strong><br \/>\n<strong>in prebuja mol\u010de\u010de reke<\/strong><br \/>\n<strong>najinih skrivnih potovanj.<\/strong><\/p>\n<p style=\"text-align: center\"><strong>\u010cutim te.<\/strong><br \/>\n<strong>Oble\u010de\u0161 me v slap cvetlic<\/strong><br \/>\n<strong>in me poljubi\u0161 na poglede najinih o\u010di.<\/strong><\/p>\n<p style=\"text-align: center\"><strong>Ob meni si.<\/strong><br \/>\n<strong>Tvoja topla dlan<\/strong><br \/>\n<strong>pri\u017eiga nove svetove<\/strong><br \/>\n<strong>misli in srca.<\/strong><\/p>\n<p style=\"text-align: center\"><strong>Slavica Jarkovi\u010d<\/strong><\/p>\n\n\t\t<style type=\"text\/css\">\n\t\t\t#gallery-1 {\n\t\t\t\tmargin: auto;\n\t\t\t}\n\t\t\t#gallery-1 .gallery-item {\n\t\t\t\tfloat: left;\n\t\t\t\tmargin-top: 10px;\n\t\t\t\ttext-align: center;\n\t\t\t\twidth: 50%;\n\t\t\t}\n\t\t\t#gallery-1 img {\n\t\t\t\tborder: 2px solid #cfcfcf;\n\t\t\t}\n\t\t\t#gallery-1 .gallery-caption {\n\t\t\t\tmargin-left: 0;\n\t\t\t}\n\t\t\t\/* see gallery_shortcode() in wp-includes\/media.php *\/\n\t\t<\/style>\n\t\t<div id='gallery-1' class='gallery galleryid-4940 gallery-columns-2 gallery-size-medium'><dl class='gallery-item'>\n\t\t\t<dt class='gallery-icon portrait'>\n\t\t\t\t<a href='http:\/\/tmp.warp-poligon.info\/si\/wp-content\/uploads\/sites\/2\/2021\/07\/Vraz-in-Ljubica.jpg'><img decoding=\"async\" width=\"225\" height=\"300\" src=\"http:\/\/tmp.warp-poligon.info\/si\/wp-content\/uploads\/sites\/2\/2021\/07\/Vraz-in-Ljubica-225x300.jpg\" class=\"attachment-medium size-medium\" alt=\"\" aria-describedby=\"gallery-1-4943\" srcset=\"http:\/\/tmp.warp-poligon.info\/si\/wp-content\/uploads\/sites\/2\/2021\/07\/Vraz-in-Ljubica-200x267.jpg 200w, http:\/\/tmp.warp-poligon.info\/si\/wp-content\/uploads\/sites\/2\/2021\/07\/Vraz-in-Ljubica-225x300.jpg 225w, http:\/\/tmp.warp-poligon.info\/si\/wp-content\/uploads\/sites\/2\/2021\/07\/Vraz-in-Ljubica-400x533.jpg 400w, http:\/\/tmp.warp-poligon.info\/si\/wp-content\/uploads\/sites\/2\/2021\/07\/Vraz-in-Ljubica-600x800.jpg 600w, http:\/\/tmp.warp-poligon.info\/si\/wp-content\/uploads\/sites\/2\/2021\/07\/Vraz-in-Ljubica.jpg 700w\" sizes=\"(max-width: 225px) 100vw, 225px\" \/><\/a>\n\t\t\t<\/dt>\n\t\t\t\t<dd class='wp-caption-text gallery-caption' id='gallery-1-4943'>\n\t\t\t\tVraz in Ljubica na Ljubi\u010dinem grobu. Pokrovitelji 32. Vrazove Ljubice: Mesto Samobor, Ministrstvo za kulturo in medije \/ Leto branja, Turisti\u010dna skupnost mesta Samobor, Zagreb\u0161ka \u017eupanija. Partnerji: Dru\u0161tvo hrva\u0161kih pisateljev, Svet slovenske narodne manj\u0161ine Mesta Zagreb, Matica hrva\u0161ka-podru\u017enica Samobor, Samoborski muzej, Mestna knji\u017enica Samobor.\n\t\t\t\t<\/dd><\/dl><dl class='gallery-item'>\n\t\t\t<dt class='gallery-icon landscape'>\n\t\t\t\t<a href='http:\/\/tmp.warp-poligon.info\/si\/wp-content\/uploads\/sites\/2\/2021\/07\/Enes-Kisevic.jpg'><img decoding=\"async\" width=\"300\" height=\"225\" src=\"http:\/\/tmp.warp-poligon.info\/si\/wp-content\/uploads\/sites\/2\/2021\/07\/Enes-Kisevic-300x225.jpg\" class=\"attachment-medium size-medium\" alt=\"\" aria-describedby=\"gallery-1-4942\" srcset=\"http:\/\/tmp.warp-poligon.info\/si\/wp-content\/uploads\/sites\/2\/2021\/07\/Enes-Kisevic-200x150.jpg 200w, http:\/\/tmp.warp-poligon.info\/si\/wp-content\/uploads\/sites\/2\/2021\/07\/Enes-Kisevic-300x225.jpg 300w, http:\/\/tmp.warp-poligon.info\/si\/wp-content\/uploads\/sites\/2\/2021\/07\/Enes-Kisevic-400x300.jpg 400w, http:\/\/tmp.warp-poligon.info\/si\/wp-content\/uploads\/sites\/2\/2021\/07\/Enes-Kisevic-600x450.jpg 600w, http:\/\/tmp.warp-poligon.info\/si\/wp-content\/uploads\/sites\/2\/2021\/07\/Enes-Kisevic.jpg 700w\" sizes=\"(max-width: 300px) 100vw, 300px\" \/><\/a>\n\t\t\t<\/dt>\n\t\t\t\t<dd class='wp-caption-text gallery-caption' id='gallery-1-4942'>\n\t\t\t\tEnes Ki\u0161evi\u0107 pred plo\u0161\u010do s svojimi verzi.\n\t\t\t\t<\/dd><\/dl><br style=\"clear: both\" \/><dl class='gallery-item'>\n\t\t\t<dt class='gallery-icon landscape'>\n\t\t\t\t<a href='http:\/\/tmp.warp-poligon.info\/si\/wp-content\/uploads\/sites\/2\/2021\/07\/Marjeta.jpg'><img decoding=\"async\" width=\"300\" height=\"200\" src=\"http:\/\/tmp.warp-poligon.info\/si\/wp-content\/uploads\/sites\/2\/2021\/07\/Marjeta-300x200.jpg\" class=\"attachment-medium size-medium\" alt=\"\" aria-describedby=\"gallery-1-4941\" srcset=\"http:\/\/tmp.warp-poligon.info\/si\/wp-content\/uploads\/sites\/2\/2021\/07\/Marjeta-200x133.jpg 200w, http:\/\/tmp.warp-poligon.info\/si\/wp-content\/uploads\/sites\/2\/2021\/07\/Marjeta-300x200.jpg 300w, http:\/\/tmp.warp-poligon.info\/si\/wp-content\/uploads\/sites\/2\/2021\/07\/Marjeta-400x267.jpg 400w, http:\/\/tmp.warp-poligon.info\/si\/wp-content\/uploads\/sites\/2\/2021\/07\/Marjeta-600x400.jpg 600w, http:\/\/tmp.warp-poligon.info\/si\/wp-content\/uploads\/sites\/2\/2021\/07\/Marjeta-768x512.jpg 768w, http:\/\/tmp.warp-poligon.info\/si\/wp-content\/uploads\/sites\/2\/2021\/07\/Marjeta-800x533.jpg 800w, http:\/\/tmp.warp-poligon.info\/si\/wp-content\/uploads\/sites\/2\/2021\/07\/Marjeta-1024x683.jpg 1024w, http:\/\/tmp.warp-poligon.info\/si\/wp-content\/uploads\/sites\/2\/2021\/07\/Marjeta.jpg 1080w\" sizes=\"(max-width: 300px) 100vw, 300px\" \/><\/a>\n\t\t\t<\/dt>\n\t\t\t\t<dd class='wp-caption-text gallery-caption' id='gallery-1-4941'>\n\t\t\t\tMarjeta Trkman Kravar.\n\t\t\t\t<\/dd><\/dl><dl class='gallery-item'>\n\t\t\t<dt class='gallery-icon landscape'>\n\t\t\t\t<a href='http:\/\/tmp.warp-poligon.info\/si\/wp-content\/uploads\/sites\/2\/2021\/07\/Vrazov-spomenik.jpg'><img decoding=\"async\" width=\"300\" height=\"225\" src=\"http:\/\/tmp.warp-poligon.info\/si\/wp-content\/uploads\/sites\/2\/2021\/07\/Vrazov-spomenik-300x225.jpg\" class=\"attachment-medium size-medium\" alt=\"\" aria-describedby=\"gallery-1-4944\" srcset=\"http:\/\/tmp.warp-poligon.info\/si\/wp-content\/uploads\/sites\/2\/2021\/07\/Vrazov-spomenik-200x150.jpg 200w, http:\/\/tmp.warp-poligon.info\/si\/wp-content\/uploads\/sites\/2\/2021\/07\/Vrazov-spomenik-300x225.jpg 300w, http:\/\/tmp.warp-poligon.info\/si\/wp-content\/uploads\/sites\/2\/2021\/07\/Vrazov-spomenik-400x300.jpg 400w, http:\/\/tmp.warp-poligon.info\/si\/wp-content\/uploads\/sites\/2\/2021\/07\/Vrazov-spomenik-600x450.jpg 600w, http:\/\/tmp.warp-poligon.info\/si\/wp-content\/uploads\/sites\/2\/2021\/07\/Vrazov-spomenik.jpg 700w\" sizes=\"(max-width: 300px) 100vw, 300px\" \/><\/a>\n\t\t\t<\/dt>\n\t\t\t\t<dd class='wp-caption-text gallery-caption' id='gallery-1-4944'>\n\t\t\t\tPesniki so polo\u017eili ro\u017ee na spomenik Stanku Vrazu pri Samoborskem muzeju.\n\t\t\t\t<\/dd><\/dl><br style=\"clear: both\" \/>\n\t\t<\/div>\n\n","protected":false},"excerpt":{"rendered":"<p>Samobor &#8211; V Samoborju je tradicionalno potekal \u017ee 32. ve\u010der hrva\u0161ke ljubezenske poezije, letos pod imenom \u017denska je najve\u010dje bogastvo v \u017eivljenju. Sre\u010danje pesnikov se je za\u010delo na Ljubi\u010dinem grobu in se nadaljevalo v Prehodu hrva\u0161kih pesnikov, kjer so slovesno odkrili plo\u0161\u010do z verzi pesnika Enesa Ki\u0161evi\u0107a. Svoje verze so nato v galeriji Prica recitirali [&hellip;]<\/p>\n","protected":false},"author":3,"featured_media":4942,"comment_status":"closed","ping_status":"open","sticky":false,"template":"","format":"standard","meta":{"footnotes":""},"categories":[5],"tags":[],"yoast_head":"<!-- This site is optimized with the Yoast SEO plugin v21.9.1 - https:\/\/yoast.com\/wordpress\/plugins\/seo\/ -->\n<title>Slovenska poezija v Samoborju | Slovenski dom in Svet slovenske nacionalne manj\u0161ine Mesta Zagreb<\/title>\n<meta name=\"robots\" content=\"index, follow, max-snippet:-1, max-image-preview:large, max-video-preview:-1\" \/>\n<link rel=\"canonical\" href=\"http:\/\/tmp.warp-poligon.info\/si\/slovenska-poezija-v-samoborju\/\" \/>\n<meta property=\"og:locale\" content=\"sl_SI\" \/>\n<meta property=\"og:type\" content=\"article\" \/>\n<meta property=\"og:title\" content=\"Slovenska poezija v Samoborju | Slovenski dom in Svet slovenske nacionalne manj\u0161ine Mesta Zagreb\" \/>\n<meta property=\"og:description\" content=\"Samobor &#8211; V Samoborju je tradicionalno potekal \u017ee 32. ve\u010der hrva\u0161ke ljubezenske poezije, letos pod imenom \u017denska je najve\u010dje bogastvo v \u017eivljenju. Sre\u010danje pesnikov se je za\u010delo na Ljubi\u010dinem grobu in se nadaljevalo v Prehodu hrva\u0161kih pesnikov, kjer so slovesno odkrili plo\u0161\u010do z verzi pesnika Enesa Ki\u0161evi\u0107a. Svoje verze so nato v galeriji Prica recitirali [&hellip;]\" \/>\n<meta property=\"og:url\" content=\"http:\/\/tmp.warp-poligon.info\/si\/slovenska-poezija-v-samoborju\/\" \/>\n<meta property=\"og:site_name\" content=\"Slovenski dom in Svet slovenske nacionalne manj\u0161ine Mesta Zagreb\" \/>\n<meta property=\"article:published_time\" content=\"2021-06-12T10:44:16+00:00\" \/>\n<meta property=\"article:modified_time\" content=\"2021-07-06T11:59:16+00:00\" \/>\n<meta property=\"og:image\" content=\"http:\/\/tmp.warp-poligon.info\/si\/wp-content\/uploads\/sites\/2\/2021\/07\/Enes-Kisevic.jpg\" \/>\n\t<meta property=\"og:image:width\" content=\"700\" \/>\n\t<meta property=\"og:image:height\" content=\"525\" \/>\n\t<meta property=\"og:image:type\" content=\"image\/jpeg\" \/>\n<meta name=\"author\" content=\"agata\" \/>\n<meta name=\"twitter:label1\" content=\"Written by\" \/>\n\t<meta name=\"twitter:data1\" content=\"agata\" \/>\n\t<meta name=\"twitter:label2\" content=\"Est. reading time\" \/>\n\t<meta name=\"twitter:data2\" content=\"1 minuta\" \/>\n<script type=\"application\/ld+json\" class=\"yoast-schema-graph\">{\"@context\":\"https:\/\/schema.org\",\"@graph\":[{\"@type\":\"WebPage\",\"@id\":\"http:\/\/tmp.warp-poligon.info\/si\/slovenska-poezija-v-samoborju\/\",\"url\":\"http:\/\/tmp.warp-poligon.info\/si\/slovenska-poezija-v-samoborju\/\",\"name\":\"Slovenska poezija v Samoborju | Slovenski dom in Svet slovenske nacionalne manj\u0161ine Mesta Zagreb\",\"isPartOf\":{\"@id\":\"http:\/\/tmp.warp-poligon.info\/si\/#website\"},\"datePublished\":\"2021-06-12T10:44:16+00:00\",\"dateModified\":\"2021-07-06T11:59:16+00:00\",\"author\":{\"@id\":\"http:\/\/tmp.warp-poligon.info\/si\/#\/schema\/person\/a34ecc40aa73e6dd78780facef777d32\"},\"breadcrumb\":{\"@id\":\"http:\/\/tmp.warp-poligon.info\/si\/slovenska-poezija-v-samoborju\/#breadcrumb\"},\"inLanguage\":\"sl-SI\",\"potentialAction\":[{\"@type\":\"ReadAction\",\"target\":[\"http:\/\/tmp.warp-poligon.info\/si\/slovenska-poezija-v-samoborju\/\"]}]},{\"@type\":\"BreadcrumbList\",\"@id\":\"http:\/\/tmp.warp-poligon.info\/si\/slovenska-poezija-v-samoborju\/#breadcrumb\",\"itemListElement\":[{\"@type\":\"ListItem\",\"position\":1,\"name\":\"Home\",\"item\":\"http:\/\/tmp.warp-poligon.info\/si\/\"},{\"@type\":\"ListItem\",\"position\":2,\"name\":\"Slovenska poezija v Samoborju\"}]},{\"@type\":\"WebSite\",\"@id\":\"http:\/\/tmp.warp-poligon.info\/si\/#website\",\"url\":\"http:\/\/tmp.warp-poligon.info\/si\/\",\"name\":\"Slovenski dom in Svet slovenske nacionalne manj\u0161ine Mesta Zagreb\",\"description\":\"\",\"potentialAction\":[{\"@type\":\"SearchAction\",\"target\":{\"@type\":\"EntryPoint\",\"urlTemplate\":\"http:\/\/tmp.warp-poligon.info\/si\/?s={search_term_string}\"},\"query-input\":\"required name=search_term_string\"}],\"inLanguage\":\"sl-SI\"},{\"@type\":\"Person\",\"@id\":\"http:\/\/tmp.warp-poligon.info\/si\/#\/schema\/person\/a34ecc40aa73e6dd78780facef777d32\",\"name\":\"agata\",\"image\":{\"@type\":\"ImageObject\",\"inLanguage\":\"sl-SI\",\"@id\":\"http:\/\/tmp.warp-poligon.info\/si\/#\/schema\/person\/image\/\",\"url\":\"http:\/\/1.gravatar.com\/avatar\/42c070b2dbf14a48e0639733f946c907?s=96&d=mm&r=g\",\"contentUrl\":\"http:\/\/1.gravatar.com\/avatar\/42c070b2dbf14a48e0639733f946c907?s=96&d=mm&r=g\",\"caption\":\"agata\"},\"url\":\"http:\/\/tmp.warp-poligon.info\/si\/author\/agata\/\"}]}<\/script>\n<!-- \/ Yoast SEO plugin. -->","yoast_head_json":{"title":"Slovenska poezija v Samoborju | Slovenski dom in Svet slovenske nacionalne manj\u0161ine Mesta Zagreb","robots":{"index":"index","follow":"follow","max-snippet":"max-snippet:-1","max-image-preview":"max-image-preview:large","max-video-preview":"max-video-preview:-1"},"canonical":"http:\/\/tmp.warp-poligon.info\/si\/slovenska-poezija-v-samoborju\/","og_locale":"sl_SI","og_type":"article","og_title":"Slovenska poezija v Samoborju | Slovenski dom in Svet slovenske nacionalne manj\u0161ine Mesta Zagreb","og_description":"Samobor &#8211; V Samoborju je tradicionalno potekal \u017ee 32. ve\u010der hrva\u0161ke ljubezenske poezije, letos pod imenom \u017denska je najve\u010dje bogastvo v \u017eivljenju. Sre\u010danje pesnikov se je za\u010delo na Ljubi\u010dinem grobu in se nadaljevalo v Prehodu hrva\u0161kih pesnikov, kjer so slovesno odkrili plo\u0161\u010do z verzi pesnika Enesa Ki\u0161evi\u0107a. Svoje verze so nato v galeriji Prica recitirali [&hellip;]","og_url":"http:\/\/tmp.warp-poligon.info\/si\/slovenska-poezija-v-samoborju\/","og_site_name":"Slovenski dom in Svet slovenske nacionalne manj\u0161ine Mesta Zagreb","article_published_time":"2021-06-12T10:44:16+00:00","article_modified_time":"2021-07-06T11:59:16+00:00","og_image":[{"width":700,"height":525,"url":"http:\/\/tmp.warp-poligon.info\/si\/wp-content\/uploads\/sites\/2\/2021\/07\/Enes-Kisevic.jpg","type":"image\/jpeg"}],"author":"agata","twitter_misc":{"Written by":"agata","Est. reading time":"1 minuta"},"schema":{"@context":"https:\/\/schema.org","@graph":[{"@type":"WebPage","@id":"http:\/\/tmp.warp-poligon.info\/si\/slovenska-poezija-v-samoborju\/","url":"http:\/\/tmp.warp-poligon.info\/si\/slovenska-poezija-v-samoborju\/","name":"Slovenska poezija v Samoborju | Slovenski dom in Svet slovenske nacionalne manj\u0161ine Mesta Zagreb","isPartOf":{"@id":"http:\/\/tmp.warp-poligon.info\/si\/#website"},"datePublished":"2021-06-12T10:44:16+00:00","dateModified":"2021-07-06T11:59:16+00:00","author":{"@id":"http:\/\/tmp.warp-poligon.info\/si\/#\/schema\/person\/a34ecc40aa73e6dd78780facef777d32"},"breadcrumb":{"@id":"http:\/\/tmp.warp-poligon.info\/si\/slovenska-poezija-v-samoborju\/#breadcrumb"},"inLanguage":"sl-SI","potentialAction":[{"@type":"ReadAction","target":["http:\/\/tmp.warp-poligon.info\/si\/slovenska-poezija-v-samoborju\/"]}]},{"@type":"BreadcrumbList","@id":"http:\/\/tmp.warp-poligon.info\/si\/slovenska-poezija-v-samoborju\/#breadcrumb","itemListElement":[{"@type":"ListItem","position":1,"name":"Home","item":"http:\/\/tmp.warp-poligon.info\/si\/"},{"@type":"ListItem","position":2,"name":"Slovenska poezija v Samoborju"}]},{"@type":"WebSite","@id":"http:\/\/tmp.warp-poligon.info\/si\/#website","url":"http:\/\/tmp.warp-poligon.info\/si\/","name":"Slovenski dom in Svet slovenske nacionalne manj\u0161ine Mesta Zagreb","description":"","potentialAction":[{"@type":"SearchAction","target":{"@type":"EntryPoint","urlTemplate":"http:\/\/tmp.warp-poligon.info\/si\/?s={search_term_string}"},"query-input":"required name=search_term_string"}],"inLanguage":"sl-SI"},{"@type":"Person","@id":"http:\/\/tmp.warp-poligon.info\/si\/#\/schema\/person\/a34ecc40aa73e6dd78780facef777d32","name":"agata","image":{"@type":"ImageObject","inLanguage":"sl-SI","@id":"http:\/\/tmp.warp-poligon.info\/si\/#\/schema\/person\/image\/","url":"http:\/\/1.gravatar.com\/avatar\/42c070b2dbf14a48e0639733f946c907?s=96&d=mm&r=g","contentUrl":"http:\/\/1.gravatar.com\/avatar\/42c070b2dbf14a48e0639733f946c907?s=96&d=mm&r=g","caption":"agata"},"url":"http:\/\/tmp.warp-poligon.info\/si\/author\/agata\/"}]}},"_links":{"self":[{"href":"http:\/\/tmp.warp-poligon.info\/si\/wp-json\/wp\/v2\/posts\/4940"}],"collection":[{"href":"http:\/\/tmp.warp-poligon.info\/si\/wp-json\/wp\/v2\/posts"}],"about":[{"href":"http:\/\/tmp.warp-poligon.info\/si\/wp-json\/wp\/v2\/types\/post"}],"author":[{"embeddable":true,"href":"http:\/\/tmp.warp-poligon.info\/si\/wp-json\/wp\/v2\/users\/3"}],"replies":[{"embeddable":true,"href":"http:\/\/tmp.warp-poligon.info\/si\/wp-json\/wp\/v2\/comments?post=4940"}],"version-history":[{"count":2,"href":"http:\/\/tmp.warp-poligon.info\/si\/wp-json\/wp\/v2\/posts\/4940\/revisions"}],"predecessor-version":[{"id":4951,"href":"http:\/\/tmp.warp-poligon.info\/si\/wp-json\/wp\/v2\/posts\/4940\/revisions\/4951"}],"wp:featuredmedia":[{"embeddable":true,"href":"http:\/\/tmp.warp-poligon.info\/si\/wp-json\/wp\/v2\/media\/4942"}],"wp:attachment":[{"href":"http:\/\/tmp.warp-poligon.info\/si\/wp-json\/wp\/v2\/media?parent=4940"}],"wp:term":[{"taxonomy":"category","embeddable":true,"href":"http:\/\/tmp.warp-poligon.info\/si\/wp-json\/wp\/v2\/categories?post=4940"},{"taxonomy":"post_tag","embeddable":true,"href":"http:\/\/tmp.warp-poligon.info\/si\/wp-json\/wp\/v2\/tags?post=4940"}],"curies":[{"name":"wp","href":"https:\/\/api.w.org\/{rel}","templated":true}]}}