{"id":505,"date":"2012-06-13T08:00:29","date_gmt":"2012-06-13T06:00:29","guid":{"rendered":"http:\/\/tmp.warp-poligon.info\/si\/?p=505"},"modified":"2014-04-01T17:49:58","modified_gmt":"2014-04-01T15:49:58","slug":"dan-drzavnosti-ob-zvokih-slovenskih-harmonikarjev","status":"publish","type":"post","link":"http:\/\/tmp.warp-poligon.info\/si\/dan-drzavnosti-ob-zvokih-slovenskih-harmonikarjev\/","title":{"rendered":"Dan dr\u017eavnosti ob zvokih slovenskih harmonikarjev"},"content":{"rendered":"<p>Zagreb &#8211; Dan dr\u017eavnosti Slovenije in Hrva\u0161ke, ta pomembni zgodovinski dogodek, ki ga obe na\u0161i domovini s ponosom obele\u017eujeta 25. junija, smo letos praznovali 13. junija na zagreb\u0161kem trgu Zrinjevac. Veleposlani\u0161tvo Republike Slovenije je prireditev organiziralo v sodelovanju s Poslovnim klubom slovensko-hrva\u0161kih gospodarstvenikov ter ve\u010d kot dvajsetimi slovenskimi podjetji, ki poslujejo na Hrva\u0161kem. V parku Zrinjevac so pripravili nastop najve\u010djega slovenskega harmonikarskega orkestra Pustotnik, ki je v odprtem dvonadstropnem avtobusu igral tudi po drugih zagreb\u0161kih trgih.<\/p>\n<p><strong>Slovenska kulinari\u010dna identiteta<\/strong><\/p>\n<p>Na Zrinjevcu so si na\u0161i some\u0161\u010dani ob glasbi enkratnih harmonikarjev na stojnicah po simboli\u010dnih cenah lahko privo\u0161\u010dili tudi izvirne in edine prave kranjske klobase ter pivo. Gre za eno od kulinari\u010dnih dobrot Slovenije, ki je postala svetovno prepoznavna zahvaljujo\u010d slovenskim izseljencem in je s slovensko dr\u017eavnostjo dobila tudi kulinari\u010dno identiteto. Tako etimologija kot tudi druga pri\u010devanja dokazujejo, da je mesna klobasa nesporno del na\u0161e kulturne dedi\u0161\u010dine s podro\u010dja prehrane. Stoletja je prisotna na vsakdanjih in prazni\u010dnih jedilnikih slovenskega \u010dloveka in je del prazni\u010dnega rituala kolin. &#8220;\u010ce sta diplomacijo neko\u010d morda simbolizirala \u0161ampanjec in kaviar, pa v \u010dasih krize najve\u010d pomenijo dobri sosedski odnosi ter pripravljenost na medsebojno pomo\u010d in sodelovanje&#8221;, je omenil slovenski veleposlanik Vojko Volk. Iztr\u017eek od prodaje kranjske klobase je slovensko veleposlani\u0161tvo tudi letos namenilo v humanitarne namene.<\/p>\n<p>V popoldanskih urah je pri paviljonu Zrinjevac, ki je v bli\u017eini hrva\u0161kega zunanjega ministrstva, potekal sprejem uradnih gostov, diplomatskega zbora in predstavnikov slovenskih podjetij, ki poslujejo na Hrva\u0161kem, ter njihovih hrva\u0161kih kolegov. Sprejema so se udele\u017eili tudi predsednik Slovenskega doma Darko \u0160onc, predsednik Sveta za narodne manj\u0161ine Republike Hrva\u0161ke Aleksandar Tolnauer, predstavniki drugih zagreb\u0161kih narodnih manj\u0161in kot tudi \u010dlani in predstavniki slovenskih dru\u0161tev na Hrva\u0161kem. Poleg slovenskega veleposlanika Vojka Volka je goste pozdravil tudi podpredsednik hrva\u0161kega Sabora Nenad Stazi\u0107. Kljub de\u017eevnemu vremenu se je slavnostni ve\u010der nadaljeval v prijetnem dru\u017eenju na prostem ob odli\u010dni tradicionalni slovenski jeda\u010di in pija\u010di ter ob milih zvokih klavirja in klarineta. (a.k.m.)<\/p>\n<div id=\"attachment_507\" style=\"width: 470px\" class=\"wp-caption aligncenter\"><img decoding=\"async\" aria-describedby=\"caption-attachment-507\" class=\"size-full wp-image-507\" alt=\"Nagovor slovenskega veleposlanika Vojka Volka in podpredsednika hrva\u0161kega Sabora Nenada Stazi\u0107a. Foto: m.m.b.\" src=\"http:\/\/tmp.warp-poligon.info\/si\/wp-content\/uploads\/sites\/2\/2012\/06\/DD_ZRINJEVAC.jpg\" width=\"460\" height=\"345\" srcset=\"http:\/\/tmp.warp-poligon.info\/si\/wp-content\/uploads\/sites\/2\/2012\/06\/DD_ZRINJEVAC-300x225.jpg 300w, http:\/\/tmp.warp-poligon.info\/si\/wp-content\/uploads\/sites\/2\/2012\/06\/DD_ZRINJEVAC.jpg 460w\" sizes=\"(max-width: 460px) 100vw, 460px\" \/><p id=\"caption-attachment-507\" class=\"wp-caption-text\">Nagovor slovenskega veleposlanika Vojka Volka in podpredsednika hrva\u0161kega Sabora Nenada Stazi\u0107a. Foto: m.m.b.<\/p><\/div>\n","protected":false},"excerpt":{"rendered":"<p>Zagreb &#8211; Dan dr\u017eavnosti Slovenije in Hrva\u0161ke, ta pomembni zgodovinski dogodek, ki ga obe na\u0161i domovini s ponosom obele\u017eujeta 25. junija, smo letos praznovali 13. junija na zagreb\u0161kem trgu Zrinjevac. Veleposlani\u0161tvo Republike Slovenije je prireditev organiziralo v sodelovanju s Poslovnim klubom slovensko-hrva\u0161kih gospodarstvenikov ter ve\u010d kot dvajsetimi slovenskimi podjetji, ki poslujejo na Hrva\u0161kem. V parku [&hellip;]<\/p>\n","protected":false},"author":1,"featured_media":0,"comment_status":"closed","ping_status":"open","sticky":false,"template":"","format":"standard","meta":{"footnotes":""},"categories":[5],"tags":[],"yoast_head":"<!-- This site is optimized with the Yoast SEO plugin v21.9.1 - https:\/\/yoast.com\/wordpress\/plugins\/seo\/ -->\n<title>Dan dr\u017eavnosti ob zvokih slovenskih harmonikarjev | Slovenski dom in Svet slovenske nacionalne manj\u0161ine Mesta Zagreb<\/title>\n<meta name=\"robots\" content=\"index, follow, max-snippet:-1, max-image-preview:large, max-video-preview:-1\" \/>\n<link rel=\"canonical\" href=\"http:\/\/tmp.warp-poligon.info\/si\/dan-drzavnosti-ob-zvokih-slovenskih-harmonikarjev\/\" \/>\n<meta property=\"og:locale\" content=\"sl_SI\" \/>\n<meta property=\"og:type\" content=\"article\" \/>\n<meta property=\"og:title\" content=\"Dan dr\u017eavnosti ob zvokih slovenskih harmonikarjev | Slovenski dom in Svet slovenske nacionalne manj\u0161ine Mesta Zagreb\" \/>\n<meta property=\"og:description\" content=\"Zagreb &#8211; Dan dr\u017eavnosti Slovenije in Hrva\u0161ke, ta pomembni zgodovinski dogodek, ki ga obe na\u0161i domovini s ponosom obele\u017eujeta 25. junija, smo letos praznovali 13. junija na zagreb\u0161kem trgu Zrinjevac. Veleposlani\u0161tvo Republike Slovenije je prireditev organiziralo v sodelovanju s Poslovnim klubom slovensko-hrva\u0161kih gospodarstvenikov ter ve\u010d kot dvajsetimi slovenskimi podjetji, ki poslujejo na Hrva\u0161kem. V parku [&hellip;]\" \/>\n<meta property=\"og:url\" content=\"http:\/\/tmp.warp-poligon.info\/si\/dan-drzavnosti-ob-zvokih-slovenskih-harmonikarjev\/\" \/>\n<meta property=\"og:site_name\" content=\"Slovenski dom in Svet slovenske nacionalne manj\u0161ine Mesta Zagreb\" \/>\n<meta property=\"article:published_time\" content=\"2012-06-13T06:00:29+00:00\" \/>\n<meta property=\"article:modified_time\" content=\"2014-04-01T15:49:58+00:00\" \/>\n<meta property=\"og:image\" content=\"http:\/\/tmp.warp-poligon.info\/si\/wp-content\/uploads\/sites\/2\/2012\/06\/DD_ZRINJEVAC.jpg\" \/>\n<meta name=\"author\" content=\"edin.dji\" \/>\n<meta name=\"twitter:label1\" content=\"Written by\" \/>\n\t<meta name=\"twitter:data1\" content=\"edin.dji\" \/>\n\t<meta name=\"twitter:label2\" content=\"Est. reading time\" \/>\n\t<meta name=\"twitter:data2\" content=\"2 minuti\" \/>\n<script type=\"application\/ld+json\" class=\"yoast-schema-graph\">{\"@context\":\"https:\/\/schema.org\",\"@graph\":[{\"@type\":\"WebPage\",\"@id\":\"http:\/\/tmp.warp-poligon.info\/si\/dan-drzavnosti-ob-zvokih-slovenskih-harmonikarjev\/\",\"url\":\"http:\/\/tmp.warp-poligon.info\/si\/dan-drzavnosti-ob-zvokih-slovenskih-harmonikarjev\/\",\"name\":\"Dan dr\u017eavnosti ob zvokih slovenskih harmonikarjev | Slovenski dom in Svet slovenske nacionalne manj\u0161ine Mesta Zagreb\",\"isPartOf\":{\"@id\":\"http:\/\/tmp.warp-poligon.info\/si\/#website\"},\"datePublished\":\"2012-06-13T06:00:29+00:00\",\"dateModified\":\"2014-04-01T15:49:58+00:00\",\"author\":{\"@id\":\"http:\/\/tmp.warp-poligon.info\/si\/#\/schema\/person\/6676f710a91979474558fea82bc41a0a\"},\"breadcrumb\":{\"@id\":\"http:\/\/tmp.warp-poligon.info\/si\/dan-drzavnosti-ob-zvokih-slovenskih-harmonikarjev\/#breadcrumb\"},\"inLanguage\":\"sl-SI\",\"potentialAction\":[{\"@type\":\"ReadAction\",\"target\":[\"http:\/\/tmp.warp-poligon.info\/si\/dan-drzavnosti-ob-zvokih-slovenskih-harmonikarjev\/\"]}]},{\"@type\":\"BreadcrumbList\",\"@id\":\"http:\/\/tmp.warp-poligon.info\/si\/dan-drzavnosti-ob-zvokih-slovenskih-harmonikarjev\/#breadcrumb\",\"itemListElement\":[{\"@type\":\"ListItem\",\"position\":1,\"name\":\"Home\",\"item\":\"http:\/\/tmp.warp-poligon.info\/si\/\"},{\"@type\":\"ListItem\",\"position\":2,\"name\":\"Dan dr\u017eavnosti ob zvokih slovenskih harmonikarjev\"}]},{\"@type\":\"WebSite\",\"@id\":\"http:\/\/tmp.warp-poligon.info\/si\/#website\",\"url\":\"http:\/\/tmp.warp-poligon.info\/si\/\",\"name\":\"Slovenski dom in Svet slovenske nacionalne manj\u0161ine Mesta Zagreb\",\"description\":\"\",\"potentialAction\":[{\"@type\":\"SearchAction\",\"target\":{\"@type\":\"EntryPoint\",\"urlTemplate\":\"http:\/\/tmp.warp-poligon.info\/si\/?s={search_term_string}\"},\"query-input\":\"required name=search_term_string\"}],\"inLanguage\":\"sl-SI\"},{\"@type\":\"Person\",\"@id\":\"http:\/\/tmp.warp-poligon.info\/si\/#\/schema\/person\/6676f710a91979474558fea82bc41a0a\",\"name\":\"edin.dji\",\"image\":{\"@type\":\"ImageObject\",\"inLanguage\":\"sl-SI\",\"@id\":\"http:\/\/tmp.warp-poligon.info\/si\/#\/schema\/person\/image\/\",\"url\":\"http:\/\/0.gravatar.com\/avatar\/6136fa88afb87b83090822617871c230?s=96&d=mm&r=g\",\"contentUrl\":\"http:\/\/0.gravatar.com\/avatar\/6136fa88afb87b83090822617871c230?s=96&d=mm&r=g\",\"caption\":\"edin.dji\"},\"url\":\"http:\/\/tmp.warp-poligon.info\/si\/author\/edin-dji\/\"}]}<\/script>\n<!-- \/ Yoast SEO plugin. -->","yoast_head_json":{"title":"Dan dr\u017eavnosti ob zvokih slovenskih harmonikarjev | Slovenski dom in Svet slovenske nacionalne manj\u0161ine Mesta Zagreb","robots":{"index":"index","follow":"follow","max-snippet":"max-snippet:-1","max-image-preview":"max-image-preview:large","max-video-preview":"max-video-preview:-1"},"canonical":"http:\/\/tmp.warp-poligon.info\/si\/dan-drzavnosti-ob-zvokih-slovenskih-harmonikarjev\/","og_locale":"sl_SI","og_type":"article","og_title":"Dan dr\u017eavnosti ob zvokih slovenskih harmonikarjev | Slovenski dom in Svet slovenske nacionalne manj\u0161ine Mesta Zagreb","og_description":"Zagreb &#8211; Dan dr\u017eavnosti Slovenije in Hrva\u0161ke, ta pomembni zgodovinski dogodek, ki ga obe na\u0161i domovini s ponosom obele\u017eujeta 25. junija, smo letos praznovali 13. junija na zagreb\u0161kem trgu Zrinjevac. Veleposlani\u0161tvo Republike Slovenije je prireditev organiziralo v sodelovanju s Poslovnim klubom slovensko-hrva\u0161kih gospodarstvenikov ter ve\u010d kot dvajsetimi slovenskimi podjetji, ki poslujejo na Hrva\u0161kem. V parku [&hellip;]","og_url":"http:\/\/tmp.warp-poligon.info\/si\/dan-drzavnosti-ob-zvokih-slovenskih-harmonikarjev\/","og_site_name":"Slovenski dom in Svet slovenske nacionalne manj\u0161ine Mesta Zagreb","article_published_time":"2012-06-13T06:00:29+00:00","article_modified_time":"2014-04-01T15:49:58+00:00","og_image":[{"url":"http:\/\/tmp.warp-poligon.info\/si\/wp-content\/uploads\/sites\/2\/2012\/06\/DD_ZRINJEVAC.jpg"}],"author":"edin.dji","twitter_misc":{"Written by":"edin.dji","Est. reading time":"2 minuti"},"schema":{"@context":"https:\/\/schema.org","@graph":[{"@type":"WebPage","@id":"http:\/\/tmp.warp-poligon.info\/si\/dan-drzavnosti-ob-zvokih-slovenskih-harmonikarjev\/","url":"http:\/\/tmp.warp-poligon.info\/si\/dan-drzavnosti-ob-zvokih-slovenskih-harmonikarjev\/","name":"Dan dr\u017eavnosti ob zvokih slovenskih harmonikarjev | Slovenski dom in Svet slovenske nacionalne manj\u0161ine Mesta Zagreb","isPartOf":{"@id":"http:\/\/tmp.warp-poligon.info\/si\/#website"},"datePublished":"2012-06-13T06:00:29+00:00","dateModified":"2014-04-01T15:49:58+00:00","author":{"@id":"http:\/\/tmp.warp-poligon.info\/si\/#\/schema\/person\/6676f710a91979474558fea82bc41a0a"},"breadcrumb":{"@id":"http:\/\/tmp.warp-poligon.info\/si\/dan-drzavnosti-ob-zvokih-slovenskih-harmonikarjev\/#breadcrumb"},"inLanguage":"sl-SI","potentialAction":[{"@type":"ReadAction","target":["http:\/\/tmp.warp-poligon.info\/si\/dan-drzavnosti-ob-zvokih-slovenskih-harmonikarjev\/"]}]},{"@type":"BreadcrumbList","@id":"http:\/\/tmp.warp-poligon.info\/si\/dan-drzavnosti-ob-zvokih-slovenskih-harmonikarjev\/#breadcrumb","itemListElement":[{"@type":"ListItem","position":1,"name":"Home","item":"http:\/\/tmp.warp-poligon.info\/si\/"},{"@type":"ListItem","position":2,"name":"Dan dr\u017eavnosti ob zvokih slovenskih harmonikarjev"}]},{"@type":"WebSite","@id":"http:\/\/tmp.warp-poligon.info\/si\/#website","url":"http:\/\/tmp.warp-poligon.info\/si\/","name":"Slovenski dom in Svet slovenske nacionalne manj\u0161ine Mesta Zagreb","description":"","potentialAction":[{"@type":"SearchAction","target":{"@type":"EntryPoint","urlTemplate":"http:\/\/tmp.warp-poligon.info\/si\/?s={search_term_string}"},"query-input":"required name=search_term_string"}],"inLanguage":"sl-SI"},{"@type":"Person","@id":"http:\/\/tmp.warp-poligon.info\/si\/#\/schema\/person\/6676f710a91979474558fea82bc41a0a","name":"edin.dji","image":{"@type":"ImageObject","inLanguage":"sl-SI","@id":"http:\/\/tmp.warp-poligon.info\/si\/#\/schema\/person\/image\/","url":"http:\/\/0.gravatar.com\/avatar\/6136fa88afb87b83090822617871c230?s=96&d=mm&r=g","contentUrl":"http:\/\/0.gravatar.com\/avatar\/6136fa88afb87b83090822617871c230?s=96&d=mm&r=g","caption":"edin.dji"},"url":"http:\/\/tmp.warp-poligon.info\/si\/author\/edin-dji\/"}]}},"_links":{"self":[{"href":"http:\/\/tmp.warp-poligon.info\/si\/wp-json\/wp\/v2\/posts\/505"}],"collection":[{"href":"http:\/\/tmp.warp-poligon.info\/si\/wp-json\/wp\/v2\/posts"}],"about":[{"href":"http:\/\/tmp.warp-poligon.info\/si\/wp-json\/wp\/v2\/types\/post"}],"author":[{"embeddable":true,"href":"http:\/\/tmp.warp-poligon.info\/si\/wp-json\/wp\/v2\/users\/1"}],"replies":[{"embeddable":true,"href":"http:\/\/tmp.warp-poligon.info\/si\/wp-json\/wp\/v2\/comments?post=505"}],"version-history":[{"count":3,"href":"http:\/\/tmp.warp-poligon.info\/si\/wp-json\/wp\/v2\/posts\/505\/revisions"}],"predecessor-version":[{"id":509,"href":"http:\/\/tmp.warp-poligon.info\/si\/wp-json\/wp\/v2\/posts\/505\/revisions\/509"}],"wp:attachment":[{"href":"http:\/\/tmp.warp-poligon.info\/si\/wp-json\/wp\/v2\/media?parent=505"}],"wp:term":[{"taxonomy":"category","embeddable":true,"href":"http:\/\/tmp.warp-poligon.info\/si\/wp-json\/wp\/v2\/categories?post=505"},{"taxonomy":"post_tag","embeddable":true,"href":"http:\/\/tmp.warp-poligon.info\/si\/wp-json\/wp\/v2\/tags?post=505"}],"curies":[{"name":"wp","href":"https:\/\/api.w.org\/{rel}","templated":true}]}}