{"id":5083,"date":"2021-07-31T10:28:19","date_gmt":"2021-07-31T08:28:19","guid":{"rendered":"http:\/\/tmp.warp-poligon.info\/si\/?p=5083"},"modified":"2021-09-13T10:46:42","modified_gmt":"2021-09-13T08:46:42","slug":"nastop-nasega-clana-na-6-cvitarijadi","status":"publish","type":"post","link":"http:\/\/tmp.warp-poligon.info\/si\/nastop-nasega-clana-na-6-cvitarijadi\/","title":{"rendered":"Nastop na\u0161ega \u010dlana na 6. Cvitarijadi"},"content":{"rendered":"<p>Na mednarodnem sre\u010danju orgli\u010darjev &#8211; 6. Cvitarijadi v Zadru, je tudi letos nastopal \u010dlan Slovenskega doma Zagreb in Sveta slovenske narodne manj\u0161ine Mesta Zagreba Marjan Dirnbek. Sre\u010danje je organiziralo zdru\u017eenje <em>Zvuci zavi\u010daja<\/em>, nastopali pa so najbolj\u0161i harmonikarji iz Avstrije, Slovenije, Italije, Bosne in Hercegovine ter Hrva\u0161ke. Program je bil zanimiv in pester, za vsakogar nekaj. Na\u0161 \u010dlan, ki sicer ob\u010dasno nastopa na prireditvah Slovenskega doma Zagreb, uspe\u0161no nastopa tudi na mednarodnih festivalih harmonikarjev v Sloveniji (Mokronog, Mirna in Dom\u017eale) ter hrva\u0161ki Istri (Gra\u010di\u0161\u0107e), je zadrskemu ob\u010dinstvu zaigral dve pesmi: italijansko Funiculi, Funicul\u00e0 in slova\u0161ko\u00a0Tancuj, tancuj, vykr\u00facaj, za kar je bil nagrajen z velikim aplavzom. (ma)<\/p>\n\n\t\t<style type=\"text\/css\">\n\t\t\t#gallery-1 {\n\t\t\t\tmargin: auto;\n\t\t\t}\n\t\t\t#gallery-1 .gallery-item {\n\t\t\t\tfloat: left;\n\t\t\t\tmargin-top: 10px;\n\t\t\t\ttext-align: center;\n\t\t\t\twidth: 100%;\n\t\t\t}\n\t\t\t#gallery-1 img {\n\t\t\t\tborder: 2px solid #cfcfcf;\n\t\t\t}\n\t\t\t#gallery-1 .gallery-caption {\n\t\t\t\tmargin-left: 0;\n\t\t\t}\n\t\t\t\/* see gallery_shortcode() in wp-includes\/media.php *\/\n\t\t<\/style>\n\t\t<div id='gallery-1' class='gallery galleryid-5083 gallery-columns-1 gallery-size-medium'><dl class='gallery-item'>\n\t\t\t<dt class='gallery-icon landscape'>\n\t\t\t\t<a href='http:\/\/tmp.warp-poligon.info\/si\/wp-content\/uploads\/sites\/2\/2021\/09\/Marjan-Dirnbek-2021.jpg'><img decoding=\"async\" width=\"300\" height=\"201\" src=\"http:\/\/tmp.warp-poligon.info\/si\/wp-content\/uploads\/sites\/2\/2021\/09\/Marjan-Dirnbek-2021-300x201.jpg\" class=\"attachment-medium size-medium\" alt=\"\" aria-describedby=\"gallery-1-5084\" srcset=\"http:\/\/tmp.warp-poligon.info\/si\/wp-content\/uploads\/sites\/2\/2021\/09\/Marjan-Dirnbek-2021-200x134.jpg 200w, http:\/\/tmp.warp-poligon.info\/si\/wp-content\/uploads\/sites\/2\/2021\/09\/Marjan-Dirnbek-2021-300x201.jpg 300w, http:\/\/tmp.warp-poligon.info\/si\/wp-content\/uploads\/sites\/2\/2021\/09\/Marjan-Dirnbek-2021-400x268.jpg 400w, http:\/\/tmp.warp-poligon.info\/si\/wp-content\/uploads\/sites\/2\/2021\/09\/Marjan-Dirnbek-2021-600x402.jpg 600w, http:\/\/tmp.warp-poligon.info\/si\/wp-content\/uploads\/sites\/2\/2021\/09\/Marjan-Dirnbek-2021.jpg 720w\" sizes=\"(max-width: 300px) 100vw, 300px\" \/><\/a>\n\t\t\t<\/dt>\n\t\t\t\t<dd class='wp-caption-text gallery-caption' id='gallery-1-5084'>\n\t\t\t\tNastop Marjana Dirnbeka na 6. Cvitarijadi v Zadru. Foto: nn\n\t\t\t\t<\/dd><\/dl><br style=\"clear: both\" \/>\n\t\t<\/div>\n\n","protected":false},"excerpt":{"rendered":"<p>Na mednarodnem sre\u010danju orgli\u010darjev &#8211; 6. Cvitarijadi v Zadru, je tudi letos nastopal \u010dlan Slovenskega doma Zagreb in Sveta slovenske narodne manj\u0161ine Mesta Zagreba Marjan Dirnbek. Sre\u010danje je organiziralo zdru\u017eenje Zvuci zavi\u010daja, nastopali pa so najbolj\u0161i harmonikarji iz Avstrije, Slovenije, Italije, Bosne in Hercegovine ter Hrva\u0161ke. Program je bil zanimiv in pester, za vsakogar nekaj. [&hellip;]<\/p>\n","protected":false},"author":3,"featured_media":5084,"comment_status":"closed","ping_status":"open","sticky":false,"template":"","format":"standard","meta":{"footnotes":""},"categories":[5],"tags":[],"yoast_head":"<!-- This site is optimized with the Yoast SEO plugin v21.9.1 - https:\/\/yoast.com\/wordpress\/plugins\/seo\/ -->\n<title>Nastop na\u0161ega \u010dlana na 6. Cvitarijadi | Slovenski dom in Svet slovenske nacionalne manj\u0161ine Mesta Zagreb<\/title>\n<meta name=\"robots\" content=\"index, follow, max-snippet:-1, max-image-preview:large, max-video-preview:-1\" \/>\n<link rel=\"canonical\" href=\"http:\/\/tmp.warp-poligon.info\/si\/nastop-nasega-clana-na-6-cvitarijadi\/\" \/>\n<meta property=\"og:locale\" content=\"sl_SI\" \/>\n<meta property=\"og:type\" content=\"article\" \/>\n<meta property=\"og:title\" content=\"Nastop na\u0161ega \u010dlana na 6. Cvitarijadi | Slovenski dom in Svet slovenske nacionalne manj\u0161ine Mesta Zagreb\" \/>\n<meta property=\"og:description\" content=\"Na mednarodnem sre\u010danju orgli\u010darjev &#8211; 6. Cvitarijadi v Zadru, je tudi letos nastopal \u010dlan Slovenskega doma Zagreb in Sveta slovenske narodne manj\u0161ine Mesta Zagreba Marjan Dirnbek. Sre\u010danje je organiziralo zdru\u017eenje Zvuci zavi\u010daja, nastopali pa so najbolj\u0161i harmonikarji iz Avstrije, Slovenije, Italije, Bosne in Hercegovine ter Hrva\u0161ke. Program je bil zanimiv in pester, za vsakogar nekaj. [&hellip;]\" \/>\n<meta property=\"og:url\" content=\"http:\/\/tmp.warp-poligon.info\/si\/nastop-nasega-clana-na-6-cvitarijadi\/\" \/>\n<meta property=\"og:site_name\" content=\"Slovenski dom in Svet slovenske nacionalne manj\u0161ine Mesta Zagreb\" \/>\n<meta property=\"article:published_time\" content=\"2021-07-31T08:28:19+00:00\" \/>\n<meta property=\"article:modified_time\" content=\"2021-09-13T08:46:42+00:00\" \/>\n<meta property=\"og:image\" content=\"http:\/\/tmp.warp-poligon.info\/si\/wp-content\/uploads\/sites\/2\/2021\/09\/Marjan-Dirnbek-2021.jpg\" \/>\n\t<meta property=\"og:image:width\" content=\"720\" \/>\n\t<meta property=\"og:image:height\" content=\"482\" \/>\n\t<meta property=\"og:image:type\" content=\"image\/jpeg\" \/>\n<meta name=\"author\" content=\"agata\" \/>\n<meta name=\"twitter:label1\" content=\"Written by\" \/>\n\t<meta name=\"twitter:data1\" content=\"agata\" \/>\n\t<meta name=\"twitter:label2\" content=\"Est. reading time\" \/>\n\t<meta name=\"twitter:data2\" content=\"1 minuta\" \/>\n<script type=\"application\/ld+json\" class=\"yoast-schema-graph\">{\"@context\":\"https:\/\/schema.org\",\"@graph\":[{\"@type\":\"WebPage\",\"@id\":\"http:\/\/tmp.warp-poligon.info\/si\/nastop-nasega-clana-na-6-cvitarijadi\/\",\"url\":\"http:\/\/tmp.warp-poligon.info\/si\/nastop-nasega-clana-na-6-cvitarijadi\/\",\"name\":\"Nastop na\u0161ega \u010dlana na 6. Cvitarijadi | Slovenski dom in Svet slovenske nacionalne manj\u0161ine Mesta Zagreb\",\"isPartOf\":{\"@id\":\"http:\/\/tmp.warp-poligon.info\/si\/#website\"},\"datePublished\":\"2021-07-31T08:28:19+00:00\",\"dateModified\":\"2021-09-13T08:46:42+00:00\",\"author\":{\"@id\":\"http:\/\/tmp.warp-poligon.info\/si\/#\/schema\/person\/a34ecc40aa73e6dd78780facef777d32\"},\"breadcrumb\":{\"@id\":\"http:\/\/tmp.warp-poligon.info\/si\/nastop-nasega-clana-na-6-cvitarijadi\/#breadcrumb\"},\"inLanguage\":\"sl-SI\",\"potentialAction\":[{\"@type\":\"ReadAction\",\"target\":[\"http:\/\/tmp.warp-poligon.info\/si\/nastop-nasega-clana-na-6-cvitarijadi\/\"]}]},{\"@type\":\"BreadcrumbList\",\"@id\":\"http:\/\/tmp.warp-poligon.info\/si\/nastop-nasega-clana-na-6-cvitarijadi\/#breadcrumb\",\"itemListElement\":[{\"@type\":\"ListItem\",\"position\":1,\"name\":\"Home\",\"item\":\"http:\/\/tmp.warp-poligon.info\/si\/\"},{\"@type\":\"ListItem\",\"position\":2,\"name\":\"Nastop na\u0161ega \u010dlana na 6. Cvitarijadi\"}]},{\"@type\":\"WebSite\",\"@id\":\"http:\/\/tmp.warp-poligon.info\/si\/#website\",\"url\":\"http:\/\/tmp.warp-poligon.info\/si\/\",\"name\":\"Slovenski dom in Svet slovenske nacionalne manj\u0161ine Mesta Zagreb\",\"description\":\"\",\"potentialAction\":[{\"@type\":\"SearchAction\",\"target\":{\"@type\":\"EntryPoint\",\"urlTemplate\":\"http:\/\/tmp.warp-poligon.info\/si\/?s={search_term_string}\"},\"query-input\":\"required name=search_term_string\"}],\"inLanguage\":\"sl-SI\"},{\"@type\":\"Person\",\"@id\":\"http:\/\/tmp.warp-poligon.info\/si\/#\/schema\/person\/a34ecc40aa73e6dd78780facef777d32\",\"name\":\"agata\",\"image\":{\"@type\":\"ImageObject\",\"inLanguage\":\"sl-SI\",\"@id\":\"http:\/\/tmp.warp-poligon.info\/si\/#\/schema\/person\/image\/\",\"url\":\"http:\/\/1.gravatar.com\/avatar\/42c070b2dbf14a48e0639733f946c907?s=96&d=mm&r=g\",\"contentUrl\":\"http:\/\/1.gravatar.com\/avatar\/42c070b2dbf14a48e0639733f946c907?s=96&d=mm&r=g\",\"caption\":\"agata\"},\"url\":\"http:\/\/tmp.warp-poligon.info\/si\/author\/agata\/\"}]}<\/script>\n<!-- \/ Yoast SEO plugin. -->","yoast_head_json":{"title":"Nastop na\u0161ega \u010dlana na 6. Cvitarijadi | Slovenski dom in Svet slovenske nacionalne manj\u0161ine Mesta Zagreb","robots":{"index":"index","follow":"follow","max-snippet":"max-snippet:-1","max-image-preview":"max-image-preview:large","max-video-preview":"max-video-preview:-1"},"canonical":"http:\/\/tmp.warp-poligon.info\/si\/nastop-nasega-clana-na-6-cvitarijadi\/","og_locale":"sl_SI","og_type":"article","og_title":"Nastop na\u0161ega \u010dlana na 6. Cvitarijadi | Slovenski dom in Svet slovenske nacionalne manj\u0161ine Mesta Zagreb","og_description":"Na mednarodnem sre\u010danju orgli\u010darjev &#8211; 6. Cvitarijadi v Zadru, je tudi letos nastopal \u010dlan Slovenskega doma Zagreb in Sveta slovenske narodne manj\u0161ine Mesta Zagreba Marjan Dirnbek. Sre\u010danje je organiziralo zdru\u017eenje Zvuci zavi\u010daja, nastopali pa so najbolj\u0161i harmonikarji iz Avstrije, Slovenije, Italije, Bosne in Hercegovine ter Hrva\u0161ke. Program je bil zanimiv in pester, za vsakogar nekaj. [&hellip;]","og_url":"http:\/\/tmp.warp-poligon.info\/si\/nastop-nasega-clana-na-6-cvitarijadi\/","og_site_name":"Slovenski dom in Svet slovenske nacionalne manj\u0161ine Mesta Zagreb","article_published_time":"2021-07-31T08:28:19+00:00","article_modified_time":"2021-09-13T08:46:42+00:00","og_image":[{"width":720,"height":482,"url":"http:\/\/tmp.warp-poligon.info\/si\/wp-content\/uploads\/sites\/2\/2021\/09\/Marjan-Dirnbek-2021.jpg","type":"image\/jpeg"}],"author":"agata","twitter_misc":{"Written by":"agata","Est. reading time":"1 minuta"},"schema":{"@context":"https:\/\/schema.org","@graph":[{"@type":"WebPage","@id":"http:\/\/tmp.warp-poligon.info\/si\/nastop-nasega-clana-na-6-cvitarijadi\/","url":"http:\/\/tmp.warp-poligon.info\/si\/nastop-nasega-clana-na-6-cvitarijadi\/","name":"Nastop na\u0161ega \u010dlana na 6. Cvitarijadi | Slovenski dom in Svet slovenske nacionalne manj\u0161ine Mesta Zagreb","isPartOf":{"@id":"http:\/\/tmp.warp-poligon.info\/si\/#website"},"datePublished":"2021-07-31T08:28:19+00:00","dateModified":"2021-09-13T08:46:42+00:00","author":{"@id":"http:\/\/tmp.warp-poligon.info\/si\/#\/schema\/person\/a34ecc40aa73e6dd78780facef777d32"},"breadcrumb":{"@id":"http:\/\/tmp.warp-poligon.info\/si\/nastop-nasega-clana-na-6-cvitarijadi\/#breadcrumb"},"inLanguage":"sl-SI","potentialAction":[{"@type":"ReadAction","target":["http:\/\/tmp.warp-poligon.info\/si\/nastop-nasega-clana-na-6-cvitarijadi\/"]}]},{"@type":"BreadcrumbList","@id":"http:\/\/tmp.warp-poligon.info\/si\/nastop-nasega-clana-na-6-cvitarijadi\/#breadcrumb","itemListElement":[{"@type":"ListItem","position":1,"name":"Home","item":"http:\/\/tmp.warp-poligon.info\/si\/"},{"@type":"ListItem","position":2,"name":"Nastop na\u0161ega \u010dlana na 6. Cvitarijadi"}]},{"@type":"WebSite","@id":"http:\/\/tmp.warp-poligon.info\/si\/#website","url":"http:\/\/tmp.warp-poligon.info\/si\/","name":"Slovenski dom in Svet slovenske nacionalne manj\u0161ine Mesta Zagreb","description":"","potentialAction":[{"@type":"SearchAction","target":{"@type":"EntryPoint","urlTemplate":"http:\/\/tmp.warp-poligon.info\/si\/?s={search_term_string}"},"query-input":"required name=search_term_string"}],"inLanguage":"sl-SI"},{"@type":"Person","@id":"http:\/\/tmp.warp-poligon.info\/si\/#\/schema\/person\/a34ecc40aa73e6dd78780facef777d32","name":"agata","image":{"@type":"ImageObject","inLanguage":"sl-SI","@id":"http:\/\/tmp.warp-poligon.info\/si\/#\/schema\/person\/image\/","url":"http:\/\/1.gravatar.com\/avatar\/42c070b2dbf14a48e0639733f946c907?s=96&d=mm&r=g","contentUrl":"http:\/\/1.gravatar.com\/avatar\/42c070b2dbf14a48e0639733f946c907?s=96&d=mm&r=g","caption":"agata"},"url":"http:\/\/tmp.warp-poligon.info\/si\/author\/agata\/"}]}},"_links":{"self":[{"href":"http:\/\/tmp.warp-poligon.info\/si\/wp-json\/wp\/v2\/posts\/5083"}],"collection":[{"href":"http:\/\/tmp.warp-poligon.info\/si\/wp-json\/wp\/v2\/posts"}],"about":[{"href":"http:\/\/tmp.warp-poligon.info\/si\/wp-json\/wp\/v2\/types\/post"}],"author":[{"embeddable":true,"href":"http:\/\/tmp.warp-poligon.info\/si\/wp-json\/wp\/v2\/users\/3"}],"replies":[{"embeddable":true,"href":"http:\/\/tmp.warp-poligon.info\/si\/wp-json\/wp\/v2\/comments?post=5083"}],"version-history":[{"count":2,"href":"http:\/\/tmp.warp-poligon.info\/si\/wp-json\/wp\/v2\/posts\/5083\/revisions"}],"predecessor-version":[{"id":5086,"href":"http:\/\/tmp.warp-poligon.info\/si\/wp-json\/wp\/v2\/posts\/5083\/revisions\/5086"}],"wp:featuredmedia":[{"embeddable":true,"href":"http:\/\/tmp.warp-poligon.info\/si\/wp-json\/wp\/v2\/media\/5084"}],"wp:attachment":[{"href":"http:\/\/tmp.warp-poligon.info\/si\/wp-json\/wp\/v2\/media?parent=5083"}],"wp:term":[{"taxonomy":"category","embeddable":true,"href":"http:\/\/tmp.warp-poligon.info\/si\/wp-json\/wp\/v2\/categories?post=5083"},{"taxonomy":"post_tag","embeddable":true,"href":"http:\/\/tmp.warp-poligon.info\/si\/wp-json\/wp\/v2\/tags?post=5083"}],"curies":[{"name":"wp","href":"https:\/\/api.w.org\/{rel}","templated":true}]}}