{"id":5368,"date":"2022-02-27T15:09:34","date_gmt":"2022-02-27T14:09:34","guid":{"rendered":"http:\/\/tmp.warp-poligon.info\/si\/?p=5368"},"modified":"2022-02-28T15:23:23","modified_gmt":"2022-02-28T14:23:23","slug":"medalje-za-clane-slovenskega-doma-zagreb","status":"publish","type":"post","link":"http:\/\/tmp.warp-poligon.info\/si\/medalje-za-clane-slovenskega-doma-zagreb\/","title":{"rendered":"Medalje za \u010dlane Slovenskega doma Zagreb"},"content":{"rendered":"<p>Kljub slabim vremenskim razmeram je na Zeleni progi na Sljemenu uspe\u0161no potekal \u0161esti amaterski veleslalom narodnih manj\u0161in Mesta Zagreb, na katerem so nastopili tudi pripadniki slovenske narodne manj\u0161ine. V kategoriji otroci je srebrno medaljo osvojila Lucija Guli\u010d, med mladinkami je Ivana Veli\u010dkovi\u0107 osvojila zlato medaljo, medtem ko je v kategoriji mo\u0161ki Mladen Veli\u010dkovi\u0107 osvojil bronasto medaljo.<\/p>\n<p>Tekmovanje sta organizirala Poljska \u0161ola pri Veleposlani\u0161tvu Poljske v Zagrebu in Koordinacija svetov in predstavnikov narodnih manj\u0161in Mesta Zagreb ob pomo\u010di Zagreb\u0161ke smu\u010darske zveze in \u0160portne zveze Mesta Zagreb. Medalje najbolj\u0161im je podelila Renata Flajhar, odposlanka \u017eupana Mesta Zagreb Tomislava Toma\u0161evi\u0107a. (akm)<\/p>\n<p>Ve\u010d v Novem odmevu 78.<\/p>\n<p>Foto: Borut Guli\u010d, Zoltan Bala\u017e Piri<\/p>\n\n\t\t<style type=\"text\/css\">\n\t\t\t#gallery-1 {\n\t\t\t\tmargin: auto;\n\t\t\t}\n\t\t\t#gallery-1 .gallery-item {\n\t\t\t\tfloat: left;\n\t\t\t\tmargin-top: 10px;\n\t\t\t\ttext-align: center;\n\t\t\t\twidth: 50%;\n\t\t\t}\n\t\t\t#gallery-1 img {\n\t\t\t\tborder: 2px solid #cfcfcf;\n\t\t\t}\n\t\t\t#gallery-1 .gallery-caption {\n\t\t\t\tmargin-left: 0;\n\t\t\t}\n\t\t\t\/* see gallery_shortcode() in wp-includes\/media.php *\/\n\t\t<\/style>\n\t\t<div id='gallery-1' class='gallery galleryid-5368 gallery-columns-2 gallery-size-medium'><dl class='gallery-item'>\n\t\t\t<dt class='gallery-icon landscape'>\n\t\t\t\t<a href='http:\/\/tmp.warp-poligon.info\/si\/wp-content\/uploads\/sites\/2\/2022\/02\/Sljeme_Lucija-Gulic.jpg'><img decoding=\"async\" width=\"300\" height=\"146\" src=\"http:\/\/tmp.warp-poligon.info\/si\/wp-content\/uploads\/sites\/2\/2022\/02\/Sljeme_Lucija-Gulic-300x146.jpg\" class=\"attachment-medium size-medium\" alt=\"\" aria-describedby=\"gallery-1-5372\" srcset=\"http:\/\/tmp.warp-poligon.info\/si\/wp-content\/uploads\/sites\/2\/2022\/02\/Sljeme_Lucija-Gulic-200x97.jpg 200w, http:\/\/tmp.warp-poligon.info\/si\/wp-content\/uploads\/sites\/2\/2022\/02\/Sljeme_Lucija-Gulic-300x146.jpg 300w, http:\/\/tmp.warp-poligon.info\/si\/wp-content\/uploads\/sites\/2\/2022\/02\/Sljeme_Lucija-Gulic-400x194.jpg 400w, http:\/\/tmp.warp-poligon.info\/si\/wp-content\/uploads\/sites\/2\/2022\/02\/Sljeme_Lucija-Gulic-600x291.jpg 600w, http:\/\/tmp.warp-poligon.info\/si\/wp-content\/uploads\/sites\/2\/2022\/02\/Sljeme_Lucija-Gulic.jpg 700w\" sizes=\"(max-width: 300px) 100vw, 300px\" \/><\/a>\n\t\t\t<\/dt>\n\t\t\t\t<dd class='wp-caption-text gallery-caption' id='gallery-1-5372'>\n\t\t\t\tLucija Guli\u010d &#8211; 2. mesto\n\t\t\t\t<\/dd><\/dl><dl class='gallery-item'>\n\t\t\t<dt class='gallery-icon landscape'>\n\t\t\t\t<a href='http:\/\/tmp.warp-poligon.info\/si\/wp-content\/uploads\/sites\/2\/2022\/02\/Sljeme_Ivana-Velickovic.jpg'><img decoding=\"async\" width=\"300\" height=\"146\" src=\"http:\/\/tmp.warp-poligon.info\/si\/wp-content\/uploads\/sites\/2\/2022\/02\/Sljeme_Ivana-Velickovic-300x146.jpg\" class=\"attachment-medium size-medium\" alt=\"\" aria-describedby=\"gallery-1-5371\" srcset=\"http:\/\/tmp.warp-poligon.info\/si\/wp-content\/uploads\/sites\/2\/2022\/02\/Sljeme_Ivana-Velickovic-200x97.jpg 200w, http:\/\/tmp.warp-poligon.info\/si\/wp-content\/uploads\/sites\/2\/2022\/02\/Sljeme_Ivana-Velickovic-300x146.jpg 300w, http:\/\/tmp.warp-poligon.info\/si\/wp-content\/uploads\/sites\/2\/2022\/02\/Sljeme_Ivana-Velickovic-400x194.jpg 400w, http:\/\/tmp.warp-poligon.info\/si\/wp-content\/uploads\/sites\/2\/2022\/02\/Sljeme_Ivana-Velickovic-600x291.jpg 600w, http:\/\/tmp.warp-poligon.info\/si\/wp-content\/uploads\/sites\/2\/2022\/02\/Sljeme_Ivana-Velickovic.jpg 700w\" sizes=\"(max-width: 300px) 100vw, 300px\" \/><\/a>\n\t\t\t<\/dt>\n\t\t\t\t<dd class='wp-caption-text gallery-caption' id='gallery-1-5371'>\n\t\t\t\tIvana Veli\u010dkovi\u0107 &#8211; 1. mesto\n\t\t\t\t<\/dd><\/dl><br style=\"clear: both\" \/><dl class='gallery-item'>\n\t\t\t<dt class='gallery-icon landscape'>\n\t\t\t\t<a href='http:\/\/tmp.warp-poligon.info\/si\/wp-content\/uploads\/sites\/2\/2022\/02\/Sljeme_Mladen-Velickovic.jpg'><img decoding=\"async\" width=\"300\" height=\"146\" src=\"http:\/\/tmp.warp-poligon.info\/si\/wp-content\/uploads\/sites\/2\/2022\/02\/Sljeme_Mladen-Velickovic-300x146.jpg\" class=\"attachment-medium size-medium\" alt=\"\" aria-describedby=\"gallery-1-5373\" srcset=\"http:\/\/tmp.warp-poligon.info\/si\/wp-content\/uploads\/sites\/2\/2022\/02\/Sljeme_Mladen-Velickovic-200x97.jpg 200w, http:\/\/tmp.warp-poligon.info\/si\/wp-content\/uploads\/sites\/2\/2022\/02\/Sljeme_Mladen-Velickovic-300x146.jpg 300w, http:\/\/tmp.warp-poligon.info\/si\/wp-content\/uploads\/sites\/2\/2022\/02\/Sljeme_Mladen-Velickovic-400x194.jpg 400w, http:\/\/tmp.warp-poligon.info\/si\/wp-content\/uploads\/sites\/2\/2022\/02\/Sljeme_Mladen-Velickovic-600x291.jpg 600w, http:\/\/tmp.warp-poligon.info\/si\/wp-content\/uploads\/sites\/2\/2022\/02\/Sljeme_Mladen-Velickovic.jpg 700w\" sizes=\"(max-width: 300px) 100vw, 300px\" \/><\/a>\n\t\t\t<\/dt>\n\t\t\t\t<dd class='wp-caption-text gallery-caption' id='gallery-1-5373'>\n\t\t\t\tMladen Veli\u010dkovi\u0107 &#8211; 3. mesto\n\t\t\t\t<\/dd><\/dl><dl class='gallery-item'>\n\t\t\t<dt class='gallery-icon landscape'>\n\t\t\t\t<a href='http:\/\/tmp.warp-poligon.info\/si\/wp-content\/uploads\/sites\/2\/2022\/02\/Sljeme-4.jpg'><img decoding=\"async\" width=\"300\" height=\"141\" src=\"http:\/\/tmp.warp-poligon.info\/si\/wp-content\/uploads\/sites\/2\/2022\/02\/Sljeme-4-300x141.jpg\" class=\"attachment-medium size-medium\" alt=\"\" srcset=\"http:\/\/tmp.warp-poligon.info\/si\/wp-content\/uploads\/sites\/2\/2022\/02\/Sljeme-4-200x94.jpg 200w, http:\/\/tmp.warp-poligon.info\/si\/wp-content\/uploads\/sites\/2\/2022\/02\/Sljeme-4-300x141.jpg 300w, http:\/\/tmp.warp-poligon.info\/si\/wp-content\/uploads\/sites\/2\/2022\/02\/Sljeme-4-400x189.jpg 400w, http:\/\/tmp.warp-poligon.info\/si\/wp-content\/uploads\/sites\/2\/2022\/02\/Sljeme-4-600x283.jpg 600w, http:\/\/tmp.warp-poligon.info\/si\/wp-content\/uploads\/sites\/2\/2022\/02\/Sljeme-4.jpg 700w\" sizes=\"(max-width: 300px) 100vw, 300px\" \/><\/a>\n\t\t\t<\/dt><\/dl><br style=\"clear: both\" \/><dl class='gallery-item'>\n\t\t\t<dt class='gallery-icon landscape'>\n\t\t\t\t<a href='http:\/\/tmp.warp-poligon.info\/si\/wp-content\/uploads\/sites\/2\/2022\/02\/Veleslalom_3.jpg'><img decoding=\"async\" width=\"300\" height=\"225\" src=\"http:\/\/tmp.warp-poligon.info\/si\/wp-content\/uploads\/sites\/2\/2022\/02\/Veleslalom_3-300x225.jpg\" class=\"attachment-medium size-medium\" alt=\"\" srcset=\"http:\/\/tmp.warp-poligon.info\/si\/wp-content\/uploads\/sites\/2\/2022\/02\/Veleslalom_3-200x150.jpg 200w, http:\/\/tmp.warp-poligon.info\/si\/wp-content\/uploads\/sites\/2\/2022\/02\/Veleslalom_3-300x225.jpg 300w, http:\/\/tmp.warp-poligon.info\/si\/wp-content\/uploads\/sites\/2\/2022\/02\/Veleslalom_3-400x300.jpg 400w, http:\/\/tmp.warp-poligon.info\/si\/wp-content\/uploads\/sites\/2\/2022\/02\/Veleslalom_3-600x450.jpg 600w, http:\/\/tmp.warp-poligon.info\/si\/wp-content\/uploads\/sites\/2\/2022\/02\/Veleslalom_3.jpg 700w\" sizes=\"(max-width: 300px) 100vw, 300px\" \/><\/a>\n\t\t\t<\/dt><\/dl><dl class='gallery-item'>\n\t\t\t<dt class='gallery-icon landscape'>\n\t\t\t\t<a href='http:\/\/tmp.warp-poligon.info\/si\/wp-content\/uploads\/sites\/2\/2022\/02\/Sljeme_27-2-2022.jpg'><img decoding=\"async\" width=\"300\" height=\"225\" src=\"http:\/\/tmp.warp-poligon.info\/si\/wp-content\/uploads\/sites\/2\/2022\/02\/Sljeme_27-2-2022-300x225.jpg\" class=\"attachment-medium size-medium\" alt=\"\" srcset=\"http:\/\/tmp.warp-poligon.info\/si\/wp-content\/uploads\/sites\/2\/2022\/02\/Sljeme_27-2-2022-200x150.jpg 200w, http:\/\/tmp.warp-poligon.info\/si\/wp-content\/uploads\/sites\/2\/2022\/02\/Sljeme_27-2-2022-300x225.jpg 300w, http:\/\/tmp.warp-poligon.info\/si\/wp-content\/uploads\/sites\/2\/2022\/02\/Sljeme_27-2-2022-400x300.jpg 400w, http:\/\/tmp.warp-poligon.info\/si\/wp-content\/uploads\/sites\/2\/2022\/02\/Sljeme_27-2-2022-600x450.jpg 600w, http:\/\/tmp.warp-poligon.info\/si\/wp-content\/uploads\/sites\/2\/2022\/02\/Sljeme_27-2-2022.jpg 700w\" sizes=\"(max-width: 300px) 100vw, 300px\" \/><\/a>\n\t\t\t<\/dt><\/dl><br style=\"clear: both\" \/>\n\t\t<\/div>\n\n","protected":false},"excerpt":{"rendered":"<p>Kljub slabim vremenskim razmeram je na Zeleni progi na Sljemenu uspe\u0161no potekal \u0161esti amaterski veleslalom narodnih manj\u0161in Mesta Zagreb, na katerem so nastopili tudi pripadniki slovenske narodne manj\u0161ine. V kategoriji otroci je srebrno medaljo osvojila Lucija Guli\u010d, med mladinkami je Ivana Veli\u010dkovi\u0107 osvojila zlato medaljo, medtem ko je v kategoriji mo\u0161ki Mladen Veli\u010dkovi\u0107 osvojil bronasto [&hellip;]<\/p>\n","protected":false},"author":3,"featured_media":5370,"comment_status":"closed","ping_status":"open","sticky":false,"template":"","format":"standard","meta":{"footnotes":""},"categories":[5],"tags":[],"yoast_head":"<!-- This site is optimized with the Yoast SEO plugin v21.9.1 - https:\/\/yoast.com\/wordpress\/plugins\/seo\/ -->\n<title>Medalje za \u010dlane Slovenskega doma Zagreb | Slovenski dom in Svet slovenske nacionalne manj\u0161ine Mesta Zagreb<\/title>\n<meta name=\"robots\" content=\"index, follow, max-snippet:-1, max-image-preview:large, max-video-preview:-1\" \/>\n<link rel=\"canonical\" href=\"http:\/\/tmp.warp-poligon.info\/si\/medalje-za-clane-slovenskega-doma-zagreb\/\" \/>\n<meta property=\"og:locale\" content=\"sl_SI\" \/>\n<meta property=\"og:type\" content=\"article\" \/>\n<meta property=\"og:title\" content=\"Medalje za \u010dlane Slovenskega doma Zagreb | Slovenski dom in Svet slovenske nacionalne manj\u0161ine Mesta Zagreb\" \/>\n<meta property=\"og:description\" content=\"Kljub slabim vremenskim razmeram je na Zeleni progi na Sljemenu uspe\u0161no potekal \u0161esti amaterski veleslalom narodnih manj\u0161in Mesta Zagreb, na katerem so nastopili tudi pripadniki slovenske narodne manj\u0161ine. V kategoriji otroci je srebrno medaljo osvojila Lucija Guli\u010d, med mladinkami je Ivana Veli\u010dkovi\u0107 osvojila zlato medaljo, medtem ko je v kategoriji mo\u0161ki Mladen Veli\u010dkovi\u0107 osvojil bronasto [&hellip;]\" \/>\n<meta property=\"og:url\" content=\"http:\/\/tmp.warp-poligon.info\/si\/medalje-za-clane-slovenskega-doma-zagreb\/\" \/>\n<meta property=\"og:site_name\" content=\"Slovenski dom in Svet slovenske nacionalne manj\u0161ine Mesta Zagreb\" \/>\n<meta property=\"article:published_time\" content=\"2022-02-27T14:09:34+00:00\" \/>\n<meta property=\"article:modified_time\" content=\"2022-02-28T14:23:23+00:00\" \/>\n<meta property=\"og:image\" content=\"http:\/\/tmp.warp-poligon.info\/si\/wp-content\/uploads\/sites\/2\/2022\/02\/Sljeme_27-2-2022.jpg\" \/>\n\t<meta property=\"og:image:width\" content=\"700\" \/>\n\t<meta property=\"og:image:height\" content=\"525\" \/>\n\t<meta property=\"og:image:type\" content=\"image\/jpeg\" \/>\n<meta name=\"author\" content=\"agata\" \/>\n<meta name=\"twitter:label1\" content=\"Written by\" \/>\n\t<meta name=\"twitter:data1\" content=\"agata\" \/>\n\t<meta name=\"twitter:label2\" content=\"Est. reading time\" \/>\n\t<meta name=\"twitter:data2\" content=\"1 minuta\" \/>\n<script type=\"application\/ld+json\" class=\"yoast-schema-graph\">{\"@context\":\"https:\/\/schema.org\",\"@graph\":[{\"@type\":\"WebPage\",\"@id\":\"http:\/\/tmp.warp-poligon.info\/si\/medalje-za-clane-slovenskega-doma-zagreb\/\",\"url\":\"http:\/\/tmp.warp-poligon.info\/si\/medalje-za-clane-slovenskega-doma-zagreb\/\",\"name\":\"Medalje za \u010dlane Slovenskega doma Zagreb | Slovenski dom in Svet slovenske nacionalne manj\u0161ine Mesta Zagreb\",\"isPartOf\":{\"@id\":\"http:\/\/tmp.warp-poligon.info\/si\/#website\"},\"datePublished\":\"2022-02-27T14:09:34+00:00\",\"dateModified\":\"2022-02-28T14:23:23+00:00\",\"author\":{\"@id\":\"http:\/\/tmp.warp-poligon.info\/si\/#\/schema\/person\/a34ecc40aa73e6dd78780facef777d32\"},\"breadcrumb\":{\"@id\":\"http:\/\/tmp.warp-poligon.info\/si\/medalje-za-clane-slovenskega-doma-zagreb\/#breadcrumb\"},\"inLanguage\":\"sl-SI\",\"potentialAction\":[{\"@type\":\"ReadAction\",\"target\":[\"http:\/\/tmp.warp-poligon.info\/si\/medalje-za-clane-slovenskega-doma-zagreb\/\"]}]},{\"@type\":\"BreadcrumbList\",\"@id\":\"http:\/\/tmp.warp-poligon.info\/si\/medalje-za-clane-slovenskega-doma-zagreb\/#breadcrumb\",\"itemListElement\":[{\"@type\":\"ListItem\",\"position\":1,\"name\":\"Home\",\"item\":\"http:\/\/tmp.warp-poligon.info\/si\/\"},{\"@type\":\"ListItem\",\"position\":2,\"name\":\"Medalje za \u010dlane Slovenskega doma Zagreb\"}]},{\"@type\":\"WebSite\",\"@id\":\"http:\/\/tmp.warp-poligon.info\/si\/#website\",\"url\":\"http:\/\/tmp.warp-poligon.info\/si\/\",\"name\":\"Slovenski dom in Svet slovenske nacionalne manj\u0161ine Mesta Zagreb\",\"description\":\"\",\"potentialAction\":[{\"@type\":\"SearchAction\",\"target\":{\"@type\":\"EntryPoint\",\"urlTemplate\":\"http:\/\/tmp.warp-poligon.info\/si\/?s={search_term_string}\"},\"query-input\":\"required name=search_term_string\"}],\"inLanguage\":\"sl-SI\"},{\"@type\":\"Person\",\"@id\":\"http:\/\/tmp.warp-poligon.info\/si\/#\/schema\/person\/a34ecc40aa73e6dd78780facef777d32\",\"name\":\"agata\",\"image\":{\"@type\":\"ImageObject\",\"inLanguage\":\"sl-SI\",\"@id\":\"http:\/\/tmp.warp-poligon.info\/si\/#\/schema\/person\/image\/\",\"url\":\"http:\/\/1.gravatar.com\/avatar\/42c070b2dbf14a48e0639733f946c907?s=96&d=mm&r=g\",\"contentUrl\":\"http:\/\/1.gravatar.com\/avatar\/42c070b2dbf14a48e0639733f946c907?s=96&d=mm&r=g\",\"caption\":\"agata\"},\"url\":\"http:\/\/tmp.warp-poligon.info\/si\/author\/agata\/\"}]}<\/script>\n<!-- \/ Yoast SEO plugin. -->","yoast_head_json":{"title":"Medalje za \u010dlane Slovenskega doma Zagreb | Slovenski dom in Svet slovenske nacionalne manj\u0161ine Mesta Zagreb","robots":{"index":"index","follow":"follow","max-snippet":"max-snippet:-1","max-image-preview":"max-image-preview:large","max-video-preview":"max-video-preview:-1"},"canonical":"http:\/\/tmp.warp-poligon.info\/si\/medalje-za-clane-slovenskega-doma-zagreb\/","og_locale":"sl_SI","og_type":"article","og_title":"Medalje za \u010dlane Slovenskega doma Zagreb | Slovenski dom in Svet slovenske nacionalne manj\u0161ine Mesta Zagreb","og_description":"Kljub slabim vremenskim razmeram je na Zeleni progi na Sljemenu uspe\u0161no potekal \u0161esti amaterski veleslalom narodnih manj\u0161in Mesta Zagreb, na katerem so nastopili tudi pripadniki slovenske narodne manj\u0161ine. V kategoriji otroci je srebrno medaljo osvojila Lucija Guli\u010d, med mladinkami je Ivana Veli\u010dkovi\u0107 osvojila zlato medaljo, medtem ko je v kategoriji mo\u0161ki Mladen Veli\u010dkovi\u0107 osvojil bronasto [&hellip;]","og_url":"http:\/\/tmp.warp-poligon.info\/si\/medalje-za-clane-slovenskega-doma-zagreb\/","og_site_name":"Slovenski dom in Svet slovenske nacionalne manj\u0161ine Mesta Zagreb","article_published_time":"2022-02-27T14:09:34+00:00","article_modified_time":"2022-02-28T14:23:23+00:00","og_image":[{"width":700,"height":525,"url":"http:\/\/tmp.warp-poligon.info\/si\/wp-content\/uploads\/sites\/2\/2022\/02\/Sljeme_27-2-2022.jpg","type":"image\/jpeg"}],"author":"agata","twitter_misc":{"Written by":"agata","Est. reading time":"1 minuta"},"schema":{"@context":"https:\/\/schema.org","@graph":[{"@type":"WebPage","@id":"http:\/\/tmp.warp-poligon.info\/si\/medalje-za-clane-slovenskega-doma-zagreb\/","url":"http:\/\/tmp.warp-poligon.info\/si\/medalje-za-clane-slovenskega-doma-zagreb\/","name":"Medalje za \u010dlane Slovenskega doma Zagreb | Slovenski dom in Svet slovenske nacionalne manj\u0161ine Mesta Zagreb","isPartOf":{"@id":"http:\/\/tmp.warp-poligon.info\/si\/#website"},"datePublished":"2022-02-27T14:09:34+00:00","dateModified":"2022-02-28T14:23:23+00:00","author":{"@id":"http:\/\/tmp.warp-poligon.info\/si\/#\/schema\/person\/a34ecc40aa73e6dd78780facef777d32"},"breadcrumb":{"@id":"http:\/\/tmp.warp-poligon.info\/si\/medalje-za-clane-slovenskega-doma-zagreb\/#breadcrumb"},"inLanguage":"sl-SI","potentialAction":[{"@type":"ReadAction","target":["http:\/\/tmp.warp-poligon.info\/si\/medalje-za-clane-slovenskega-doma-zagreb\/"]}]},{"@type":"BreadcrumbList","@id":"http:\/\/tmp.warp-poligon.info\/si\/medalje-za-clane-slovenskega-doma-zagreb\/#breadcrumb","itemListElement":[{"@type":"ListItem","position":1,"name":"Home","item":"http:\/\/tmp.warp-poligon.info\/si\/"},{"@type":"ListItem","position":2,"name":"Medalje za \u010dlane Slovenskega doma Zagreb"}]},{"@type":"WebSite","@id":"http:\/\/tmp.warp-poligon.info\/si\/#website","url":"http:\/\/tmp.warp-poligon.info\/si\/","name":"Slovenski dom in Svet slovenske nacionalne manj\u0161ine Mesta Zagreb","description":"","potentialAction":[{"@type":"SearchAction","target":{"@type":"EntryPoint","urlTemplate":"http:\/\/tmp.warp-poligon.info\/si\/?s={search_term_string}"},"query-input":"required name=search_term_string"}],"inLanguage":"sl-SI"},{"@type":"Person","@id":"http:\/\/tmp.warp-poligon.info\/si\/#\/schema\/person\/a34ecc40aa73e6dd78780facef777d32","name":"agata","image":{"@type":"ImageObject","inLanguage":"sl-SI","@id":"http:\/\/tmp.warp-poligon.info\/si\/#\/schema\/person\/image\/","url":"http:\/\/1.gravatar.com\/avatar\/42c070b2dbf14a48e0639733f946c907?s=96&d=mm&r=g","contentUrl":"http:\/\/1.gravatar.com\/avatar\/42c070b2dbf14a48e0639733f946c907?s=96&d=mm&r=g","caption":"agata"},"url":"http:\/\/tmp.warp-poligon.info\/si\/author\/agata\/"}]}},"_links":{"self":[{"href":"http:\/\/tmp.warp-poligon.info\/si\/wp-json\/wp\/v2\/posts\/5368"}],"collection":[{"href":"http:\/\/tmp.warp-poligon.info\/si\/wp-json\/wp\/v2\/posts"}],"about":[{"href":"http:\/\/tmp.warp-poligon.info\/si\/wp-json\/wp\/v2\/types\/post"}],"author":[{"embeddable":true,"href":"http:\/\/tmp.warp-poligon.info\/si\/wp-json\/wp\/v2\/users\/3"}],"replies":[{"embeddable":true,"href":"http:\/\/tmp.warp-poligon.info\/si\/wp-json\/wp\/v2\/comments?post=5368"}],"version-history":[{"count":1,"href":"http:\/\/tmp.warp-poligon.info\/si\/wp-json\/wp\/v2\/posts\/5368\/revisions"}],"predecessor-version":[{"id":5377,"href":"http:\/\/tmp.warp-poligon.info\/si\/wp-json\/wp\/v2\/posts\/5368\/revisions\/5377"}],"wp:featuredmedia":[{"embeddable":true,"href":"http:\/\/tmp.warp-poligon.info\/si\/wp-json\/wp\/v2\/media\/5370"}],"wp:attachment":[{"href":"http:\/\/tmp.warp-poligon.info\/si\/wp-json\/wp\/v2\/media?parent=5368"}],"wp:term":[{"taxonomy":"category","embeddable":true,"href":"http:\/\/tmp.warp-poligon.info\/si\/wp-json\/wp\/v2\/categories?post=5368"},{"taxonomy":"post_tag","embeddable":true,"href":"http:\/\/tmp.warp-poligon.info\/si\/wp-json\/wp\/v2\/tags?post=5368"}],"curies":[{"name":"wp","href":"https:\/\/api.w.org\/{rel}","templated":true}]}}