{"id":607,"date":"2013-06-20T08:00:35","date_gmt":"2013-06-20T06:00:35","guid":{"rendered":"http:\/\/tmp.warp-poligon.info\/si\/?p=607"},"modified":"2014-04-01T23:08:44","modified_gmt":"2014-04-01T21:08:44","slug":"dan-hrvaske-in-slovenske-drzavnosti-v-hrvaski-prestolnici","status":"publish","type":"post","link":"http:\/\/tmp.warp-poligon.info\/si\/dan-hrvaske-in-slovenske-drzavnosti-v-hrvaski-prestolnici\/","title":{"rendered":"Dan hrva\u0161ke in slovenske dr\u017eavnosti v hrva\u0161ki prestolnici"},"content":{"rendered":"<p>Zagreb &#8211; V po\u010dastitev dneva dr\u017eavnosti Republike Hrva\u0161ke in Republike Slovenije ter vstopa Hrva\u0161ke v Evropsko unijo, je na Cvetnem trgu potekal sve\u010dani koncert, na katerem sta nastopala Ansambel Lado in Ansambel Sa\u0161a Avsenik.<\/p>\n<p>Koncert z naslovom Skupaj je lep\u0161e je darilo slovenske skupnosti vsem Zagreb\u010danom, organizirali pa so ga Slovenski dom v Zagrebu, Svet slovenske narodne manj\u0161ine Mesta Zagreb in Veleposlani\u0161tvo Republike Slovenije v Zagrebu.<\/p>\n<div id=\"attachment_609\" style=\"width: 330px\" class=\"wp-caption aligncenter\"><img decoding=\"async\" aria-describedby=\"caption-attachment-609\" class=\"size-full wp-image-609\" alt=\"Predsednik Slovenskega doma in SSNM MZ Darko \u0160onc, voditeljica programa Ivana \u0160undov Hojan in veleposlanik RS v RH Vojko Volk (od leve proti desni). Foto: a.k.m.\" src=\"http:\/\/tmp.warp-poligon.info\/si\/wp-content\/uploads\/sites\/2\/2014\/04\/DS_VV_web.jpg\" width=\"320\" height=\"240\" srcset=\"http:\/\/tmp.warp-poligon.info\/si\/wp-content\/uploads\/sites\/2\/2014\/04\/DS_VV_web-300x225.jpg 300w, http:\/\/tmp.warp-poligon.info\/si\/wp-content\/uploads\/sites\/2\/2014\/04\/DS_VV_web.jpg 320w\" sizes=\"(max-width: 320px) 100vw, 320px\" \/><p id=\"caption-attachment-609\" class=\"wp-caption-text\">Predsednik Slovenskega doma in SSNM MZ Darko \u0160onc, voditeljica programa Ivana \u0160undov Hojan in veleposlanik RS v RH Vojko Volk (od leve proti desni). Foto: a.k.m.<\/p><\/div>\n<div id=\"attachment_610\" style=\"width: 330px\" class=\"wp-caption aligncenter\"><img decoding=\"async\" aria-describedby=\"caption-attachment-610\" class=\"size-full wp-image-610\" alt=\"Ansambel Lado. Foto: a.k.m.\" src=\"http:\/\/tmp.warp-poligon.info\/si\/wp-content\/uploads\/sites\/2\/2014\/04\/LADO_web.jpg\" width=\"320\" height=\"240\" srcset=\"http:\/\/tmp.warp-poligon.info\/si\/wp-content\/uploads\/sites\/2\/2014\/04\/LADO_web-300x225.jpg 300w, http:\/\/tmp.warp-poligon.info\/si\/wp-content\/uploads\/sites\/2\/2014\/04\/LADO_web.jpg 320w\" sizes=\"(max-width: 320px) 100vw, 320px\" \/><p id=\"caption-attachment-610\" class=\"wp-caption-text\">Ansambel Lado. Foto: a.k.m.<\/p><\/div>\n<div id=\"attachment_611\" style=\"width: 330px\" class=\"wp-caption aligncenter\"><img decoding=\"async\" aria-describedby=\"caption-attachment-611\" class=\"size-full wp-image-611\" alt=\"Ansambel Sa\u0161a Avsenik. Foto: a.k.m.\" src=\"http:\/\/tmp.warp-poligon.info\/si\/wp-content\/uploads\/sites\/2\/2014\/04\/SASA_AVSENIK_web.jpg\" width=\"320\" height=\"240\" srcset=\"http:\/\/tmp.warp-poligon.info\/si\/wp-content\/uploads\/sites\/2\/2014\/04\/SASA_AVSENIK_web-300x225.jpg 300w, http:\/\/tmp.warp-poligon.info\/si\/wp-content\/uploads\/sites\/2\/2014\/04\/SASA_AVSENIK_web.jpg 320w\" sizes=\"(max-width: 320px) 100vw, 320px\" \/><p id=\"caption-attachment-611\" class=\"wp-caption-text\">Ansambel Sa\u0161a Avsenik. Foto: a.k.m.<\/p><\/div>\n<p>&nbsp;<\/p>\n<p>&nbsp;<\/p>\n","protected":false},"excerpt":{"rendered":"<p>Zagreb &#8211; V po\u010dastitev dneva dr\u017eavnosti Republike Hrva\u0161ke in Republike Slovenije ter vstopa Hrva\u0161ke v Evropsko unijo, je na Cvetnem trgu potekal sve\u010dani koncert, na katerem sta nastopala Ansambel Lado in Ansambel Sa\u0161a Avsenik. Koncert z naslovom Skupaj je lep\u0161e je darilo slovenske skupnosti vsem Zagreb\u010danom, organizirali pa so ga Slovenski dom v Zagrebu, Svet [&hellip;]<\/p>\n","protected":false},"author":1,"featured_media":608,"comment_status":"closed","ping_status":"open","sticky":false,"template":"","format":"standard","meta":{"footnotes":""},"categories":[5],"tags":[],"yoast_head":"<!-- This site is optimized with the Yoast SEO plugin v21.9.1 - https:\/\/yoast.com\/wordpress\/plugins\/seo\/ -->\n<title>Dan hrva\u0161ke in slovenske dr\u017eavnosti v hrva\u0161ki prestolnici | Slovenski dom in Svet slovenske nacionalne manj\u0161ine Mesta Zagreb<\/title>\n<meta name=\"robots\" content=\"index, follow, max-snippet:-1, max-image-preview:large, max-video-preview:-1\" \/>\n<link rel=\"canonical\" href=\"http:\/\/tmp.warp-poligon.info\/si\/dan-hrvaske-in-slovenske-drzavnosti-v-hrvaski-prestolnici\/\" \/>\n<meta property=\"og:locale\" content=\"sl_SI\" \/>\n<meta property=\"og:type\" content=\"article\" \/>\n<meta property=\"og:title\" content=\"Dan hrva\u0161ke in slovenske dr\u017eavnosti v hrva\u0161ki prestolnici | Slovenski dom in Svet slovenske nacionalne manj\u0161ine Mesta Zagreb\" \/>\n<meta property=\"og:description\" content=\"Zagreb &#8211; V po\u010dastitev dneva dr\u017eavnosti Republike Hrva\u0161ke in Republike Slovenije ter vstopa Hrva\u0161ke v Evropsko unijo, je na Cvetnem trgu potekal sve\u010dani koncert, na katerem sta nastopala Ansambel Lado in Ansambel Sa\u0161a Avsenik. Koncert z naslovom Skupaj je lep\u0161e je darilo slovenske skupnosti vsem Zagreb\u010danom, organizirali pa so ga Slovenski dom v Zagrebu, Svet [&hellip;]\" \/>\n<meta property=\"og:url\" content=\"http:\/\/tmp.warp-poligon.info\/si\/dan-hrvaske-in-slovenske-drzavnosti-v-hrvaski-prestolnici\/\" \/>\n<meta property=\"og:site_name\" content=\"Slovenski dom in Svet slovenske nacionalne manj\u0161ine Mesta Zagreb\" \/>\n<meta property=\"article:published_time\" content=\"2013-06-20T06:00:35+00:00\" \/>\n<meta property=\"article:modified_time\" content=\"2014-04-01T21:08:44+00:00\" \/>\n<meta property=\"og:image\" content=\"http:\/\/tmp.warp-poligon.info\/si\/wp-content\/uploads\/sites\/2\/2014\/04\/VABILO_web.jpg\" \/>\n\t<meta property=\"og:image:width\" content=\"237\" \/>\n\t<meta property=\"og:image:height\" content=\"111\" \/>\n\t<meta property=\"og:image:type\" content=\"image\/jpeg\" \/>\n<meta name=\"author\" content=\"edin.dji\" \/>\n<meta name=\"twitter:label1\" content=\"Written by\" \/>\n\t<meta name=\"twitter:data1\" content=\"edin.dji\" \/>\n\t<meta name=\"twitter:label2\" content=\"Est. reading time\" \/>\n\t<meta name=\"twitter:data2\" content=\"1 minuta\" \/>\n<script type=\"application\/ld+json\" class=\"yoast-schema-graph\">{\"@context\":\"https:\/\/schema.org\",\"@graph\":[{\"@type\":\"WebPage\",\"@id\":\"http:\/\/tmp.warp-poligon.info\/si\/dan-hrvaske-in-slovenske-drzavnosti-v-hrvaski-prestolnici\/\",\"url\":\"http:\/\/tmp.warp-poligon.info\/si\/dan-hrvaske-in-slovenske-drzavnosti-v-hrvaski-prestolnici\/\",\"name\":\"Dan hrva\u0161ke in slovenske dr\u017eavnosti v hrva\u0161ki prestolnici | Slovenski dom in Svet slovenske nacionalne manj\u0161ine Mesta Zagreb\",\"isPartOf\":{\"@id\":\"http:\/\/tmp.warp-poligon.info\/si\/#website\"},\"datePublished\":\"2013-06-20T06:00:35+00:00\",\"dateModified\":\"2014-04-01T21:08:44+00:00\",\"author\":{\"@id\":\"http:\/\/tmp.warp-poligon.info\/si\/#\/schema\/person\/6676f710a91979474558fea82bc41a0a\"},\"breadcrumb\":{\"@id\":\"http:\/\/tmp.warp-poligon.info\/si\/dan-hrvaske-in-slovenske-drzavnosti-v-hrvaski-prestolnici\/#breadcrumb\"},\"inLanguage\":\"sl-SI\",\"potentialAction\":[{\"@type\":\"ReadAction\",\"target\":[\"http:\/\/tmp.warp-poligon.info\/si\/dan-hrvaske-in-slovenske-drzavnosti-v-hrvaski-prestolnici\/\"]}]},{\"@type\":\"BreadcrumbList\",\"@id\":\"http:\/\/tmp.warp-poligon.info\/si\/dan-hrvaske-in-slovenske-drzavnosti-v-hrvaski-prestolnici\/#breadcrumb\",\"itemListElement\":[{\"@type\":\"ListItem\",\"position\":1,\"name\":\"Home\",\"item\":\"http:\/\/tmp.warp-poligon.info\/si\/\"},{\"@type\":\"ListItem\",\"position\":2,\"name\":\"Dan hrva\u0161ke in slovenske dr\u017eavnosti v hrva\u0161ki prestolnici\"}]},{\"@type\":\"WebSite\",\"@id\":\"http:\/\/tmp.warp-poligon.info\/si\/#website\",\"url\":\"http:\/\/tmp.warp-poligon.info\/si\/\",\"name\":\"Slovenski dom in Svet slovenske nacionalne manj\u0161ine Mesta Zagreb\",\"description\":\"\",\"potentialAction\":[{\"@type\":\"SearchAction\",\"target\":{\"@type\":\"EntryPoint\",\"urlTemplate\":\"http:\/\/tmp.warp-poligon.info\/si\/?s={search_term_string}\"},\"query-input\":\"required name=search_term_string\"}],\"inLanguage\":\"sl-SI\"},{\"@type\":\"Person\",\"@id\":\"http:\/\/tmp.warp-poligon.info\/si\/#\/schema\/person\/6676f710a91979474558fea82bc41a0a\",\"name\":\"edin.dji\",\"image\":{\"@type\":\"ImageObject\",\"inLanguage\":\"sl-SI\",\"@id\":\"http:\/\/tmp.warp-poligon.info\/si\/#\/schema\/person\/image\/\",\"url\":\"http:\/\/0.gravatar.com\/avatar\/6136fa88afb87b83090822617871c230?s=96&d=mm&r=g\",\"contentUrl\":\"http:\/\/0.gravatar.com\/avatar\/6136fa88afb87b83090822617871c230?s=96&d=mm&r=g\",\"caption\":\"edin.dji\"},\"url\":\"http:\/\/tmp.warp-poligon.info\/si\/author\/edin-dji\/\"}]}<\/script>\n<!-- \/ Yoast SEO plugin. -->","yoast_head_json":{"title":"Dan hrva\u0161ke in slovenske dr\u017eavnosti v hrva\u0161ki prestolnici | Slovenski dom in Svet slovenske nacionalne manj\u0161ine Mesta Zagreb","robots":{"index":"index","follow":"follow","max-snippet":"max-snippet:-1","max-image-preview":"max-image-preview:large","max-video-preview":"max-video-preview:-1"},"canonical":"http:\/\/tmp.warp-poligon.info\/si\/dan-hrvaske-in-slovenske-drzavnosti-v-hrvaski-prestolnici\/","og_locale":"sl_SI","og_type":"article","og_title":"Dan hrva\u0161ke in slovenske dr\u017eavnosti v hrva\u0161ki prestolnici | Slovenski dom in Svet slovenske nacionalne manj\u0161ine Mesta Zagreb","og_description":"Zagreb &#8211; V po\u010dastitev dneva dr\u017eavnosti Republike Hrva\u0161ke in Republike Slovenije ter vstopa Hrva\u0161ke v Evropsko unijo, je na Cvetnem trgu potekal sve\u010dani koncert, na katerem sta nastopala Ansambel Lado in Ansambel Sa\u0161a Avsenik. Koncert z naslovom Skupaj je lep\u0161e je darilo slovenske skupnosti vsem Zagreb\u010danom, organizirali pa so ga Slovenski dom v Zagrebu, Svet [&hellip;]","og_url":"http:\/\/tmp.warp-poligon.info\/si\/dan-hrvaske-in-slovenske-drzavnosti-v-hrvaski-prestolnici\/","og_site_name":"Slovenski dom in Svet slovenske nacionalne manj\u0161ine Mesta Zagreb","article_published_time":"2013-06-20T06:00:35+00:00","article_modified_time":"2014-04-01T21:08:44+00:00","og_image":[{"width":237,"height":111,"url":"http:\/\/tmp.warp-poligon.info\/si\/wp-content\/uploads\/sites\/2\/2014\/04\/VABILO_web.jpg","type":"image\/jpeg"}],"author":"edin.dji","twitter_misc":{"Written by":"edin.dji","Est. reading time":"1 minuta"},"schema":{"@context":"https:\/\/schema.org","@graph":[{"@type":"WebPage","@id":"http:\/\/tmp.warp-poligon.info\/si\/dan-hrvaske-in-slovenske-drzavnosti-v-hrvaski-prestolnici\/","url":"http:\/\/tmp.warp-poligon.info\/si\/dan-hrvaske-in-slovenske-drzavnosti-v-hrvaski-prestolnici\/","name":"Dan hrva\u0161ke in slovenske dr\u017eavnosti v hrva\u0161ki prestolnici | Slovenski dom in Svet slovenske nacionalne manj\u0161ine Mesta Zagreb","isPartOf":{"@id":"http:\/\/tmp.warp-poligon.info\/si\/#website"},"datePublished":"2013-06-20T06:00:35+00:00","dateModified":"2014-04-01T21:08:44+00:00","author":{"@id":"http:\/\/tmp.warp-poligon.info\/si\/#\/schema\/person\/6676f710a91979474558fea82bc41a0a"},"breadcrumb":{"@id":"http:\/\/tmp.warp-poligon.info\/si\/dan-hrvaske-in-slovenske-drzavnosti-v-hrvaski-prestolnici\/#breadcrumb"},"inLanguage":"sl-SI","potentialAction":[{"@type":"ReadAction","target":["http:\/\/tmp.warp-poligon.info\/si\/dan-hrvaske-in-slovenske-drzavnosti-v-hrvaski-prestolnici\/"]}]},{"@type":"BreadcrumbList","@id":"http:\/\/tmp.warp-poligon.info\/si\/dan-hrvaske-in-slovenske-drzavnosti-v-hrvaski-prestolnici\/#breadcrumb","itemListElement":[{"@type":"ListItem","position":1,"name":"Home","item":"http:\/\/tmp.warp-poligon.info\/si\/"},{"@type":"ListItem","position":2,"name":"Dan hrva\u0161ke in slovenske dr\u017eavnosti v hrva\u0161ki prestolnici"}]},{"@type":"WebSite","@id":"http:\/\/tmp.warp-poligon.info\/si\/#website","url":"http:\/\/tmp.warp-poligon.info\/si\/","name":"Slovenski dom in Svet slovenske nacionalne manj\u0161ine Mesta Zagreb","description":"","potentialAction":[{"@type":"SearchAction","target":{"@type":"EntryPoint","urlTemplate":"http:\/\/tmp.warp-poligon.info\/si\/?s={search_term_string}"},"query-input":"required name=search_term_string"}],"inLanguage":"sl-SI"},{"@type":"Person","@id":"http:\/\/tmp.warp-poligon.info\/si\/#\/schema\/person\/6676f710a91979474558fea82bc41a0a","name":"edin.dji","image":{"@type":"ImageObject","inLanguage":"sl-SI","@id":"http:\/\/tmp.warp-poligon.info\/si\/#\/schema\/person\/image\/","url":"http:\/\/0.gravatar.com\/avatar\/6136fa88afb87b83090822617871c230?s=96&d=mm&r=g","contentUrl":"http:\/\/0.gravatar.com\/avatar\/6136fa88afb87b83090822617871c230?s=96&d=mm&r=g","caption":"edin.dji"},"url":"http:\/\/tmp.warp-poligon.info\/si\/author\/edin-dji\/"}]}},"_links":{"self":[{"href":"http:\/\/tmp.warp-poligon.info\/si\/wp-json\/wp\/v2\/posts\/607"}],"collection":[{"href":"http:\/\/tmp.warp-poligon.info\/si\/wp-json\/wp\/v2\/posts"}],"about":[{"href":"http:\/\/tmp.warp-poligon.info\/si\/wp-json\/wp\/v2\/types\/post"}],"author":[{"embeddable":true,"href":"http:\/\/tmp.warp-poligon.info\/si\/wp-json\/wp\/v2\/users\/1"}],"replies":[{"embeddable":true,"href":"http:\/\/tmp.warp-poligon.info\/si\/wp-json\/wp\/v2\/comments?post=607"}],"version-history":[{"count":3,"href":"http:\/\/tmp.warp-poligon.info\/si\/wp-json\/wp\/v2\/posts\/607\/revisions"}],"predecessor-version":[{"id":614,"href":"http:\/\/tmp.warp-poligon.info\/si\/wp-json\/wp\/v2\/posts\/607\/revisions\/614"}],"wp:featuredmedia":[{"embeddable":true,"href":"http:\/\/tmp.warp-poligon.info\/si\/wp-json\/wp\/v2\/media\/608"}],"wp:attachment":[{"href":"http:\/\/tmp.warp-poligon.info\/si\/wp-json\/wp\/v2\/media?parent=607"}],"wp:term":[{"taxonomy":"category","embeddable":true,"href":"http:\/\/tmp.warp-poligon.info\/si\/wp-json\/wp\/v2\/categories?post=607"},{"taxonomy":"post_tag","embeddable":true,"href":"http:\/\/tmp.warp-poligon.info\/si\/wp-json\/wp\/v2\/tags?post=607"}],"curies":[{"name":"wp","href":"https:\/\/api.w.org\/{rel}","templated":true}]}}