{"id":663,"date":"2014-02-08T08:00:07","date_gmt":"2014-02-08T07:00:07","guid":{"rendered":"http:\/\/tmp.warp-poligon.info\/si\/?p=663"},"modified":"2015-01-27T09:36:31","modified_gmt":"2015-01-27T08:36:31","slug":"presernov-dan","status":"publish","type":"post","link":"http:\/\/tmp.warp-poligon.info\/si\/presernov-dan\/","title":{"rendered":"Raznovrstne prireditve ob dnevih slovenske kulture"},"content":{"rendered":"<p style=\"text-align: justify\">Zagreb &#8211; V po\u010dastitev slovenskega kulturnega praznika je na otvoritvi dnevov slovenske kulture v Slovenskem domu 30. januarja s predstavitvijo svoje najnovej\u0161e knjige Velikani Himalaje gostoval legenda slovenskega alpinizma <strong>Viki Gro\u0161elj<\/strong>.<\/p>\n<p style=\"text-align: justify\">3. februarja je bil literarni ve\u010der, posve\u010den 110. obletnici rojstva Edvarda Kocbeka, na katerem so spregovorile eminentne osebnosti <strong>Predrag Matvejevi\u0107, Zdravko Zima in Branko \u0160\u00f6men<\/strong>. Osrednji kulturni dogodek je bil koncert <strong>Vlada Kreslina<\/strong> \u2013 Pojezije, ki je 6. februarja potekal v Histrionskem domu. Vse prireditve so bile nadvse dobro obiskane. (akm)<\/p>\n<div id=\"attachment_670\" style=\"width: 200px\" class=\"wp-caption aligncenter\"><img decoding=\"async\" aria-describedby=\"caption-attachment-670\" class=\"size-full wp-image-670\" src=\"http:\/\/tmp.warp-poligon.info\/si\/wp-content\/uploads\/sites\/2\/2014\/02\/plakat_Viki_Groselj_w.jpg\" alt=\"Viki Gro\u0161elj v Slovenskem domu. Foto: Antun Bukovec\" width=\"190\" height=\"286\" \/><p id=\"caption-attachment-670\" class=\"wp-caption-text\">Viki Gro\u0161elj v Slovenskem domu. Foto: Antun Bukovec<\/p><\/div>\n<div id=\"attachment_671\" style=\"width: 410px\" class=\"wp-caption aligncenter\"><img decoding=\"async\" aria-describedby=\"caption-attachment-671\" class=\"size-full wp-image-671\" src=\"http:\/\/tmp.warp-poligon.info\/si\/wp-content\/uploads\/sites\/2\/2014\/02\/Viki_Zeljko_D_S_Berljak_w.jpg\" alt=\"Viki Gro\u0161elj, \u017deljko \u017darak, Darko \u0160onc (z desne). Darko Berljak, Dado Mesari\u0107 (sedita, prva vrsta z desne). Foto: Antun Bukovec\" width=\"400\" height=\"266\" srcset=\"http:\/\/tmp.warp-poligon.info\/si\/wp-content\/uploads\/sites\/2\/2014\/02\/Viki_Zeljko_D_S_Berljak_w-300x199.jpg 300w, http:\/\/tmp.warp-poligon.info\/si\/wp-content\/uploads\/sites\/2\/2014\/02\/Viki_Zeljko_D_S_Berljak_w.jpg 400w\" sizes=\"(max-width: 400px) 100vw, 400px\" \/><p id=\"caption-attachment-671\" class=\"wp-caption-text\">Viki Gro\u0161elj, \u017deljko \u017darak, Darko \u0160onc (z desne). Darko Berljak, Dado Mesari\u0107 (sedita, prva vrsta z desne). Foto: Antun Bukovec<\/p><\/div>\n<div id=\"attachment_666\" style=\"width: 410px\" class=\"wp-caption aligncenter\"><img decoding=\"async\" aria-describedby=\"caption-attachment-666\" class=\"size-full wp-image-666\" src=\"http:\/\/tmp.warp-poligon.info\/si\/wp-content\/uploads\/sites\/2\/2014\/02\/Vsi_Kocbek_w.jpg\" alt=\"Literarni ve\u010der o Edvardu Kocbeku: Darko \u0160onc, Predrag Matvejevi\u0107, Zdravko Zima, Branko \u0160\u00f6men, Dora Fi\u0161ter To\u0161. Foto: Antun Bukovec\" width=\"400\" height=\"225\" srcset=\"http:\/\/tmp.warp-poligon.info\/si\/wp-content\/uploads\/sites\/2\/2014\/02\/Vsi_Kocbek_w-300x168.jpg 300w, http:\/\/tmp.warp-poligon.info\/si\/wp-content\/uploads\/sites\/2\/2014\/02\/Vsi_Kocbek_w.jpg 400w\" sizes=\"(max-width: 400px) 100vw, 400px\" \/><p id=\"caption-attachment-666\" class=\"wp-caption-text\">Literarni ve\u010der o Edvardu Kocbeku: Darko \u0160onc, Predrag Matvejevi\u0107, Zdravko Zima, Branko \u0160\u00f6men, Dora Fi\u0161ter To\u0161. Foto: Antun Bukovec<\/p><\/div>\n<div id=\"attachment_667\" style=\"width: 410px\" class=\"wp-caption aligncenter\"><img decoding=\"async\" aria-describedby=\"caption-attachment-667\" class=\"size-full wp-image-667\" src=\"http:\/\/tmp.warp-poligon.info\/si\/wp-content\/uploads\/sites\/2\/2014\/02\/Kocbek_Vojko_Volk_w.jpg\" alt=\"Pozdravne besede slovenskega veleposlanika v Zagrebu Vojka Volka (prvi levo). Foto: Antun Bukovec\" width=\"400\" height=\"266\" srcset=\"http:\/\/tmp.warp-poligon.info\/si\/wp-content\/uploads\/sites\/2\/2014\/02\/Kocbek_Vojko_Volk_w-300x199.jpg 300w, http:\/\/tmp.warp-poligon.info\/si\/wp-content\/uploads\/sites\/2\/2014\/02\/Kocbek_Vojko_Volk_w.jpg 400w\" sizes=\"(max-width: 400px) 100vw, 400px\" \/><p id=\"caption-attachment-667\" class=\"wp-caption-text\">Pozdravne besede slovenskega veleposlanika v Zagrebu Vojka Volka (prvi levo). Foto: Antun Bukovec<\/p><\/div>\n<div id=\"attachment_668\" style=\"width: 410px\" class=\"wp-caption aligncenter\"><img decoding=\"async\" aria-describedby=\"caption-attachment-668\" class=\"size-full wp-image-668\" src=\"http:\/\/tmp.warp-poligon.info\/si\/wp-content\/uploads\/sites\/2\/2014\/02\/Kreslin_Histrioni_w.jpg\" alt=\"Nepozaben koncert Vlada Kreslina v Histrionskem domu. Foto: akm\" width=\"400\" height=\"300\" srcset=\"http:\/\/tmp.warp-poligon.info\/si\/wp-content\/uploads\/sites\/2\/2014\/02\/Kreslin_Histrioni_w-300x225.jpg 300w, http:\/\/tmp.warp-poligon.info\/si\/wp-content\/uploads\/sites\/2\/2014\/02\/Kreslin_Histrioni_w.jpg 400w\" sizes=\"(max-width: 400px) 100vw, 400px\" \/><p id=\"caption-attachment-668\" class=\"wp-caption-text\">Nepozaben koncert Vlada Kreslina v Histrionskem domu. Foto: akm<\/p><\/div>\n<div id=\"attachment_669\" style=\"width: 410px\" class=\"wp-caption aligncenter\"><img decoding=\"async\" aria-describedby=\"caption-attachment-669\" class=\"size-full wp-image-669\" src=\"http:\/\/tmp.warp-poligon.info\/si\/wp-content\/uploads\/sites\/2\/2014\/02\/Kreslin_zapadni_kolodvor_w.jpg\" alt=\"Vlado Kreslin in Zapadni kolodvor. Foto: akm\" width=\"400\" height=\"300\" srcset=\"http:\/\/tmp.warp-poligon.info\/si\/wp-content\/uploads\/sites\/2\/2014\/02\/Kreslin_zapadni_kolodvor_w-300x225.jpg 300w, http:\/\/tmp.warp-poligon.info\/si\/wp-content\/uploads\/sites\/2\/2014\/02\/Kreslin_zapadni_kolodvor_w.jpg 400w\" sizes=\"(max-width: 400px) 100vw, 400px\" \/><p id=\"caption-attachment-669\" class=\"wp-caption-text\">Vlado Kreslin in Zapadni kolodvor. Foto: akm<\/p><\/div>\n<p>&nbsp;<\/p>\n<p>&nbsp;<\/p>\n<p>&nbsp;<\/p>\n<p>&nbsp;<\/p>\n<p>&nbsp;<\/p>\n","protected":false},"excerpt":{"rendered":"<p>Zagreb &#8211; V po\u010dastitev slovenskega kulturnega praznika je na otvoritvi dnevov slovenske kulture v Slovenskem domu 30. januarja s predstavitvijo svoje najnovej\u0161e knjige Velikani Himalaje gostoval legenda slovenskega alpinizma Viki Gro\u0161elj. 3. februarja je bil literarni ve\u010der, posve\u010den 110. obletnici rojstva Edvarda Kocbeka, na katerem so spregovorile eminentne osebnosti Predrag Matvejevi\u0107, Zdravko Zima in Branko [&hellip;]<\/p>\n","protected":false},"author":1,"featured_media":331,"comment_status":"closed","ping_status":"open","sticky":false,"template":"","format":"standard","meta":{"footnotes":""},"categories":[5],"tags":[],"yoast_head":"<!-- This site is optimized with the Yoast SEO plugin v21.9.1 - https:\/\/yoast.com\/wordpress\/plugins\/seo\/ -->\n<title>Raznovrstne prireditve ob dnevih slovenske kulture | Slovenski dom in Svet slovenske nacionalne manj\u0161ine Mesta Zagreb<\/title>\n<meta name=\"robots\" content=\"index, follow, max-snippet:-1, max-image-preview:large, max-video-preview:-1\" \/>\n<link rel=\"canonical\" href=\"http:\/\/tmp.warp-poligon.info\/si\/presernov-dan\/\" \/>\n<meta property=\"og:locale\" content=\"sl_SI\" \/>\n<meta property=\"og:type\" content=\"article\" \/>\n<meta property=\"og:title\" content=\"Raznovrstne prireditve ob dnevih slovenske kulture | Slovenski dom in Svet slovenske nacionalne manj\u0161ine Mesta Zagreb\" \/>\n<meta property=\"og:description\" content=\"Zagreb &#8211; V po\u010dastitev slovenskega kulturnega praznika je na otvoritvi dnevov slovenske kulture v Slovenskem domu 30. januarja s predstavitvijo svoje najnovej\u0161e knjige Velikani Himalaje gostoval legenda slovenskega alpinizma Viki Gro\u0161elj. 3. februarja je bil literarni ve\u010der, posve\u010den 110. obletnici rojstva Edvarda Kocbeka, na katerem so spregovorile eminentne osebnosti Predrag Matvejevi\u0107, Zdravko Zima in Branko [&hellip;]\" \/>\n<meta property=\"og:url\" content=\"http:\/\/tmp.warp-poligon.info\/si\/presernov-dan\/\" \/>\n<meta property=\"og:site_name\" content=\"Slovenski dom in Svet slovenske nacionalne manj\u0161ine Mesta Zagreb\" \/>\n<meta property=\"article:published_time\" content=\"2014-02-08T07:00:07+00:00\" \/>\n<meta property=\"article:modified_time\" content=\"2015-01-27T08:36:31+00:00\" \/>\n<meta property=\"og:image\" content=\"http:\/\/tmp.warp-poligon.info\/si\/wp-content\/uploads\/sites\/2\/2011\/02\/dr.France_Preseren.jpg\" \/>\n\t<meta property=\"og:image:width\" content=\"295\" \/>\n\t<meta property=\"og:image:height\" content=\"325\" \/>\n\t<meta property=\"og:image:type\" content=\"image\/jpeg\" \/>\n<meta name=\"author\" content=\"edin.dji\" \/>\n<meta name=\"twitter:label1\" content=\"Written by\" \/>\n\t<meta name=\"twitter:data1\" content=\"edin.dji\" \/>\n\t<meta name=\"twitter:label2\" content=\"Est. reading time\" \/>\n\t<meta name=\"twitter:data2\" content=\"1 minuta\" \/>\n<script type=\"application\/ld+json\" class=\"yoast-schema-graph\">{\"@context\":\"https:\/\/schema.org\",\"@graph\":[{\"@type\":\"WebPage\",\"@id\":\"http:\/\/tmp.warp-poligon.info\/si\/presernov-dan\/\",\"url\":\"http:\/\/tmp.warp-poligon.info\/si\/presernov-dan\/\",\"name\":\"Raznovrstne prireditve ob dnevih slovenske kulture | Slovenski dom in Svet slovenske nacionalne manj\u0161ine Mesta Zagreb\",\"isPartOf\":{\"@id\":\"http:\/\/tmp.warp-poligon.info\/si\/#website\"},\"datePublished\":\"2014-02-08T07:00:07+00:00\",\"dateModified\":\"2015-01-27T08:36:31+00:00\",\"author\":{\"@id\":\"http:\/\/tmp.warp-poligon.info\/si\/#\/schema\/person\/6676f710a91979474558fea82bc41a0a\"},\"breadcrumb\":{\"@id\":\"http:\/\/tmp.warp-poligon.info\/si\/presernov-dan\/#breadcrumb\"},\"inLanguage\":\"sl-SI\",\"potentialAction\":[{\"@type\":\"ReadAction\",\"target\":[\"http:\/\/tmp.warp-poligon.info\/si\/presernov-dan\/\"]}]},{\"@type\":\"BreadcrumbList\",\"@id\":\"http:\/\/tmp.warp-poligon.info\/si\/presernov-dan\/#breadcrumb\",\"itemListElement\":[{\"@type\":\"ListItem\",\"position\":1,\"name\":\"Home\",\"item\":\"http:\/\/tmp.warp-poligon.info\/si\/\"},{\"@type\":\"ListItem\",\"position\":2,\"name\":\"Raznovrstne prireditve ob dnevih slovenske kulture\"}]},{\"@type\":\"WebSite\",\"@id\":\"http:\/\/tmp.warp-poligon.info\/si\/#website\",\"url\":\"http:\/\/tmp.warp-poligon.info\/si\/\",\"name\":\"Slovenski dom in Svet slovenske nacionalne manj\u0161ine Mesta Zagreb\",\"description\":\"\",\"potentialAction\":[{\"@type\":\"SearchAction\",\"target\":{\"@type\":\"EntryPoint\",\"urlTemplate\":\"http:\/\/tmp.warp-poligon.info\/si\/?s={search_term_string}\"},\"query-input\":\"required name=search_term_string\"}],\"inLanguage\":\"sl-SI\"},{\"@type\":\"Person\",\"@id\":\"http:\/\/tmp.warp-poligon.info\/si\/#\/schema\/person\/6676f710a91979474558fea82bc41a0a\",\"name\":\"edin.dji\",\"image\":{\"@type\":\"ImageObject\",\"inLanguage\":\"sl-SI\",\"@id\":\"http:\/\/tmp.warp-poligon.info\/si\/#\/schema\/person\/image\/\",\"url\":\"http:\/\/0.gravatar.com\/avatar\/6136fa88afb87b83090822617871c230?s=96&d=mm&r=g\",\"contentUrl\":\"http:\/\/0.gravatar.com\/avatar\/6136fa88afb87b83090822617871c230?s=96&d=mm&r=g\",\"caption\":\"edin.dji\"},\"url\":\"http:\/\/tmp.warp-poligon.info\/si\/author\/edin-dji\/\"}]}<\/script>\n<!-- \/ Yoast SEO plugin. -->","yoast_head_json":{"title":"Raznovrstne prireditve ob dnevih slovenske kulture | Slovenski dom in Svet slovenske nacionalne manj\u0161ine Mesta Zagreb","robots":{"index":"index","follow":"follow","max-snippet":"max-snippet:-1","max-image-preview":"max-image-preview:large","max-video-preview":"max-video-preview:-1"},"canonical":"http:\/\/tmp.warp-poligon.info\/si\/presernov-dan\/","og_locale":"sl_SI","og_type":"article","og_title":"Raznovrstne prireditve ob dnevih slovenske kulture | Slovenski dom in Svet slovenske nacionalne manj\u0161ine Mesta Zagreb","og_description":"Zagreb &#8211; V po\u010dastitev slovenskega kulturnega praznika je na otvoritvi dnevov slovenske kulture v Slovenskem domu 30. januarja s predstavitvijo svoje najnovej\u0161e knjige Velikani Himalaje gostoval legenda slovenskega alpinizma Viki Gro\u0161elj. 3. februarja je bil literarni ve\u010der, posve\u010den 110. obletnici rojstva Edvarda Kocbeka, na katerem so spregovorile eminentne osebnosti Predrag Matvejevi\u0107, Zdravko Zima in Branko [&hellip;]","og_url":"http:\/\/tmp.warp-poligon.info\/si\/presernov-dan\/","og_site_name":"Slovenski dom in Svet slovenske nacionalne manj\u0161ine Mesta Zagreb","article_published_time":"2014-02-08T07:00:07+00:00","article_modified_time":"2015-01-27T08:36:31+00:00","og_image":[{"width":295,"height":325,"url":"http:\/\/tmp.warp-poligon.info\/si\/wp-content\/uploads\/sites\/2\/2011\/02\/dr.France_Preseren.jpg","type":"image\/jpeg"}],"author":"edin.dji","twitter_misc":{"Written by":"edin.dji","Est. reading time":"1 minuta"},"schema":{"@context":"https:\/\/schema.org","@graph":[{"@type":"WebPage","@id":"http:\/\/tmp.warp-poligon.info\/si\/presernov-dan\/","url":"http:\/\/tmp.warp-poligon.info\/si\/presernov-dan\/","name":"Raznovrstne prireditve ob dnevih slovenske kulture | Slovenski dom in Svet slovenske nacionalne manj\u0161ine Mesta Zagreb","isPartOf":{"@id":"http:\/\/tmp.warp-poligon.info\/si\/#website"},"datePublished":"2014-02-08T07:00:07+00:00","dateModified":"2015-01-27T08:36:31+00:00","author":{"@id":"http:\/\/tmp.warp-poligon.info\/si\/#\/schema\/person\/6676f710a91979474558fea82bc41a0a"},"breadcrumb":{"@id":"http:\/\/tmp.warp-poligon.info\/si\/presernov-dan\/#breadcrumb"},"inLanguage":"sl-SI","potentialAction":[{"@type":"ReadAction","target":["http:\/\/tmp.warp-poligon.info\/si\/presernov-dan\/"]}]},{"@type":"BreadcrumbList","@id":"http:\/\/tmp.warp-poligon.info\/si\/presernov-dan\/#breadcrumb","itemListElement":[{"@type":"ListItem","position":1,"name":"Home","item":"http:\/\/tmp.warp-poligon.info\/si\/"},{"@type":"ListItem","position":2,"name":"Raznovrstne prireditve ob dnevih slovenske kulture"}]},{"@type":"WebSite","@id":"http:\/\/tmp.warp-poligon.info\/si\/#website","url":"http:\/\/tmp.warp-poligon.info\/si\/","name":"Slovenski dom in Svet slovenske nacionalne manj\u0161ine Mesta Zagreb","description":"","potentialAction":[{"@type":"SearchAction","target":{"@type":"EntryPoint","urlTemplate":"http:\/\/tmp.warp-poligon.info\/si\/?s={search_term_string}"},"query-input":"required name=search_term_string"}],"inLanguage":"sl-SI"},{"@type":"Person","@id":"http:\/\/tmp.warp-poligon.info\/si\/#\/schema\/person\/6676f710a91979474558fea82bc41a0a","name":"edin.dji","image":{"@type":"ImageObject","inLanguage":"sl-SI","@id":"http:\/\/tmp.warp-poligon.info\/si\/#\/schema\/person\/image\/","url":"http:\/\/0.gravatar.com\/avatar\/6136fa88afb87b83090822617871c230?s=96&d=mm&r=g","contentUrl":"http:\/\/0.gravatar.com\/avatar\/6136fa88afb87b83090822617871c230?s=96&d=mm&r=g","caption":"edin.dji"},"url":"http:\/\/tmp.warp-poligon.info\/si\/author\/edin-dji\/"}]}},"_links":{"self":[{"href":"http:\/\/tmp.warp-poligon.info\/si\/wp-json\/wp\/v2\/posts\/663"}],"collection":[{"href":"http:\/\/tmp.warp-poligon.info\/si\/wp-json\/wp\/v2\/posts"}],"about":[{"href":"http:\/\/tmp.warp-poligon.info\/si\/wp-json\/wp\/v2\/types\/post"}],"author":[{"embeddable":true,"href":"http:\/\/tmp.warp-poligon.info\/si\/wp-json\/wp\/v2\/users\/1"}],"replies":[{"embeddable":true,"href":"http:\/\/tmp.warp-poligon.info\/si\/wp-json\/wp\/v2\/comments?post=663"}],"version-history":[{"count":5,"href":"http:\/\/tmp.warp-poligon.info\/si\/wp-json\/wp\/v2\/posts\/663\/revisions"}],"predecessor-version":[{"id":954,"href":"http:\/\/tmp.warp-poligon.info\/si\/wp-json\/wp\/v2\/posts\/663\/revisions\/954"}],"wp:featuredmedia":[{"embeddable":true,"href":"http:\/\/tmp.warp-poligon.info\/si\/wp-json\/wp\/v2\/media\/331"}],"wp:attachment":[{"href":"http:\/\/tmp.warp-poligon.info\/si\/wp-json\/wp\/v2\/media?parent=663"}],"wp:term":[{"taxonomy":"category","embeddable":true,"href":"http:\/\/tmp.warp-poligon.info\/si\/wp-json\/wp\/v2\/categories?post=663"},{"taxonomy":"post_tag","embeddable":true,"href":"http:\/\/tmp.warp-poligon.info\/si\/wp-json\/wp\/v2\/tags?post=663"}],"curies":[{"name":"wp","href":"https:\/\/api.w.org\/{rel}","templated":true}]}}